{"id":138614,"date":"2026-01-15T20:10:18","date_gmt":"2026-01-15T20:10:18","guid":{"rendered":"https:\/\/www.europesays.com\/no\/138614\/"},"modified":"2026-01-15T20:10:18","modified_gmt":"2026-01-15T20:10:18","slug":"prinsessen-er-dod","status":"publish","type":"post","link":"https:\/\/www.europesays.com\/no\/138614\/","title":{"rendered":"Prinsessen er d\u00f8d"},"content":{"rendered":"<p class=\"kicker \" style=\"\">Spanske kongefamilien i sorg:\u00a0<\/p>\n<p>    Prinsesse Irene av Hellas ble 83 \u00e5r gammel.\u00a0<\/p>\n<p>\n    G\u00c5TT BORT: Danmarks prinsesse Benedikte, prinsesse Irene og dronning Sofia fotografert i bryllupet til prins Philippos i 2021. N\u00e5 har Irene g\u00e5tt bort. Foto: NTB\n  <\/p>\n<p>Prinsesse Irene av Hellas er d\u00f8d. Hun ble 83 \u00e5r gammel.\u00a0 Det melder <a href=\"https:\/\/www.lecturas.com\/realeza\/muere-irene-de-grecia-a-los-83-anos-dejando-sola-y-desolada-a-su-hermana-la-reina-sofia_168479\" rel=\"nofollow noopener\" target=\"_blank\">Lecturas<\/a>.\u00a0<\/p>\n<p class=\"font-weight-bold m-font-weight-bold\" data-lab-font_weight=\"font-weight-bold\">\u00abDeres Majestet Kongen og Dronningen og Hennes Majestet Dronning Sofia beklager \u00e5 meddele d\u00f8dsfallet til Hennes Kongelige H\u00f8yhet Prinsesse Irene av Hellas klokken 11:40 i dag p\u00e5 Zarzuela-palasset i Madrid\u00bb, st\u00e5r det i en uttalelse fra kongehuset.\u00a0<\/p>\n<p>    <a itemprop=\"url\" href=\"https:\/\/www.seher.no\/kongelig\/forbereder-seg-pa-doden\/84096233\" rel=\"nofollow noopener\" target=\"_blank\"><\/p>\n<p>        <img loading=\"lazy\" decoding=\"async\" src=\"https:\/\/www.europesays.com\/no\/wp-content\/uploads\/2026\/01\/1768507814_81_84096471.webp.webp\" width=\"980\" height=\"441\" title=\"Forbereder seg p\u00e5 d\u00f8den\" alt=\"\" class=\"lazyload\" style=\"--aspect-ratio-image: 2.22; \"\/><\/p>\n<p>        Forbereder seg p\u00e5 d\u00f8den<\/p>\n<p>    <\/a><\/p>\n<p class=\"font-weight-normal m-font-weight-normal\" data-lab-font_weight=\"font-weight-normal\">Nettstedet skriver at prinsessen gikk bort etter lang tids sykdom. Spanias dronning Sofia (87) skal ha v\u00e6rt ved sin yngre s\u00f8sters side helt til siste slutt.\u00a0<\/p>\n<p>        <img loading=\"lazy\" decoding=\"async\" src=\"https:\/\/www.europesays.com\/no\/wp-content\/uploads\/2026\/01\/84103317.webp.webp\" width=\"667\" height=\"641\" title=\"DUKKET OPP: Prinsesse Irene p\u00e5 vei inn til bryllupet til Prince Nikolaos i februar i fjor. Foto: Stefanos Kyriazis\/ZUMA Press Wire\/Shutterstock\/NTB\" alt=\"\" class=\"\" style=\"--aspect-ratio-image: 1.04; \"\/><\/p>\n<p>\n        DUKKET OPP: Prinsesse Irene p\u00e5 vei inn til bryllupet til Prince Nikolaos i februar i fjor. Foto: Stefanos Kyriazis\/ZUMA Press Wire\/Shutterstock\/NTB\n    <\/p>\n<p> Kong\u00a0Felipe(57) og dronning Letizia (53) mottok den tragiske nyheten mens de var p\u00e5 jobb, skriver Lecturas.\u00a0<\/p>\n<p>        HYLLES: Pernilla Wahlgren blir overrasket med en hyllest fra sin avd\u00f8de far under \u00abVilket liv!\u00bb. Video: \u00abVilket liv!\u00bb\/TV4.<\/p>\n<p> For to \u00e5r siden ble det kjent at prinsessen led av kognitiv svikt. I det siste skal<a href=\"https:\/\/www.seher.no\/kongelig\/forbereder-seg-pa-doden\/84096233\" rel=\"nofollow noopener\" target=\"_blank\"> Irenes helse ha forverret seg betydelig<\/a>.\u00a0\u00a0<\/p>\n<p>        <img loading=\"lazy\" decoding=\"async\" src=\"https:\/\/www.europesays.com\/no\/wp-content\/uploads\/2026\/01\/84103295.webp.webp\" width=\"667\" height=\"888\" title=\"I NORGE: Dav\u00e6rende prins Harald og prinsesse Irene i Norge i 1962. Foto: Topfoto\" alt=\"\" class=\"\" style=\"--aspect-ratio-image: 0.75; \"\/><\/p>\n<p>\n        I NORGE: Dav\u00e6rende prins Harald og prinsesse Irene i Norge i 1962. Foto: Topfoto\n    <\/p>\n<p>If\u00f8lge flere spanske medier skal kongens mor ha avlyst flere offisielle forpliktelser for \u00e5 kunne v\u00e6re kontinuerlig ved s\u00f8sterens side.\u00a0<\/p>\n<p>&#8211; Hun har gradvis forsvunnet, sa nylig personer i hennes n\u00e6rmeste krets til\u00a0spanske\u00a0<a href=\"https:\/\/www.hola.com\/realeza\/casa_espanola\/20260113877622\/princesa-irene-de-grecia-enfermedad\/\" rel=\"nofollow noopener\" target=\"_blank\">Hola<\/a>.<\/p>\n<p>Tidligere denne uken fortalte kongehusekspert i Se og H\u00f8r, Caroline Vagle, at det er sv\u00e6rt sjelden at dronning Sofia avlyser offisielle oppdrag.\u00a0<\/p>\n<p class=\"font-weight-bold m-font-weight-bold\" data-lab-font_weight=\"font-weight-bold\">&#8211; Det\u00a0tyder p\u00e5 at tilstanden er sv\u00e6rt alvorlig for lilles\u00f8steren.\u00a0Det kan nesten virke som om Spanias kongefamilie m\u00e5 forberede seg p\u00e5 det verste. Det m\u00e5 v\u00e6re t\u00f8ft for Sofia, som st\u00e5r sin s\u00f8ster n\u00e6r, sa Vagle.\u00a0<\/p>\n<p> Irene ble f\u00f8dt 11. mai 1942 i Cape Town\u00a0i S\u00f8r-Afrika. N\u00e5 har hun g\u00e5tt bort, 83 \u00e5r gammel.<\/p>\n","protected":false},"excerpt":{"rendered":"Spanske kongefamilien i sorg:\u00a0 Prinsesse Irene av Hellas ble 83 \u00e5r gammel.\u00a0 G\u00c5TT BORT: Danmarks prinsesse Benedikte, prinsesse&hellip;\n","protected":false},"author":2,"featured_media":138615,"comment_status":"","ping_status":"","sticky":false,"template":"","format":"standard","meta":{"footnotes":""},"categories":[5],"tags":[20,21,24,25,15,19,479,22,23,17,18,13,30,28,29,14,16,26,27],"class_list":{"0":"post-138614","1":"post","2":"type-post","3":"status-publish","4":"format-standard","5":"has-post-thumbnail","7":"category-overskrifter","8":"tag-breaking-news","9":"tag-breakingnews","10":"tag-featured-news","11":"tag-featurednews","12":"tag-headlines","13":"tag-hovedoppslag","14":"tag-kjendis","15":"tag-latest-news","16":"tag-latestnews","17":"tag-main-news","18":"tag-mainnews","19":"tag-news","20":"tag-no","21":"tag-norge","22":"tag-norway","23":"tag-nyheter","24":"tag-overskrifter","25":"tag-top-stories","26":"tag-topstories"},"share_on_mastodon":{"url":"https:\/\/pubeurope.com\/@no\/115900935388568522","error":""},"_links":{"self":[{"href":"https:\/\/www.europesays.com\/no\/wp-json\/wp\/v2\/posts\/138614","targetHints":{"allow":["GET"]}}],"collection":[{"href":"https:\/\/www.europesays.com\/no\/wp-json\/wp\/v2\/posts"}],"about":[{"href":"https:\/\/www.europesays.com\/no\/wp-json\/wp\/v2\/types\/post"}],"author":[{"embeddable":true,"href":"https:\/\/www.europesays.com\/no\/wp-json\/wp\/v2\/users\/2"}],"replies":[{"embeddable":true,"href":"https:\/\/www.europesays.com\/no\/wp-json\/wp\/v2\/comments?post=138614"}],"version-history":[{"count":0,"href":"https:\/\/www.europesays.com\/no\/wp-json\/wp\/v2\/posts\/138614\/revisions"}],"wp:featuredmedia":[{"embeddable":true,"href":"https:\/\/www.europesays.com\/no\/wp-json\/wp\/v2\/media\/138615"}],"wp:attachment":[{"href":"https:\/\/www.europesays.com\/no\/wp-json\/wp\/v2\/media?parent=138614"}],"wp:term":[{"taxonomy":"category","embeddable":true,"href":"https:\/\/www.europesays.com\/no\/wp-json\/wp\/v2\/categories?post=138614"},{"taxonomy":"post_tag","embeddable":true,"href":"https:\/\/www.europesays.com\/no\/wp-json\/wp\/v2\/tags?post=138614"}],"curies":[{"name":"wp","href":"https:\/\/api.w.org\/{rel}","templated":true}]}}