{"id":138616,"date":"2026-01-15T20:11:10","date_gmt":"2026-01-15T20:11:10","guid":{"rendered":"https:\/\/www.europesays.com\/no\/138616\/"},"modified":"2026-01-15T20:11:10","modified_gmt":"2026-01-15T20:11:10","slug":"vokteren-mona-grudt-matte-forlate-vokteren-etter-bare-tre-dager-hvert-skritt-var-fryktelig-vondt","status":"publish","type":"post","link":"https:\/\/www.europesays.com\/no\/138616\/","title":{"rendered":"Vokteren, Mona Grudt | M\u00e5tte forlate \u00abVokteren\u00bb etter bare tre dager: \u2013 Hvert skritt var fryktelig vondt"},"content":{"rendered":"\n<p><b>Obs, spoiler! Denne saken inneholder detaljer fra torsdagens episode av \u00abVokteren\u00bb.<\/b><\/p>\n<p>Vi er inne i uke tre av TV 2-programmet \u00abVokteren\u00bb, og deltakerne har brydd p\u00e5 flere<a rel=\"Follow nofollow noopener\" href=\"https:\/\/www.nettavisen.no\/kjendis\/dramatikk-fra-forste-sekund-mye-mer-ubehagelig-enn-jeg-trodde\/s\/5-95-2800122\" target=\"_blank\"> dramatiske scener fra f\u00f8rste sekund<\/a>, og en aldri s\u00e5 liten <a rel=\"Follow nofollow noopener\" href=\"https:\/\/www.nettavisen.no\/kjendis\/simen-agdestein-svarer-etter-seerstormen-jeg-star-for-det-jeg-sa\/s\/5-95-2821852\" target=\"_blank\">seerstorm<\/a>.<\/p>\n<p>Nok en gang byr \u00abVokteren\u00bb p\u00e5 dramatikk, n\u00e5r oppholdet i vokterens rike blir sv\u00e6rt kortvarig for seremonimester Mona Grudt (54).<\/p>\n<p><b>Les ogs\u00e5: <a rel=\"Follow nofollow noopener\" href=\"https:\/\/www.nettavisen.no\/kjendis\/kraftige-reaksjoner-pa-simen-agdestein-i-vokteren-mannen-er-jo-ikke-frisk\/s\/5-95-2812757\" target=\"_blank\">Skaper kraftige reaksjoner: \u2013 Mannen er jo ikke frisk<\/a><\/b><\/p>\n<p>I ukens episode m\u00e5 Grudt takke for turen, etter kun tre dager. N\u00e5 forklarer hun hvorfor overfor Nettavisen.<\/p>\n<p>    Vil du se neste video?<\/p>\n<p>    <a href=\"https:\/\/www.nettavisen.no\/nyheter\/pete-hegseth-avbryter-plutselig-marco-rubio-klikker-pa-direkten\/v\/5-95-2813524\" class=\"recommend-poster\" data-adp-clicklabel=\"video-recommend\" data-adp-clickvalue=\"poster\" rel=\"nofollow noopener\" target=\"_blank\"><br \/>\n      <img decoding=\"async\" width=\"200\" height=\"200\" loading=\"lazy\" src=\"https:\/\/www.europesays.com\/no\/wp-content\/uploads\/2026\/01\/Hegseth+til+cue.jpg\" alt=\"\" class=\"brick-c-cFOWSL\" style=\"--brick-image-ratio: 200 \/ 200;\"\/><\/p>\n<p>Avbryter plutselig: Klikker p\u00e5 direkten1:05<\/p>\n<p>    <\/a><\/p>\n<p>        Det ble misn\u00f8ye og latterkrampe da Simen Agdestein fikk ansvaret om \u00e5 &laquo;hogge ned&raquo; V\u00e5r Staude i episode to av Vokteren. Foto med tillatelse fra TV 2.<br \/>\n        \u2013 Utrolig kjipt<\/p>\n<p>\u2013 Det er jo egentlig etter at legen sier at jeg ikke b\u00f8r fortsette. Jeg skj\u00f8nner jo selv at det ikke blir mulig \u00e5 gjennomf\u00f8re, sier Grudt til Nettavisen.<\/p>\n<p>If\u00f8lge Grudt var det en skade i kneet som satte en stopper for videre deltakelse. Smertene skal ha kommet overraskende p\u00e5 Grudt, som ikke har slitt med kn\u00e6rne tidligere.<\/p>\n<p>   <img decoding=\"async\" width=\"5464\" height=\"8192\" fetchpriority=\"low\"  loading=\"lazy\"  src=\"https:\/\/www.europesays.com\/no\/wp-content\/uploads\/2026\/01\/Haakon+Lundkvist_Vokteren+S02D01_+-105+of+107-_HLP_0029.jpg\" alt=\"\" class=\"brick-c-cFOWSL\" style=\"--brick-image-ratio: 5464 \/ 8192;\"\/><\/p>\n<p>      UTROLIG KJIPT: At hun gikk ut av \u00abVokteren\u00bb som nummer tre, beskriver Mona Grudt som utrolig kjipt.<br \/>\n      Foto: Haakon Lundkvist (TV 2)\n    <\/p>\n<p>\u2013 Det var utrolig kjipt, og jeg syntes det var veldig surt. At et lite kne skulle v\u00e6re det som gjorde at jeg ikke kunne fortsette. Det var litt s\u00e5nn uventet faktor, for jeg har ikke hatt noe plager med kn\u00e6r.<\/p>\n<p>Da smertene f\u00f8rst meldte seg, ble det raskt verre.<\/p>\n<p>\u2013 Det var nok for ugunstig i forhold til kroppsdeler som ikke var vant til det der, sier Grudt, og referer til tunge sekker og lange dager oppover fjellet.<\/p>\n<p><b>Les ogs\u00e5: <a rel=\"Follow nofollow noopener\" href=\"https:\/\/www.nettavisen.no\/kjendis\/simen-agdestein-svarer-etter-seerstormen-jeg-star-for-det-jeg-sa\/s\/5-95-2821852\" target=\"_blank\">Agdestein svarer etter seerstormen: \u2013 Jeg st\u00e5r for det jeg sa<\/a><\/b><\/p>\n<p>F\u00f8r hun m\u00e5tte trekke seg, fors\u00f8kte hun \u00e5 holde det g\u00e5ende med smertestillende.<\/p>\n<p>    \u2013 Hvert skritt var fryktelig vondt<\/p>\n<p>Til slutt ble det klart at hun ikke kunne fortsette.<\/p>\n<p>\u2013 Det var jo selvf\u00f8lgelig \u00e5 p\u00f8se p\u00e5 med smertestillende og det man kunne f\u00e5, men det var ikke noe hensiktsmessig det heller. N\u00e5r legen ga beskjed om at jeg var kommet til veis ende, s\u00e5 var det ikke mer \u00e5 tenke p\u00e5.<\/p>\n<p>   <img decoding=\"async\" width=\"6613\" height=\"4411\" fetchpriority=\"low\"  loading=\"lazy\"  src=\"https:\/\/www.europesays.com\/no\/wp-content\/uploads\/2026\/01\/Haakon+Lundkvist_Vokteren+S02D03_+-82+of+141-_HLP_1788.jpg\" alt=\"\" class=\"brick-c-cFOWSL\" style=\"--brick-image-ratio: 6613 \/ 4411;\"\/><\/p>\n<p>      VONDTER: Mona Grudt m\u00e5tte trekke seg fra \u00abVokteren\u00bb etter smerter i kneet.<br \/>\n      Foto: Haakon Lundkvist (TV 2)\n    <\/p>\n<p>Grudt beskriver det ogs\u00e5 som en mental belastning \u00e5 skulle g\u00e5 med smerter rundt i vokterens rike.<\/p>\n<p>\u2013 Du blir en belastning og et forsinkende ledd i gruppa. Kanskje en irritasjon. Det synes jeg ikke er noe \u00e5lreit heller. Jeg er vant til \u00e5 v\u00e6re selvstendig og greie det meste selv. Og hvert eneste skritt var bare fryktelig vondt.<\/p>\n<p><b>Les ogs\u00e5: <a rel=\"Follow nofollow noopener\" href=\"https:\/\/www.nettavisen.no\/kjendis\/snorre-klanderud-avslorer-privat-drama-for-vokteren-pappa-ble-nesten-drept\/s\/5-95-2809274\" target=\"_blank\">Avsl\u00f8rer ukjent drama: Holdt det skjult for produksjonen<\/a><\/b><\/p>\n<p>Heldigvis gikk smerten relativt raskt over etter at Grudt forlot vokterens rike.<\/p>\n<p>\u2013 Det var en uke hvor jeg m\u00e5tte ta det rolig, og s\u00e5 begynte det \u00e5 gi seg. Det tok ikke s\u00e5 veldig lang tid.<\/p>\n<p>Selv om deltakelsen ble kort, angrer hun ikke p\u00e5 at hun sa ja til \u00abVokteren\u00bb.<\/p>\n<p>\u2013 Jeg syns jo at \u00abVokteren\u00bb-konseptet er veldig kult. Av alle disse TV-konseptene som er p\u00e5 skjermen n\u00e5, s\u00e5 er jeg veldig glad for at det var \u00abVokteren\u00bb. Jeg angrer ikke et sekund p\u00e5 at jeg takket ja til det.<\/p>\n<p>TV 2: \u2013 Helse og sikkerhet kommer f\u00f8rst<\/p>\n<p>Nettavisen har v\u00e6rt i kontakt med kommunikasjonsansvarlig for \u00abVokteren\u00bb, Siril Vatne Meling, som forklarer at Grudt ble fulgt opp tett av lege.<\/p>\n<p>\u2013 Det stemmer at Mona dessverre fikk en betennelse i kneet tidlig under innspillingen, og hun ble derfor fulgt tett opp av produksjonens lege. Legen ga b\u00e5de betennelsesdempende og smertestillende. Da kneet ikke ble bedre var legen tydelig p\u00e5 at det eneste som ville hjelpe var ro og avlastning, noe som naturlig nok ikke er forenelig med deltakelse i \u00abVokteren\u00bb. Helse og sikkerhet kommer alltid f\u00f8rst i v\u00e5re produksjoner.<\/p>\n","protected":false},"excerpt":{"rendered":"Obs, spoiler! Denne saken inneholder detaljer fra torsdagens episode av \u00abVokteren\u00bb. Vi er inne i uke tre av&hellip;\n","protected":false},"author":2,"featured_media":138617,"comment_status":"","ping_status":"","sticky":false,"template":"","format":"standard","meta":{"footnotes":""},"categories":[59],"tags":[30,28,29,83,82],"class_list":{"0":"post-138616","1":"post","2":"type-post","3":"status-publish","4":"format-standard","5":"has-post-thumbnail","7":"category-sport","8":"tag-no","9":"tag-norge","10":"tag-norway","11":"tag-sport","12":"tag-sports"},"share_on_mastodon":{"url":"https:\/\/pubeurope.com\/@no\/115900939193542710","error":""},"_links":{"self":[{"href":"https:\/\/www.europesays.com\/no\/wp-json\/wp\/v2\/posts\/138616","targetHints":{"allow":["GET"]}}],"collection":[{"href":"https:\/\/www.europesays.com\/no\/wp-json\/wp\/v2\/posts"}],"about":[{"href":"https:\/\/www.europesays.com\/no\/wp-json\/wp\/v2\/types\/post"}],"author":[{"embeddable":true,"href":"https:\/\/www.europesays.com\/no\/wp-json\/wp\/v2\/users\/2"}],"replies":[{"embeddable":true,"href":"https:\/\/www.europesays.com\/no\/wp-json\/wp\/v2\/comments?post=138616"}],"version-history":[{"count":0,"href":"https:\/\/www.europesays.com\/no\/wp-json\/wp\/v2\/posts\/138616\/revisions"}],"wp:featuredmedia":[{"embeddable":true,"href":"https:\/\/www.europesays.com\/no\/wp-json\/wp\/v2\/media\/138617"}],"wp:attachment":[{"href":"https:\/\/www.europesays.com\/no\/wp-json\/wp\/v2\/media?parent=138616"}],"wp:term":[{"taxonomy":"category","embeddable":true,"href":"https:\/\/www.europesays.com\/no\/wp-json\/wp\/v2\/categories?post=138616"},{"taxonomy":"post_tag","embeddable":true,"href":"https:\/\/www.europesays.com\/no\/wp-json\/wp\/v2\/tags?post=138616"}],"curies":[{"name":"wp","href":"https:\/\/api.w.org\/{rel}","templated":true}]}}