{"id":138620,"date":"2026-01-15T20:18:26","date_gmt":"2026-01-15T20:18:26","guid":{"rendered":"https:\/\/www.europesays.com\/no\/138620\/"},"modified":"2026-01-15T20:18:26","modified_gmt":"2026-01-15T20:18:26","slug":"dodsfall-etter-ulykken-pa-osloveien-dette-sier-politiet-vestby-avis","status":"publish","type":"post","link":"https:\/\/www.europesays.com\/no\/138620\/","title":{"rendered":"D\u00f8dsfall etter ulykken p\u00e5 Osloveien: Dette sier politiet &#8211; Vestby Avis"},"content":{"rendered":"<ol>\n<li><a href=\"https:\/\/news.google.com\/rss\/articles\/CBMinAFBVV95cUxPeEtwYVhXanA0VUQ3dnFKd3p5Vkw5azZ4d1lTYVZxSEl5dUctVFJhTVhvbmpmWVVrR2YwV2VqZ3NmbHdSblFUX0FHX0xSWF9hZWZQNURNZHR4bS1LSVAyQlAyWFpMbnJkSmJ4M0x5OXhVNXoweFp0ZjFjZl9GTzVYak14NVBPVll3YUhaNnJDZ0ZIVkZyRkVDSmlvTmg?oc=5\" target=\"_blank\" rel=\"nofollow noopener\">D\u00f8dsfall etter ulykken p\u00e5 Osloveien: Dette sier politiet<\/a>&nbsp;&nbsp;Vestby Avis<\/li>\n<li><a href=\"https:\/\/news.google.com\/rss\/articles\/CBMifEFVX3lxTE9sWmZJV3ZzOXJUcjdjRDVkell4N0NBLTJVWHpjd1lUQTFWOWxaNnJYOGNPb1JsZkNocngwaG5wbGJpV0Z3VklYM2ZpcmlKb3l0VFZta2hneFdhbndyX0kwcWFCZG5wNkVralZacUpfeVZhSkc0eGk2TVZ4MU0?oc=5\" target=\"_blank\" rel=\"nofollow noopener\">siste: Frontulykke i Vestby &#8211; 25-\u00e5ring omkom<\/a>&nbsp;&nbsp;VG<\/li>\n<li><a href=\"https:\/\/news.google.com\/rss\/articles\/CBMickFVX3lxTFA0eEhZbmVPSUNld2dNUDkwZmZsMHhNVGVtaHp3Vkk3OWFtdUFWYW8xRUp4NU5SN21GNUU2M01iMW9ETWU0ZlhOcm5OcXQ2dnAtTHFRRFdocFV6YnRZVVBVamN1cDRyd1dWREpiNWRPLVFCUQ?oc=5\" target=\"_blank\" rel=\"nofollow noopener\">Ulykker og hendelser, Trafikk | Mann omkom i trafikkulykke<\/a>&nbsp;&nbsp;Moss Avis<\/li>\n<li><a href=\"https:\/\/news.google.com\/rss\/articles\/CBMiSEFVX3lxTE1pdFp0S1lLV0lvWi1xM01IMlBOSF9GWU1CMHhObUNWZXIydE1Nc21iQk9TNEZNM1pOWTVZTWxFcFVyVG43QThnZg?oc=5\" target=\"_blank\" rel=\"nofollow noopener\">Nyheter, H\u00f8len | Alvorlig trafikkulykke langs Osloveien<\/a>&nbsp;&nbsp;\u00d8stlandets Blad<\/li>\n<li><a href=\"https:\/\/news.google.com\/rss\/articles\/CBMifkFVX3lxTFBidDRaUTVRNnFrcWlZcjJVa2FxRVkycG1XSmdWSVBBQXRRRWRCOTVneHY3c2lLSTRLbnZjbnZTRXVCWkZUR0JybGttUUhHbE5vMTMzOUNlMUxBSGdoY2syU3hMNXU3OEpyWk9RWXJhVWQyYkowb05DTmMySmkwUQ?oc=5\" target=\"_blank\" rel=\"nofollow noopener\">Nyheter, Trafikk | \u2013 Det er fryktelig, fryktelig trist<\/a>&nbsp;&nbsp;Vestby Avis<\/li>\n<\/ol>\n","protected":false},"excerpt":{"rendered":"D\u00f8dsfall etter ulykken p\u00e5 Osloveien: Dette sier politiet&nbsp;&nbsp;Vestby Avis siste: Frontulykke i Vestby &#8211; 25-\u00e5ring omkom&nbsp;&nbsp;VG Ulykker og&hellip;\n","protected":false},"author":2,"featured_media":138621,"comment_status":"","ping_status":"","sticky":false,"template":"","format":"standard","meta":{"footnotes":""},"categories":[10],"tags":[20,21,24,25,15,22,23,13,30,28,29,14,16,26,27],"class_list":{"0":"post-138620","1":"post","2":"type-post","3":"status-publish","4":"format-standard","5":"has-post-thumbnail","7":"category-norge","8":"tag-breaking-news","9":"tag-breakingnews","10":"tag-featured-news","11":"tag-featurednews","12":"tag-headlines","13":"tag-latest-news","14":"tag-latestnews","15":"tag-news","16":"tag-no","17":"tag-norge","18":"tag-norway","19":"tag-nyheter","20":"tag-overskrifter","21":"tag-top-stories","22":"tag-topstories"},"share_on_mastodon":{"url":"https:\/\/pubeurope.com\/@no\/115900966762516744","error":""},"_links":{"self":[{"href":"https:\/\/www.europesays.com\/no\/wp-json\/wp\/v2\/posts\/138620","targetHints":{"allow":["GET"]}}],"collection":[{"href":"https:\/\/www.europesays.com\/no\/wp-json\/wp\/v2\/posts"}],"about":[{"href":"https:\/\/www.europesays.com\/no\/wp-json\/wp\/v2\/types\/post"}],"author":[{"embeddable":true,"href":"https:\/\/www.europesays.com\/no\/wp-json\/wp\/v2\/users\/2"}],"replies":[{"embeddable":true,"href":"https:\/\/www.europesays.com\/no\/wp-json\/wp\/v2\/comments?post=138620"}],"version-history":[{"count":0,"href":"https:\/\/www.europesays.com\/no\/wp-json\/wp\/v2\/posts\/138620\/revisions"}],"wp:featuredmedia":[{"embeddable":true,"href":"https:\/\/www.europesays.com\/no\/wp-json\/wp\/v2\/media\/138621"}],"wp:attachment":[{"href":"https:\/\/www.europesays.com\/no\/wp-json\/wp\/v2\/media?parent=138620"}],"wp:term":[{"taxonomy":"category","embeddable":true,"href":"https:\/\/www.europesays.com\/no\/wp-json\/wp\/v2\/categories?post=138620"},{"taxonomy":"post_tag","embeddable":true,"href":"https:\/\/www.europesays.com\/no\/wp-json\/wp\/v2\/tags?post=138620"}],"curies":[{"name":"wp","href":"https:\/\/api.w.org\/{rel}","templated":true}]}}