{"id":138624,"date":"2026-01-15T20:20:14","date_gmt":"2026-01-15T20:20:14","guid":{"rendered":"https:\/\/www.europesays.com\/no\/138624\/"},"modified":"2026-01-15T20:20:14","modified_gmt":"2026-01-15T20:20:14","slug":"uonsket-situasjon-feig","status":"publish","type":"post","link":"https:\/\/www.europesays.com\/no\/138624\/","title":{"rendered":"U\u00f8nsket situasjon: &#8211; Feig"},"content":{"rendered":"<p class=\"kicker bg-gold color_mobile_bg-gold align-center mobile_text_align_align-center hasTextPadding mobile-hasTextPadding\" style=\"\">H\u00e5ndball-EM<\/p>\n<p>    Mens h\u00e5ndballpresidenten tok imot kong Harald i EM-arenaen, kom kritikken p\u00e5 direkte-TV.<\/p>\n<p>\n    KRITISERES: H\u00e5ndballpresident Randi Gustad i midten. Flankert av h\u00e5ndballforbundets generalsekret\u00e6r Erik Langerud til venstre, og kong Harald til h\u00f8yre. Foto: Bj\u00f8rn Langsem \/ Dagbladet\n  <\/p>\n<p class=\"bg-red color_mobile_bg-red font-weight-bold m-font-weight-bold align-center mobile_text_align_align-center\" data-lab-text_background_color=\"bg-red\" data-lab-font_weight=\"font-weight-bold\" data-lab-text_align=\"center\">Norge &#8211; Ukraina (p\u00e5g\u00e5r)<\/p>\n<p>    Kort fortalt<\/p>\n<ul lang=\"nb-NO\">\n<li>Norges H\u00e5ndballforbund vil vente til etter EM med \u00e5 bestemme trener Jonas Willes framtid.<\/li>\n<li>Wille \u00f8nsker \u00e5 fortsette, men respekterer beslutningen om \u00e5 vente med kontraktforlengelse.<\/li>\n<li>Viaplay-ekspert Ole Erevik mener forbundet burde tatt en beslutning f\u00f8r mesterskapet for \u00e5 unng\u00e5 uro.<\/li>\n<li>H\u00e5ndballpresident Randi Gustad sier de vil gjennomf\u00f8re en evalueringsprosess med det nye styret.<\/li>\n<\/ul>\n<p class=\"italic ai-disclaimer\" data-lab-italic=\"italic\">Sammendraget er laget av ChatGPT og godkjent av Dagbladet.<\/p>\n<p>      Vis mer<br \/>\n      Vis mindre<\/p>\n<p>SJ\u00d8LYST\/UNITY ARENA (Dagbladet): Norges H\u00e5ndballforbund har varslet at de vil vente til etter EM med \u00e5 ta en beslutning om landslagssjef Jonas Willes framtid. Kontrakten g\u00e5r ut til sommeren. Til Dagbladet er Wille klar p\u00e5 at han \u00f8nsker \u00e5 fortsette i jobben.<\/p>\n<p class=\"italic m-italic\" data-lab-italic=\"italic\">&#8211;\u00a0 Skulle du \u00f8nske det var avklart? sp\u00f8r Dagbladet.<\/p>\n<p>&#8211; Ja, det kunne jeg helst \u00f8nske. Men jeg har full respekt for at det ikke er avklart, det er s\u00e5nn det er. Men siden jeg vil ha jobben, hadde det ikke gjort noe \u00e5 ha skrevet en kontrakt. Men det er helt fint \u00e5 vente til etter mesterskapet, innr\u00f8mmet Wille til Dagbladet dagen f\u00f8r EM-\u00e5pningen mot Ukraina.<\/p>\n<p>        <img loading=\"lazy\" decoding=\"async\" src=\"https:\/\/www.europesays.com\/no\/wp-content\/uploads\/2026\/01\/84104818.webp.webp\" width=\"686\" height=\"460\" title=\"KAMPKLAR: Landslagssjef Jonas Wille og Vetle R\u00f8nningen f\u00f8r m\u00f8tet med Romania torsdag kveld. Foto: Stian Lysberg Solum \/ NTB\" alt=\"\" class=\"\" style=\"--aspect-ratio-image: 1.49; \"\/><\/p>\n<p>\n        KAMPKLAR: Landslagssjef Jonas Wille og Vetle R\u00f8nningen f\u00f8r m\u00f8tet med Romania torsdag kveld. Foto: Stian Lysberg Solum \/ NTB\n    <\/p>\n<p>Dette ble ogs\u00e5 et tema p\u00e5 Viaplays sending f\u00f8r kamp.<\/p>\n<p>&#8211; Jeg synes det er en beslutning som framst\u00e5r feig fra Norges H\u00e5ndballforbunds side. Uansett hva de hadde falt ned p\u00e5 burde den beslutningen v\u00e6rt tatt f\u00f8r mesterskapet. Det blir uro for Jonas Wille og et forstyrrende element gjennom mesterskapet. Det vil bli tatt opp gjentatte ganger gjennom mesterskapet, sier Viaplay-ekspert Ole Erevik p\u00e5 direkten.<\/p>\n<p>&#8211; Det er en potensiell energilekkasje, f\u00f8lger Stine Oftedal Dahmke opp. <\/p>\n<p>I et intervju med Viaplay svarer h\u00e5ndballpresident Randi Gustad f\u00f8lgende:<\/p>\n<p> &#8211; Som styreleder vil jeg alltid gi sittende trener full tillitt. Vi er et nytt styre, s\u00e5 vi vil g\u00e5 gjennom en evaluerinsprosess, sier h\u00e5ndballpresident Randi Gustad til Viaplay. <\/p>\n<p>        <img loading=\"lazy\" decoding=\"async\" src=\"https:\/\/www.europesays.com\/no\/wp-content\/uploads\/2026\/01\/84104824.webp.webp\" width=\"980\" height=\"559\" title=\"DISKUSJON: Randi Gustad sammen med Viaplay-ekspertene Stine Oftedal Dahmke og Ole Erevik under kvinnenes VM i desember for en dr\u00f8y m\u00e5ned siden. Foto: Beate Oma Dahle \/ NTB\" alt=\"\" class=\"\" style=\"--aspect-ratio-image: 1.75; \"\/><\/p>\n<p>\n        DISKUSJON: Randi Gustad sammen med Viaplay-ekspertene Stine Oftedal Dahmke og Ole Erevik under kvinnenes VM i desember for en dr\u00f8y m\u00e5ned siden. Foto: Beate Oma Dahle \/ NTB\n    <\/p>\n<p>Dette er Willes femte mesterskap som landslagssjef. Haldenseren har enn\u00e5 ikke lyktes med \u00e5 ta Norge til en semifinale. Til tross for dette har han f\u00e5tt full st\u00f8tte i spillergruppa. Dette gjentok ogs\u00e5 kaptein Vetle Eck Aga til Dagbladet onsdag.<\/p>\n<p>Landslagssjefen hevder selv han lever greit med situasjonen:<\/p>\n<p>&#8211; Jeg har g\u00e5tt p\u00e5 kontrakter siden jeg var 26 \u00e5r, det er en del av gamet.\u00a0 Det p\u00e5virker meg ikke noe s\u00e6rlig i hverdagen, men selvf\u00f8lgelig har man lyst til \u00e5 gj\u00f8re et godt mesterskap og f\u00e5 muligheten til \u00e5 jobbe videre.<\/p>\n","protected":false},"excerpt":{"rendered":"H\u00e5ndball-EM Mens h\u00e5ndballpresidenten tok imot kong Harald i EM-arenaen, kom kritikken p\u00e5 direkte-TV. KRITISERES: H\u00e5ndballpresident Randi Gustad i&hellip;\n","protected":false},"author":2,"featured_media":138625,"comment_status":"","ping_status":"","sticky":false,"template":"","format":"standard","meta":{"footnotes":""},"categories":[59],"tags":[105,13991,30,28,29,83,82],"class_list":{"0":"post-138624","1":"post","2":"type-post","3":"status-publish","4":"format-standard","5":"has-post-thumbnail","7":"category-sport","8":"tag-handball","9":"tag-handball-em","10":"tag-no","11":"tag-norge","12":"tag-norway","13":"tag-sport","14":"tag-sports"},"share_on_mastodon":{"url":"https:\/\/pubeurope.com\/@no\/115900974574397948","error":""},"_links":{"self":[{"href":"https:\/\/www.europesays.com\/no\/wp-json\/wp\/v2\/posts\/138624","targetHints":{"allow":["GET"]}}],"collection":[{"href":"https:\/\/www.europesays.com\/no\/wp-json\/wp\/v2\/posts"}],"about":[{"href":"https:\/\/www.europesays.com\/no\/wp-json\/wp\/v2\/types\/post"}],"author":[{"embeddable":true,"href":"https:\/\/www.europesays.com\/no\/wp-json\/wp\/v2\/users\/2"}],"replies":[{"embeddable":true,"href":"https:\/\/www.europesays.com\/no\/wp-json\/wp\/v2\/comments?post=138624"}],"version-history":[{"count":0,"href":"https:\/\/www.europesays.com\/no\/wp-json\/wp\/v2\/posts\/138624\/revisions"}],"wp:featuredmedia":[{"embeddable":true,"href":"https:\/\/www.europesays.com\/no\/wp-json\/wp\/v2\/media\/138625"}],"wp:attachment":[{"href":"https:\/\/www.europesays.com\/no\/wp-json\/wp\/v2\/media?parent=138624"}],"wp:term":[{"taxonomy":"category","embeddable":true,"href":"https:\/\/www.europesays.com\/no\/wp-json\/wp\/v2\/categories?post=138624"},{"taxonomy":"post_tag","embeddable":true,"href":"https:\/\/www.europesays.com\/no\/wp-json\/wp\/v2\/tags?post=138624"}],"curies":[{"name":"wp","href":"https:\/\/api.w.org\/{rel}","templated":true}]}}