{"id":138626,"date":"2026-01-15T20:28:13","date_gmt":"2026-01-15T20:28:13","guid":{"rendered":"https:\/\/www.europesays.com\/no\/138626\/"},"modified":"2026-01-15T20:28:13","modified_gmt":"2026-01-15T20:28:13","slug":"island-gronland-usas-utpekte-islands-ambassador-spokte-om-at-island-kan-bli-amerikansk","status":"publish","type":"post","link":"https:\/\/www.europesays.com\/no\/138626\/","title":{"rendered":"Island, Gr\u00f8nland | USAs utpekte Islands-ambassad\u00f8r sp\u00f8kte om at Island kan bli amerikansk"},"content":{"rendered":"\n<p>Etter alt styret om at president Donald Trump vil at Gr\u00f8nland blir amerikansk, er det kommet fram at p\u00e5tenkt ambassad\u00f8r Billy Long sp\u00f8kte i Kongressen om at Island kan bli USAs 52. delstat og han selv guvern\u00f8r.<\/p>\n<p>If\u00f8lge kringkastingen R\u00fav har Long bedt om unnskyldning for kommentaren.<\/p>\n<p>Men Islands utenriksdepartement har utbedt seg en forklaring, og 3000 islendinger har allerede signert et opprop om at utenriksminister Katrin Gunnarsd\u00f3ttir ikke godkjenner ham.<\/p>\n","protected":false},"excerpt":{"rendered":"Etter alt styret om at president Donald Trump vil at Gr\u00f8nland blir amerikansk, er det kommet fram at&hellip;\n","protected":false},"author":2,"featured_media":138627,"comment_status":"","ping_status":"","sticky":false,"template":"","format":"standard","meta":{"footnotes":""},"categories":[12],"tags":[20,21,24,25,15,22,23,13,30,28,29,14,16,26,27,42,43,44,45],"class_list":{"0":"post-138626","1":"post","2":"type-post","3":"status-publish","4":"format-standard","5":"has-post-thumbnail","7":"category-verden","8":"tag-breaking-news","9":"tag-breakingnews","10":"tag-featured-news","11":"tag-featurednews","12":"tag-headlines","13":"tag-latest-news","14":"tag-latestnews","15":"tag-news","16":"tag-no","17":"tag-norge","18":"tag-norway","19":"tag-nyheter","20":"tag-overskrifter","21":"tag-top-stories","22":"tag-topstories","23":"tag-verden","24":"tag-world","25":"tag-world-news","26":"tag-worldnews"},"share_on_mastodon":{"url":"https:\/\/pubeurope.com\/@no\/115901006057572781","error":""},"_links":{"self":[{"href":"https:\/\/www.europesays.com\/no\/wp-json\/wp\/v2\/posts\/138626","targetHints":{"allow":["GET"]}}],"collection":[{"href":"https:\/\/www.europesays.com\/no\/wp-json\/wp\/v2\/posts"}],"about":[{"href":"https:\/\/www.europesays.com\/no\/wp-json\/wp\/v2\/types\/post"}],"author":[{"embeddable":true,"href":"https:\/\/www.europesays.com\/no\/wp-json\/wp\/v2\/users\/2"}],"replies":[{"embeddable":true,"href":"https:\/\/www.europesays.com\/no\/wp-json\/wp\/v2\/comments?post=138626"}],"version-history":[{"count":0,"href":"https:\/\/www.europesays.com\/no\/wp-json\/wp\/v2\/posts\/138626\/revisions"}],"wp:featuredmedia":[{"embeddable":true,"href":"https:\/\/www.europesays.com\/no\/wp-json\/wp\/v2\/media\/138627"}],"wp:attachment":[{"href":"https:\/\/www.europesays.com\/no\/wp-json\/wp\/v2\/media?parent=138626"}],"wp:term":[{"taxonomy":"category","embeddable":true,"href":"https:\/\/www.europesays.com\/no\/wp-json\/wp\/v2\/categories?post=138626"},{"taxonomy":"post_tag","embeddable":true,"href":"https:\/\/www.europesays.com\/no\/wp-json\/wp\/v2\/tags?post=138626"}],"curies":[{"name":"wp","href":"https:\/\/api.w.org\/{rel}","templated":true}]}}