{"id":138634,"date":"2026-01-15T20:35:40","date_gmt":"2026-01-15T20:35:40","guid":{"rendered":"https:\/\/www.europesays.com\/no\/138634\/"},"modified":"2026-01-15T20:35:40","modified_gmt":"2026-01-15T20:35:40","slug":"komikerens-store-skritt-etter-atte-ar","status":"publish","type":"post","link":"https:\/\/www.europesays.com\/no\/138634\/","title":{"rendered":"Komikerens store skritt etter \u00e5tte \u00e5r"},"content":{"rendered":"<p class=\"kicker \" style=\"\">Snorre Monsson:<\/p>\n<p>    Komikeren har tatt forholdet et steg videre.<\/p>\n<p>\n    FORLOVET: Snorre Monsson har etter \u00e5tte \u00e5r g\u00e5tt ned p\u00e5 kne foran kj\u00e6resten. Foto: NTB\n  <\/p>\n<p>Komiker og podkastvert Snorre Monsson (25) har forlovet seg med samboeren etter \u00e5 ha v\u00e6rt sammen i mer enn \u00e5tte \u00e5r.<\/p>\n<p class=\"font-weight-bold m-font-weight-bold\" data-lab-font_weight=\"font-weight-bold\">&#8211; Det er veldig fint. Jeg er en lykkelig mann, sier Snorre til Se og H\u00f8r.<\/p>\n<p>        <img loading=\"lazy\" decoding=\"async\" src=\"https:\/\/www.europesays.com\/no\/wp-content\/uploads\/2026\/01\/84103848.webp.webp\" width=\"667\" height=\"908\" title=\"KJENDISDUO: Gaute Berg N\u00e6ss og Snorre Monsson dukker ofte opp sammen. Deres samarbeid startet med \u00abGauteshow\u00bb, og i fjor startet de opp podkasten \u00abSnorre med Gaute\u00bb. Foto: Andreas Fadum \/ Se og H\u00f8r\" alt=\"\" class=\"\" style=\"--aspect-ratio-image: 0.73; \"\/><\/p>\n<p>\n        KJENDISDUO: Gaute Berg N\u00e6ss og Snorre Monsson dukker ofte opp sammen. Deres samarbeid startet med \u00abGauteshow\u00bb, og i fjor startet de opp podkasten \u00abSnorre med Gaute\u00bb. Foto: Andreas Fadum \/ Se og H\u00f8r\n    <\/p>\n<p>Under en innspilling av podkasten <a href=\"https:\/\/open.spotify.com\/show\/2j2tdxlXe2ZDik3XRP1WVP\" rel=\"nofollow noopener\" target=\"_blank\">\u00abSnorre med Gaute\u00bb<\/a> ringte komikeren selv inn og tipset om det store steget han har tatt med kj\u00e6resten, skuespiller Ida Oldeide Hay (26), som er kjent fra NRK-serier som \u00abElevr\u00e5det\u00bb, \u00abI kjelleren\u00bb og \u00abAlle sammen\u00bb.\u00a0<\/p>\n<p>26-\u00e5ringen bekrefter overfor Se og H\u00f8r at det var han som tok initiativet og gikk ned p\u00e5 kne for \u00e5 fri.<\/p>\n<p>&#8211; Jeg har ikke s\u00e5 lange bein, s\u00e5 det var ikke s\u00e5 stort steg, sp\u00f8ker han.<\/p>\n<p class=\"font-weight-normal m-font-weight-normal\" data-lab-font_weight=\"font-weight-normal\">N\u00e5r Snorre blir spurt om han har tenkt p\u00e5 det lenge, svarer han:<\/p>\n<p class=\"font-weight-bold m-font-weight-bold\" data-lab-font_weight=\"font-weight-bold\">&#8211; Det sp\u00f8rs hva du regner som lenge. Jeg har tenkt p\u00e5 det en stund. N\u00e5r man har v\u00e6rt sammen over \u00e5tte \u00e5r, blir det et slags tidssp\u00f8rsm\u00e5l etter hvert.<\/p>\n<p>        FALT PLADASK: Midt i julestria kom det en uventet video fra kongehusets sosiale medier, kongehusekspert Caroline Vagle mener slike grep kan v\u00e6re et ess i ermet for en kongehus som opplever s\u00e5 mye negativ omtale. Video: Instagram \/ @detnorskekongehus \/\/ Reporter: Caroline Vagle \/\/ Klipp: H\u00e5vard Bj\u00f8rnerem<\/p>\n<p>N\u00e5r det gjelder detaljer om hvor og hvordan frieriet skjedde, og n\u00e5r bryllupet skal v\u00e6re, holder Snorre kortene tett til\u00a0 brystet.<\/p>\n<p>&#8211; Ingen kommentar, sier han.<\/p>\n<p>Han kan derimot fortelle at han klarte \u00e5 overraske samboeren sin med frieriet, og at hun ikke hadde begynt \u00e5 mase om ring p\u00e5 fingeren f\u00f8r han faktisk fridde.\u00a0<\/p>\n","protected":false},"excerpt":{"rendered":"Snorre Monsson: Komikeren har tatt forholdet et steg videre. FORLOVET: Snorre Monsson har etter \u00e5tte \u00e5r g\u00e5tt ned&hellip;\n","protected":false},"author":2,"featured_media":138635,"comment_status":"","ping_status":"","sticky":false,"template":"","format":"standard","meta":{"footnotes":""},"categories":[12],"tags":[20,21,24,25,786,15,15796,479,2543,22,23,13,30,28,29,14,16,790,26,27,42,43,44,45],"class_list":{"0":"post-138634","1":"post","2":"type-post","3":"status-publish","4":"format-standard","5":"has-post-thumbnail","7":"category-verden","8":"tag-breaking-news","9":"tag-breakingnews","10":"tag-featured-news","11":"tag-featurednews","12":"tag-gaute-berg-naess","13":"tag-headlines","14":"tag-ida-oleide-hay","15":"tag-kjendis","16":"tag-kjendisdesken","17":"tag-latest-news","18":"tag-latestnews","19":"tag-news","20":"tag-no","21":"tag-norge","22":"tag-norway","23":"tag-nyheter","24":"tag-overskrifter","25":"tag-snorre-monsson","26":"tag-top-stories","27":"tag-topstories","28":"tag-verden","29":"tag-world","30":"tag-world-news","31":"tag-worldnews"},"share_on_mastodon":{"url":"https:\/\/pubeurope.com\/@no\/115901033628985502","error":""},"_links":{"self":[{"href":"https:\/\/www.europesays.com\/no\/wp-json\/wp\/v2\/posts\/138634","targetHints":{"allow":["GET"]}}],"collection":[{"href":"https:\/\/www.europesays.com\/no\/wp-json\/wp\/v2\/posts"}],"about":[{"href":"https:\/\/www.europesays.com\/no\/wp-json\/wp\/v2\/types\/post"}],"author":[{"embeddable":true,"href":"https:\/\/www.europesays.com\/no\/wp-json\/wp\/v2\/users\/2"}],"replies":[{"embeddable":true,"href":"https:\/\/www.europesays.com\/no\/wp-json\/wp\/v2\/comments?post=138634"}],"version-history":[{"count":0,"href":"https:\/\/www.europesays.com\/no\/wp-json\/wp\/v2\/posts\/138634\/revisions"}],"wp:featuredmedia":[{"embeddable":true,"href":"https:\/\/www.europesays.com\/no\/wp-json\/wp\/v2\/media\/138635"}],"wp:attachment":[{"href":"https:\/\/www.europesays.com\/no\/wp-json\/wp\/v2\/media?parent=138634"}],"wp:term":[{"taxonomy":"category","embeddable":true,"href":"https:\/\/www.europesays.com\/no\/wp-json\/wp\/v2\/categories?post=138634"},{"taxonomy":"post_tag","embeddable":true,"href":"https:\/\/www.europesays.com\/no\/wp-json\/wp\/v2\/tags?post=138634"}],"curies":[{"name":"wp","href":"https:\/\/api.w.org\/{rel}","templated":true}]}}