{"id":138636,"date":"2026-01-15T20:36:18","date_gmt":"2026-01-15T20:36:18","guid":{"rendered":"https:\/\/www.europesays.com\/no\/138636\/"},"modified":"2026-01-15T20:36:18","modified_gmt":"2026-01-15T20:36:18","slug":"fra-topp-til-bunn-pa-dyster-statistikk-disse-mistet-livet-agderposten-no","status":"publish","type":"post","link":"https:\/\/www.europesays.com\/no\/138636\/","title":{"rendered":"Fra topp til bunn p\u00e5 dyster statistikk: Disse mistet livet &#8211; agderposten.no"},"content":{"rendered":"<ol>\n<li><a href=\"https:\/\/news.google.com\/rss\/articles\/CBMiiwFBVV95cUxOYkoyUHFCYTNQalBRWEYtVWR5WnlfcEx0WjFDQUZRb1VfM3h5TWk4bkc0ZExId1BpWjlWb3AyOG55SzJ5V09JdGMwVWNqQW9Tdm5yR0J6QjhaQUoyeE54TWpWNGFtUVk3X01IeXNESDQ2eWJrVUlEVFlFM2xSRTVSSExLakFKT1hzOWdB?oc=5\" target=\"_blank\" rel=\"nofollow noopener\">Fra topp til bunn p\u00e5 dyster statistikk: Disse mistet livet<\/a>&nbsp;&nbsp;agderposten.no<\/li>\n<li><a href=\"https:\/\/news.google.com\/rss\/articles\/CBMieEFVX3lxTFB0Zm9yRk5aa2p3SFhQdk1EcTdkRTFCRXNVczBLVWZHLV9mZDZBSWFpbUpiaFlNdWZtZHZLNkxuZmJPOGRXSDdJS09BcU85UUtLaV9CWXY4d3JWRU1WNnFWeFduNlZwaUxBajY1WWpUWThVMURES0ZkUA?oc=5\" target=\"_blank\" rel=\"nofollow noopener\">49 d\u00f8de i drukningsulykker i fjor<\/a>&nbsp;&nbsp;VG<\/li>\n<li><a href=\"https:\/\/news.google.com\/rss\/articles\/CBMifkFVX3lxTFBzeWJxYVE5M2NfY1JzcmZkRmhOS2gzUWRaWWxVcE9Kcjkybmc3WkFsRlVvU1NpdS1JNlJYUnY2aUI5dG9nSjFNM0ZNNUxUcHJkT0NCLXlFbERnWko0TFZXSk4zbF9aX01lNVJWYzlaLUUyVTl2TFBMQ1dTa1Nidw?oc=5\" target=\"_blank\" rel=\"nofollow noopener\">Flest drukningsulykker i Vestland<\/a>&nbsp;&nbsp;NRK<\/li>\n<li><a href=\"https:\/\/news.google.com\/rss\/articles\/CBMisgFBVV95cUxOZFZRVm5tNjZ3Z2luU2s1bEtySTZhZTl0Zk9JNVNDNFNtb0JRalNSYms5UVg2Q0FIZG4zbTRNcHI2VDljSXJZbDZNczhOZVgxZ2cyMGk1LXZCZy1iNkNVZmY0TDdYVXVJLW5hYW5ZNzdyenFYeDRvNHRhTzFLWGFwWFZVZ1V4ZVp2VS1hMDB4aDZZN0pvT2xpU3k1SFljYno5TzluYTRLQU50Z2FEUW14bGV3?oc=5\" target=\"_blank\" rel=\"nofollow noopener\">Historisk lave drukningstall for 2025: \u2013 Positivt, men tallene forplikter<\/a>&nbsp;&nbsp;Dagsavisen<\/li>\n<li><a href=\"https:\/\/news.google.com\/rss\/articles\/CBMi0AFBVV95cUxOcFl2eFp5a1ZfUHlXZDRJQ3Z6Wnh2amZDSHkwclZWZnFMYy12ZVRscjNRQUctN09FeTZHNFMtOU1iaXhvZlR5S19kUUxZOVdTWVFKWk1XQTBXM3pZSS12UFZIY1ZEQ2N5b3hmZEhTZ2lhdVV5YThXQ1FNOGplcGNUVC1iMmc5Y2dnMVYwN0NmX0ZFYmtzRFVIb0p2T1hXZHVWclQxWVBDRW1VOEM2TzNTZjVOa1ZBOE56dVlWZmNtR3pSMUxEdUlING5yZVh5MTli?oc=5\" target=\"_blank\" rel=\"nofollow noopener\">Langt f\u00e6rre drukningsulykker i fjor enn \u00e5ret f\u00f8r<\/a>&nbsp;&nbsp;TV2.no<\/li>\n<\/ol>\n","protected":false},"excerpt":{"rendered":"Fra topp til bunn p\u00e5 dyster statistikk: Disse mistet livet&nbsp;&nbsp;agderposten.no 49 d\u00f8de i drukningsulykker i fjor&nbsp;&nbsp;VG Flest drukningsulykker&hellip;\n","protected":false},"author":2,"featured_media":138637,"comment_status":"","ping_status":"","sticky":false,"template":"","format":"standard","meta":{"footnotes":""},"categories":[10],"tags":[20,21,24,25,15,22,23,13,30,28,29,14,16,26,27],"class_list":{"0":"post-138636","1":"post","2":"type-post","3":"status-publish","4":"format-standard","5":"has-post-thumbnail","7":"category-norge","8":"tag-breaking-news","9":"tag-breakingnews","10":"tag-featured-news","11":"tag-featurednews","12":"tag-headlines","13":"tag-latest-news","14":"tag-latestnews","15":"tag-news","16":"tag-no","17":"tag-norge","18":"tag-norway","19":"tag-nyheter","20":"tag-overskrifter","21":"tag-top-stories","22":"tag-topstories"},"share_on_mastodon":{"url":"https:\/\/pubeurope.com\/@no\/115901037419009348","error":""},"_links":{"self":[{"href":"https:\/\/www.europesays.com\/no\/wp-json\/wp\/v2\/posts\/138636","targetHints":{"allow":["GET"]}}],"collection":[{"href":"https:\/\/www.europesays.com\/no\/wp-json\/wp\/v2\/posts"}],"about":[{"href":"https:\/\/www.europesays.com\/no\/wp-json\/wp\/v2\/types\/post"}],"author":[{"embeddable":true,"href":"https:\/\/www.europesays.com\/no\/wp-json\/wp\/v2\/users\/2"}],"replies":[{"embeddable":true,"href":"https:\/\/www.europesays.com\/no\/wp-json\/wp\/v2\/comments?post=138636"}],"version-history":[{"count":0,"href":"https:\/\/www.europesays.com\/no\/wp-json\/wp\/v2\/posts\/138636\/revisions"}],"wp:featuredmedia":[{"embeddable":true,"href":"https:\/\/www.europesays.com\/no\/wp-json\/wp\/v2\/media\/138637"}],"wp:attachment":[{"href":"https:\/\/www.europesays.com\/no\/wp-json\/wp\/v2\/media?parent=138636"}],"wp:term":[{"taxonomy":"category","embeddable":true,"href":"https:\/\/www.europesays.com\/no\/wp-json\/wp\/v2\/categories?post=138636"},{"taxonomy":"post_tag","embeddable":true,"href":"https:\/\/www.europesays.com\/no\/wp-json\/wp\/v2\/tags?post=138636"}],"curies":[{"name":"wp","href":"https:\/\/api.w.org\/{rel}","templated":true}]}}