{"id":138638,"date":"2026-01-15T20:38:07","date_gmt":"2026-01-15T20:38:07","guid":{"rendered":"https:\/\/www.europesays.com\/no\/138638\/"},"modified":"2026-01-15T20:38:07","modified_gmt":"2026-01-15T20:38:07","slug":"sir-jim-ratcliffe-manchester-united-2","status":"publish","type":"post","link":"https:\/\/www.europesays.com\/no\/138638\/","title":{"rendered":"Sir Jim Ratcliffe, Manchester United"},"content":{"rendered":"\n<p>Ineos-gr\u00fcnder sir Jim Ratcliffe er for tiden kanskje mest aktuell som deleier i Manchester United.<\/p>\n<p>Milliard\u00e6ren, som sies \u00e5 v\u00e6re United-supporter, tok over 27,7 prosent av aksjene i Premier League-klubben i 2024. <\/p>\n<p>Ineo-perioden i Manchester United har v\u00e6rt preget av tunge l\u00f8fter om sportslig satsing, men ogs\u00e5 massive kostnadskutt.<\/p>\n<p>Laget som holder til p\u00e5 Old Trafford er imidlertid ikke det eneste som Ratcliffe er inne p\u00e5 eiersiden i.<\/p>\n<p>Sir Jim Ratcliffe vil selge seg ut i Frankrike<\/p>\n<p>I august 2019 kj\u00f8pte nemlig Ineos de franske klubben OGC Nice.<\/p>\n<p><b>Les ogs\u00e5: <a href=\"https:\/\/www.nettavisen.no\/sport\/aksel-lund-svindal-tok-opp-barnehagestrid-pa-nrk-skjer-ikke-pa-min-vakt\/s\/5-95-2825214\" rel=\"Follow nofollow noopener\" target=\"_blank\">Aksel Lund Svindal med klar barnehage-beskjed: \u2013 Skjer ikke<\/a><\/b><\/p>\n<p>I fjor ble det imidlertid kjent at Ratcliffe \u00f8nsket \u00e5 selge Ligue 1-klubben for \u00e5 prioritere Manchester United.<\/p>\n<p>N\u00e5 melder Bloomberg at Ineos-toppen er villig til \u00e5 kutte prisen for \u00e5 bli kvitt eierskapet i den franske klubben.<\/p>\n<p>Det har tidligere blitt skissert en prislapp p\u00e5 200 millioner euro \u2013 rundt 2,3 milliarder norske kroner \u2013 men skal alts\u00e5 briten v\u00e6re villig til \u00e5 fire p\u00e5 kravene for \u00e5 finne en potensiell ny eier av Nice.<\/p>\n<p>Bloomberg skriver at Ratcliffe per n\u00e5 ikke har klart \u00e5 finne en potensiell ny eier for Ligue 1-klubben. Selskapet Lizard Inc. har blitt hyret inn for \u00e5 finne aktuelle kandidater, men enn s\u00e5 lenge har de ikke funnet personer som er villig til \u00e5 betale det Ratcliffe \u00f8nsker.<\/p>\n<p><b>Les ogs\u00e5<a href=\"https:\/\/www.nettavisen.no\/sport\/bryter-loven-med-iptv-dette-svarer-okokrim\/s\/5-95-2824378\" rel=\"Follow nofollow noopener\" target=\"_blank\">: Nordmannen bryter loven: Dette svarer \u00d8kokrim<\/a><\/b><\/p>\n<p>Det har kun v\u00e6rt innledende samtaler om et mulig salg, men Ratcliffe h\u00e5per n\u00e5 at et priskutt kan framskynde prosessen.<\/p>\n<p>Usikkerhet rundt Ligue 1-rettigheter <\/p>\n<p>If\u00f8lge Bloomberg skal usikkerheten rundt TV-rettighetene for den franske toppligaen v\u00e6re en av grunnene til at det har v\u00e6rt vanskelig \u00e5 finne folk som er interessert i \u00e5 kj\u00f8pe klubben, p\u00e5 grunn av usikkerhet rundt inntektene fra rettigheter. <\/p>\n<p>Det var i 2025 at en rettighetsavtale mellom Ligue 1 og str\u00f8mmegiganten DAZN kollapset.<\/p>\n<p>Siden den gang har den franske ligaen vist sine kamper p\u00e5 en egen str\u00f8mmetjeneste.<\/p>\n","protected":false},"excerpt":{"rendered":"Ineos-gr\u00fcnder sir Jim Ratcliffe er for tiden kanskje mest aktuell som deleier i Manchester United. Milliard\u00e6ren, som sies&hellip;\n","protected":false},"author":2,"featured_media":138639,"comment_status":"","ping_status":"","sticky":false,"template":"","format":"standard","meta":{"footnotes":""},"categories":[59],"tags":[30,28,29,83,82],"class_list":{"0":"post-138638","1":"post","2":"type-post","3":"status-publish","4":"format-standard","5":"has-post-thumbnail","7":"category-sport","8":"tag-no","9":"tag-norge","10":"tag-norway","11":"tag-sport","12":"tag-sports"},"share_on_mastodon":{"url":"https:\/\/pubeurope.com\/@no\/115901045349448126","error":""},"_links":{"self":[{"href":"https:\/\/www.europesays.com\/no\/wp-json\/wp\/v2\/posts\/138638","targetHints":{"allow":["GET"]}}],"collection":[{"href":"https:\/\/www.europesays.com\/no\/wp-json\/wp\/v2\/posts"}],"about":[{"href":"https:\/\/www.europesays.com\/no\/wp-json\/wp\/v2\/types\/post"}],"author":[{"embeddable":true,"href":"https:\/\/www.europesays.com\/no\/wp-json\/wp\/v2\/users\/2"}],"replies":[{"embeddable":true,"href":"https:\/\/www.europesays.com\/no\/wp-json\/wp\/v2\/comments?post=138638"}],"version-history":[{"count":0,"href":"https:\/\/www.europesays.com\/no\/wp-json\/wp\/v2\/posts\/138638\/revisions"}],"wp:featuredmedia":[{"embeddable":true,"href":"https:\/\/www.europesays.com\/no\/wp-json\/wp\/v2\/media\/138639"}],"wp:attachment":[{"href":"https:\/\/www.europesays.com\/no\/wp-json\/wp\/v2\/media?parent=138638"}],"wp:term":[{"taxonomy":"category","embeddable":true,"href":"https:\/\/www.europesays.com\/no\/wp-json\/wp\/v2\/categories?post=138638"},{"taxonomy":"post_tag","embeddable":true,"href":"https:\/\/www.europesays.com\/no\/wp-json\/wp\/v2\/tags?post=138638"}],"curies":[{"name":"wp","href":"https:\/\/api.w.org\/{rel}","templated":true}]}}