{"id":138654,"date":"2026-01-15T21:01:10","date_gmt":"2026-01-15T21:01:10","guid":{"rendered":"https:\/\/www.europesays.com\/no\/138654\/"},"modified":"2026-01-15T21:01:10","modified_gmt":"2026-01-15T21:01:10","slug":"sivert-sira-hansen-er-solgt-til-molde-nrk-sorlandet-lokale-nyheter-tv-og-radio","status":"publish","type":"post","link":"https:\/\/www.europesays.com\/no\/138654\/","title":{"rendered":"Sivert Sira Hansen er solgt til Molde \u2013 NRK S\u00f8rlandet \u2013 Lokale nyheter, TV og radio"},"content":{"rendered":"<p>\u2013 Kanskje krysses v\u00e5re veier igjen p\u00e5 et senere tidspunkt, men uansett \u00f8nsker jeg Start det aller beste for sesongen.<\/p>\n<p>Det sier Sivert Sira Hansen til IK Starts hjemmeside etter at det er klart at han er solgt til Molde.<\/p>\n<p>Start forbereder seg til sin f\u00f8rste sesong i Eliteserien siden 2020 og n\u00e5 har de solgt sin stjernespiller som kom p\u00e5 \u00ab\u00e5rets lag\u00bb i f\u00f8rste divisjon.<\/p>\n<p><strong>\u2013 Molde er en av de st\u00f8rste klubbene i norsk fotball, s\u00e5 det var utrolig stort \u00e5 f\u00e5 et tilbud om \u00e5 komme hit, sier flekkefj\u00e6ringen til Moldes hjemmeside.<\/strong><\/p>\n<p><img decoding=\"async\"   src=\"data:image\/gif;base64,R0lGODlhAQABAIAAAAAAAP\/\/\/yH5BAEAAAAALAAAAAABAAEAAAIBRAA7\" loading=\"eager\" alt=\"et par menn p\u00e5 et jorde\" title=\"Foto: Viktor S\u00f8dal \/ NRK\"\/><\/p>\n<p class=\"\">RETUR: Sivert Sira Hansen vil returnere til Kristiansand n\u00e5r Start m\u00f8ter Molde den 19. april. <\/p>\n<p>Foto: Viktor S\u00f8dal \/ NRK<\/p>\n<p>Hansen er 195 centimeter h\u00f8y og beskrives som en duellsterk midtstopper. N\u00e5 har han signert en fire\u00e5rskontrakt med Molde.<\/p>\n<p>Molde har n\u00e5 hentet sin andre s\u00f8rlending til forsvarsleddet p\u00e5 noen f\u00e5r dager. I forrige uke ble ogs\u00e5 kristiansanderen Fredrik Kristensen Dahl klar for klubben.<\/p>\n<p>Gammel kjenning<\/p>\n<p>Ny hovedtrener for Molde er tidligere Start-trener Sindre Tjelmeland og han kjenner midtstopperen fra den gang.<\/p>\n<p>Sira Hansen ble f\u00f8rst klar for Start etter at Tjelmeland var ferdig i klubben, men ungutten hadde v\u00e6rt innom p\u00e5 flere treninger den h\u00f8sten da han spilte for Mandalskameratene i 3. divisjon.\n<\/p>\n<p><img decoding=\"async\"   src=\"data:image\/gif;base64,R0lGODlhAQABAIAAAAAAAP\/\/\/yH5BAEAAAAALAAAAAABAAEAAAIBRAA7\" loading=\"eager\" alt=\"En idrettsut\u00f8ver med gult drakt st\u00e5r foran en pressevegg med ulike sponsorer. Han holder h\u00e5nden p\u00e5 hodet og ser tenksom ut. Bak ham st\u00e5r to personer, en av dem i bl\u00e5 skjorte. Pressesituasjonen indikerer en etterspill fra en nyvunnet konkurranse eller kamp. (Bildebeskrivelsen er laget av en KI-tjeneste)\" title=\"Foto: Tor Erik Schr\u00f8der \/ NTB\"\/><\/p>\n<p class=\"\">BETENKT: Sivert Sira Hansen rykket opp med Start forrige sesong. N\u00e5 skal han m\u00f8te dem i Eliteserien som Molde-Spiller. <\/p>\n<p>Foto: Tor Erik Schr\u00f8der \/ NTB<\/p>\n<p>N\u00e5 er han klar for nye oppgaver etter to sesonger der han spilte 58 kamper for Start og scoret fire m\u00e5l. Han ga ogs\u00e5 fem m\u00e5lgivende pasninger.<\/p>\n<p>Molde skuffet forrige sesong og endte p\u00e5 10. plass i Eliteserien.<\/p>\n<p>Trolig rekordsalg<\/p>\n<p>If\u00f8lge regionavisen <a href=\"https:\/\/www.fvn.no\/sport\/start\/i\/8pmvvG\/molde-interessert-i-start-profil-forbereder-bud\" ec-id=\"https:\/\/www.fvn.no\/sport\/start\/i\/8pmvvG\/molde-interessert-i-start-profil-forbereder-bud\" ec-name=\"F\u00e6drelandsvennen\" rel=\"nofollow noopener\" target=\"_blank\">F\u00e6drelandsvennen<\/a> har Start verdsatt Hansen til mellom 15 og 20 millioner kroner. Endelig salgssum er ikke kjent.<\/p>\n<p>Starts tidligere rekordsalg er Anthony Annan for <a href=\"https:\/\/www.fvn.no\/sport\/start\/i\/pAzqAE\/storsalget-i-boks-jesper-daland-klar-for-belgisk-fotball\" ec-id=\"https:\/\/www.fvn.no\/sport\/start\/i\/pAzqAE\/storsalget-i-boks-jesper-daland-klar-for-belgisk-fotball\" ec-name=\"11 millioner kroner\" rel=\"nofollow noopener\" target=\"_blank\">11 millioner kroner<\/a> til Rosenborg i 2008 og Jesper Daland som i 2021 ble solgt for en noe h\u00f8yere pris til belgiske Cercle Br\u00fcgge.<\/p>\n<p>Klubben har kun bekreftet at det var et <a href=\"https:\/\/www.ikstart.no\/nyheter\/daland-til-belgia-for-rekordsum\" ec-id=\"https:\/\/www.ikstart.no\/nyheter\/daland-til-belgia-for-rekordsum\" ec-name=\"rekordsalg den gangen\" rel=\"nofollow noopener\" target=\"_blank\">rekordsalg den gangen<\/a> uten at den eksakte summen er kjent.<\/p>\n<p><img decoding=\"async\"   src=\"data:image\/gif;base64,R0lGODlhAQABAIAAAAAAAP\/\/\/yH5BAEAAAAALAAAAAABAAEAAAIBRAA7\" loading=\"eager\" alt=\"et par menn p\u00e5 et jorde\" title=\"Foto: Viktor S\u00f8dal \/ NRK\"\/><\/p>\n<p class=\"\">RETUR: Sivert Sira Hansen vil returnere til Kristiansand n\u00e5r Start m\u00f8ter Molde den 19. april. <\/p>\n<p>Foto: Viktor S\u00f8dal \/ NRK<\/p>\n<p>Takket nei<\/p>\n<p>Da Start l\u00e5 p\u00e5 opprykksplass i sommer fikk Sivert Sira Hansen et lukrativt tilbud p\u00e5 bordet. Et Europa-jagende Troms\u00f8 \u00f8nsket \u00e5 legge mange millioner p\u00e5 bordet for \u00e5 sikre seg underskriften hans.<\/p>\n<p>Den gang takket han nei for \u00e5 rykke opp med Start og ble hyllet av fansen.<\/p>\n<p><img decoding=\"async\"   src=\"data:image\/gif;base64,R0lGODlhAQABAIAAAAAAAP\/\/\/yH5BAEAAAAALAAAAAABAAEAAAIBRAA7\" loading=\"eager\" alt=\"Hyllest av IK Starts Sivert Sira Hansen av Start- suppporterne\" title=\"Foto: Viktor S\u00f8dal \/ NRK\"\/><\/p>\n<p class=\"\">TIFO: Start-fansen takket Sivert Sira Hansen for at han takket nei til Troms\u00f8 sist sommer. <\/p>\n<p>Foto: Viktor S\u00f8dal \/ NRK<\/p>\n<p>Etter kampen mot Kongsvinger der han ble hyllet av de syngende supporterne p\u00e5 \u00abLondsia\u00bb satte han pris p\u00e5 gesten.<\/p>\n<p>\u2013 Det var veldig kult, de skal ha all honn\u00f8r for det. Det var en fin tegning, sa Hansen til NRK den gangen.<\/p>\n<p>Publisert<\/p>\n<p>15.01.2026, kl. 18.17<\/p>\n<p>Oppdatert<\/p>\n<p>15.01.2026, kl. 18.42<\/p>\n","protected":false},"excerpt":{"rendered":"\u2013 Kanskje krysses v\u00e5re veier igjen p\u00e5 et senere tidspunkt, men uansett \u00f8nsker jeg Start det aller beste&hellip;\n","protected":false},"author":2,"featured_media":138655,"comment_status":"","ping_status":"","sticky":false,"template":"","format":"standard","meta":{"footnotes":""},"categories":[59],"tags":[30,28,29,83,82],"class_list":{"0":"post-138654","1":"post","2":"type-post","3":"status-publish","4":"format-standard","5":"has-post-thumbnail","7":"category-sport","8":"tag-no","9":"tag-norge","10":"tag-norway","11":"tag-sport","12":"tag-sports"},"share_on_mastodon":{"url":"https:\/\/pubeurope.com\/@no\/115901135817258851","error":""},"_links":{"self":[{"href":"https:\/\/www.europesays.com\/no\/wp-json\/wp\/v2\/posts\/138654","targetHints":{"allow":["GET"]}}],"collection":[{"href":"https:\/\/www.europesays.com\/no\/wp-json\/wp\/v2\/posts"}],"about":[{"href":"https:\/\/www.europesays.com\/no\/wp-json\/wp\/v2\/types\/post"}],"author":[{"embeddable":true,"href":"https:\/\/www.europesays.com\/no\/wp-json\/wp\/v2\/users\/2"}],"replies":[{"embeddable":true,"href":"https:\/\/www.europesays.com\/no\/wp-json\/wp\/v2\/comments?post=138654"}],"version-history":[{"count":0,"href":"https:\/\/www.europesays.com\/no\/wp-json\/wp\/v2\/posts\/138654\/revisions"}],"wp:featuredmedia":[{"embeddable":true,"href":"https:\/\/www.europesays.com\/no\/wp-json\/wp\/v2\/media\/138655"}],"wp:attachment":[{"href":"https:\/\/www.europesays.com\/no\/wp-json\/wp\/v2\/media?parent=138654"}],"wp:term":[{"taxonomy":"category","embeddable":true,"href":"https:\/\/www.europesays.com\/no\/wp-json\/wp\/v2\/categories?post=138654"},{"taxonomy":"post_tag","embeddable":true,"href":"https:\/\/www.europesays.com\/no\/wp-json\/wp\/v2\/tags?post=138654"}],"curies":[{"name":"wp","href":"https:\/\/api.w.org\/{rel}","templated":true}]}}