{"id":138670,"date":"2026-01-15T21:21:17","date_gmt":"2026-01-15T21:21:17","guid":{"rendered":"https:\/\/www.europesays.com\/no\/138670\/"},"modified":"2026-01-15T21:21:17","modified_gmt":"2026-01-15T21:21:17","slug":"far-stotte-fra-uventet-hold","status":"publish","type":"post","link":"https:\/\/www.europesays.com\/no\/138670\/","title":{"rendered":"F\u00e5r st\u00f8tte fra uventet hold:"},"content":{"rendered":"<p>Nylig delte \u00abFarmen kjendis\u00bb-aktuelle Henriette Lien et innlegg i sosiale medier hvor hun tar et oppgj\u00f8r med netthets.\u00a0<\/p>\n<p class=\"no_italic m-no_italic bold m-bold\" data-lab-font_weight=\"bold\" data-lab-italic=\"\">\u2013 Etter en snau uke p\u00e5 skjermen, i forbindelse med Farmen kjendis, leser jeg alt fra at jeg burde v\u00e6rt kastet ut som en sutrete kjerring, til at jeg ser syk ut fordi jeg har ringer under \u00f8ynene \u2013 at jeg er for tynn og at dette helt \u00e5penbart er s\u00e5nn veganere ser ut, skriver Lien.\u00a0<\/p>\n<p>        <img class=\"image__img lazyload\" itemprop=\"image\" title=\"Foto: Ingvild Gjerdsj\u00f8 \/ TV 2\" alt=\"NETTHETS: Henriette Lien har mottatt negative kommentarer etter hennes deltakelse i TV 2-programmet. Foto: Ingvild Gjerdsj\u00f8 \/ TV 2\" width=\"675\" height=\"453\" bad-src=\"https:\/\/www.europesays.com\/no\/wp-content\/uploads\/2026\/01\/18467002.webp.jpeg\" fetchpriority=\"auto\" \/><\/p>\n<p>      NETTHETS: Henriette Lien har mottatt negative kommentarer etter hennes deltakelse i TV 2-programmet.<br \/>\n         Foto: Ingvild Gjerdsj\u00f8 \/ TV 2<\/p>\n<p class=\"no_italic m-no_italic\" data-lab-font_weight=\"\" data-lab-italic=\"\">Innlegget har engasjert stort b\u00e5de p\u00e5 <a href=\"https:\/\/www.facebook.com\/photo?fbid=1337624911738173&amp;set=a.409712694529404&amp;locale=nb_NO\" target=\"_blank\" rel=\"nofollow noopener\">Facebook<\/a> og<a href=\"https:\/\/www.instagram.com\/p\/DTSluFQCKe-\/?hl=nb\" target=\"_blank\" rel=\"nofollow noopener\"> Instagram<\/a>, og kommentarfeltet er fylt opp av hjerter og st\u00f8ttende ord.\u00a0<\/p>\n<p>Forteller om en endring <\/p>\n<p>Lien, som for tiden befinner seg i Kenya, beskriver menneskene bak hetsen som \u00absm\u00e5, digitale grevlinger i skyttergrav\u00bb.\u00a0<\/p>\n<p>Videre skriver Lien hvordan holdningene i kommentarfeltet har endret seg siden hun sist var i rampelyset gjennom \u00abMorgenklubben med Loven og Co\u00bb og \u00abHotel C\u00e6sar\u00bb.<\/p>\n<p>\u2013 F\u00f8r, da jeg var ung og lovende, s\u00f8t og yndig, ikke s\u00e5 \u00e6rlig og gikk stillere i d\u00f8rene, da var kommentarene ofte mer seksualiserte. N\u00e5, 25 \u00e5r senere \u2013 25 \u00e5r med levd liv \u2013 handler det mer om \u00e5 \u00abf\u00e5 r\u00f8ya ut\u00bb.<\/p>\n<p>Senneset: \u2013 En farlig uting\u00a0<\/p>\n<p data-lab-font_weight=\"\">Under koronapandemien i 2020 gikk journalist og samfunnsdebattant Ingeborg Senneset (40) hardt ut mot Lien, og kritiserte henne for \u00e5 spre feilinformasjon.<\/p>\n<p data-lab-font_weight=\"\">\u00abDu er ikke n\u00f8dvendigvis idiot om du er skeptisk til vaksiner. Men du er smittsom\u00bb, <a href=\"https:\/\/www.aftenposten.no\/meninger\/kommentar\/i\/Ado9en\/du-er-ikke-noedvendigvis-idiot-om-du-er-skeptisk-til-vaksiner-men-du-er-smittsom\" target=\"_blank\" rel=\"nofollow noopener\">l\u00f8d en overskrift i Aftenposten<\/a>.\u00a0<\/p>\n<p data-lab-font_weight=\"\">N\u00e5 tar hun Lien i forsvar mot nettrollene i et\u00a0innlegg publisert p\u00e5 <a href=\"https:\/\/www.facebook.com\/IngeborgSenneset?locale=nb_NO\" target=\"_blank\" style=\"letter-spacing: 0.01em; font-weight: 300;\" rel=\"nofollow noopener\">Facebook<\/a> og<a href=\"https:\/\/www.instagram.com\/p\/DTgdiSiCGZ0\/?img_index=1\" target=\"_blank\" rel=\"nofollow noopener\"> Instagram<\/a>.\u00a0<\/p>\n<p>        <img class=\"image__img lazyload\" itemprop=\"image\" title=\"Foto: Sara Aar\u00f8en Lien \/ TV 2\" alt=\"ST\u00d8TTE: Ingeborg Senneset tar Henriette Lien i forsvar. Foto: Sara Aar\u00f8en Lien \/ TV 2\" width=\"675\" height=\"453\" bad-src=\"https:\/\/www.europesays.com\/no\/wp-content\/uploads\/2026\/01\/18397962.webp.jpeg\" fetchpriority=\"auto\" \/><\/p>\n<p>      ST\u00d8TTE: Ingeborg Senneset tar Henriette Lien i forsvar.<br \/>\n         Foto: Sara Aar\u00f8en Lien \/ TV 2<\/p>\n<p data-lab-font_weight=\"\">Her understreker hun forskjellen p\u00e5 \u00e5 kritisere ord og utseende.\u00a0<\/p>\n<p data-lab-font_weight=\"bold\" class=\"bold m-bold\">\u2013 Det burde jo si seg selv. Man skal ta ballen, ikke mannen. Men tydeligvis ikke. For det er slike ting Lien f\u00e5r h\u00f8re n\u00e5, av voksne folk som lar seg provosere av Farmen-deltakelsen og hogger l\u00f8s p\u00e5 vekt og ansikt og h\u00e5r og s\u00e5 videre. Tilsynelatende uskyldig, tross surmaget, liksomkritikk, skriver Senneset.\u00a0<\/p>\n<p data-lab-font_weight=\"\">Hun bruker ogs\u00e5 sin egen kritikk mot Lien som eksempel for \u00e5 understreket poenget.\u00a0<\/p>\n<p data-lab-font_weight=\"\">\u2013 Hvordan hadde min pandemikritikk sett ut om jeg tok med utseende der? \u00abDu er ikke n\u00f8dvendigvis idiot om du er skeptisk til vaksiner. Men du er ikke fin p\u00e5 h\u00e5ret heller\u00bb? Riktig. Jeg hadde sett ut som en idiot. Og det gj\u00f8r du \u00f2g\u00bb, legger hun til.\u00a0<\/p>\n<p data-lab-font_weight=\"\">Til TV 2 forteller Senneset at selv om noen irriterer seg over hva Lien gj\u00f8r inne p\u00e5 \u00abFarmen\u00bb, er det helt un\u00f8dvendig \u00e5 legge til kommentarer om utseende.\u00a0<\/p>\n<p data-lab-font_weight=\"\">\u2013 At folk konstant blir vurdert ut ifra for hvordan de ser ut, det synes jeg i utgangspunktet er en farlig uting med tanke p\u00e5 helse, sier hun og fortsetter:\u00a0<\/p>\n<p data-lab-font_weight=\"\">\u2013 Det er ekstremt, om ikke umulig nesten, \u00e5 tolke hvordan folk har det bare ut ifra hvordan de ser ut, men det driver folk med hele tiden. Det er en uting.\u00a0<\/p>\n<p data-lab-font_weight=\"\">Samfunnsdebattanten mener at det er en viss troverdighet i at noen du er s\u00e5 uenig med, er den du velger \u00e5 si: \u00abn\u00e5 f\u00e5r folk v\u00e6re litt greie\u00bb.\u00a0<\/p>\n<p data-lab-font_weight=\"\">Hun understreker imidlertid at folk ikke skal v\u00e6re enig i alt, men at man kan godt si ifra.<\/p>\n<p data-lab-font_weight=\"\" class=\"no_italic m-no_italic\" data-lab-italic=\"\">\u2013 S\u00e5 h\u00e5per jeg at folk bare skjerper seg, avslutter hun.\u00a0<\/p>\n<p data-lab-font_weight=\"\" class=\"italic m-italic\" data-lab-italic=\"italic\">TV 2 har v\u00e6rt i kontakt med Lien som ikke \u00f8nsker \u00e5 kommentere saken.\u00a0<\/p>\n<p><script async src=\"\/\/www.instagram.com\/embed.js\"><\/script><\/p>\n","protected":false},"excerpt":{"rendered":"Nylig delte \u00abFarmen kjendis\u00bb-aktuelle Henriette Lien et innlegg i sosiale medier hvor hun tar et oppgj\u00f8r med netthets.\u00a0&hellip;\n","protected":false},"author":2,"featured_media":138671,"comment_status":"","ping_status":"","sticky":false,"template":"","format":"standard","meta":{"footnotes":""},"categories":[10],"tags":[20,21,24,25,15,22,23,13,30,28,29,14,16,26,27],"class_list":{"0":"post-138670","1":"post","2":"type-post","3":"status-publish","4":"format-standard","5":"has-post-thumbnail","7":"category-norge","8":"tag-breaking-news","9":"tag-breakingnews","10":"tag-featured-news","11":"tag-featurednews","12":"tag-headlines","13":"tag-latest-news","14":"tag-latestnews","15":"tag-news","16":"tag-no","17":"tag-norge","18":"tag-norway","19":"tag-nyheter","20":"tag-overskrifter","21":"tag-top-stories","22":"tag-topstories"},"share_on_mastodon":{"url":"https:\/\/pubeurope.com\/@no\/115901214402541778","error":""},"_links":{"self":[{"href":"https:\/\/www.europesays.com\/no\/wp-json\/wp\/v2\/posts\/138670","targetHints":{"allow":["GET"]}}],"collection":[{"href":"https:\/\/www.europesays.com\/no\/wp-json\/wp\/v2\/posts"}],"about":[{"href":"https:\/\/www.europesays.com\/no\/wp-json\/wp\/v2\/types\/post"}],"author":[{"embeddable":true,"href":"https:\/\/www.europesays.com\/no\/wp-json\/wp\/v2\/users\/2"}],"replies":[{"embeddable":true,"href":"https:\/\/www.europesays.com\/no\/wp-json\/wp\/v2\/comments?post=138670"}],"version-history":[{"count":0,"href":"https:\/\/www.europesays.com\/no\/wp-json\/wp\/v2\/posts\/138670\/revisions"}],"wp:featuredmedia":[{"embeddable":true,"href":"https:\/\/www.europesays.com\/no\/wp-json\/wp\/v2\/media\/138671"}],"wp:attachment":[{"href":"https:\/\/www.europesays.com\/no\/wp-json\/wp\/v2\/media?parent=138670"}],"wp:term":[{"taxonomy":"category","embeddable":true,"href":"https:\/\/www.europesays.com\/no\/wp-json\/wp\/v2\/categories?post=138670"},{"taxonomy":"post_tag","embeddable":true,"href":"https:\/\/www.europesays.com\/no\/wp-json\/wp\/v2\/tags?post=138670"}],"curies":[{"name":"wp","href":"https:\/\/api.w.org\/{rel}","templated":true}]}}