{"id":138676,"date":"2026-01-15T21:28:13","date_gmt":"2026-01-15T21:28:13","guid":{"rendered":"https:\/\/www.europesays.com\/no\/138676\/"},"modified":"2026-01-15T21:28:13","modified_gmt":"2026-01-15T21:28:13","slug":"venezuela-usa-og-venezuela-machado-vil-ikke-si-om-hun-ga-fredpris-medaljen-til-trump","status":"publish","type":"post","link":"https:\/\/www.europesays.com\/no\/138676\/","title":{"rendered":"Venezuela, USA og Venezuela | Machado vil ikke si om hun ga fredpris-medaljen til Trump"},"content":{"rendered":"\n<p>\u2013 M\u00f8tet med Trump gikk veldig bra, det var flott, sier fredsprisvinner Maria Corina Machado.<\/p>\n<p>Hun har n\u00e5 forlatt Det hvite hus, men vil ikke svare p\u00e5 om hun ga fredspris-medaljen til Trump.<\/p>\n<p>Machado m\u00f8tte USAs president Donald Trump for f\u00f8rste gang torsdag kveld norsk tid, etter \u00e5 ha blitt invitert til lunsj i Det hvite hus.<\/p>\n<p>Machado ville ikke si etter m\u00f8tet med Trump om hun overrakte ham medaljen fra Nobels fredspris.<\/p>\n<p>   <img decoding=\"async\" width=\"5814\" height=\"3876\" fetchpriority=\"low\"  loading=\"lazy\"  src=\"https:\/\/www.europesays.com\/no\/wp-content\/uploads\/2026\/01\/NTB_EiX2ci9WUA0.jpg\" alt=\"Venezuelan opposition leader Mar\u00eda Corina Machado greets supporters on Pennsylvania Avenue near the White House after meeting with President Donald Trump Thursday, Jan. 15, 2026, in Washington. (AP Photo\/Pablo Martinez Monsivais)\" class=\"brick-c-cFOWSL\" style=\"--brick-image-ratio: 5814 \/ 3876;\"\/><\/p>\n<p>      HILSER: Den venezuelanske opposisjonslederen Mar\u00eda Corina Machado hilser p\u00e5 st\u00f8ttespillere etter Trump-m\u00f8tet.<br \/>\n      Foto: Pablo Martinez Monsivais \/ AP \/ NTB\n    <\/p>\n<p>Da Machado i desember ble tildelt Nobels fredspris, dedikerte hun raskt prisen til Trump. I ettertid har det blitt spekulert i om hun ogs\u00e5 vil gi ham medaljen hun mottok i Oslo.<\/p>\n<p>Dette har hun ikke anledning til \u00e5 gj\u00f8re, fant Nobelkomiteen det nylig n\u00f8dvendig \u00e5 p\u00e5peke.<\/p>\n<p>\u2013 En nobelpris kan verken tilbakekalles, deles eller overdras til andre. I det kunngj\u00f8ringen er gjort, s\u00e5 st\u00e5r beslutningen til evig tid, heter det i <a href=\"https:\/\/www.nobelpeaceprize.org\/presse\/pressemeldinger\/a-nobel-prize-cannot-be-revoked-shared-or-transferred-1\" rel=\"noopener nofollow\" target=\"_blank\">en uttalelse fra komiteen<\/a>.<\/p>\n<p>Trump st\u00e5r p\u00e5 at Machado ikke har st\u00f8tte<\/p>\n<p>\u2013 Presidenten s\u00e5 fram til dette m\u00f8tet og forventet en god og konstruktiv samtale om realitetene p\u00e5 bakken i Venezuela, sa pressesekret\u00e6r Karoline Leavitt p\u00e5 en pressebriefing mens m\u00f8tet p\u00e5gikk.<\/p>\n<p>Leavitt beskrev Machado som en enest\u00e5ende og modig stemme for det venezuelanske folket.<\/p>\n<p>Samtidig understreket Leavitt at Trumps vurdering av Machado ikke har endret seg.<\/p>\n<p>Hun fikk sp\u00f8rsm\u00e5l om presidenten fortsatt mener at Machado har for lite st\u00f8tte i Venezuela til \u00e5 kunne lede landet.<\/p>\n<p>\u2013 Det var en realistisk vurdering basert p\u00e5 det presidenten leste og h\u00f8rte fra r\u00e5dgivere og det nasjonale sikkerhetsteamet. Og p\u00e5 dette tidspunktet har ikke hans mening endret seg, sa Leavitt.<\/p>\n<p>   <img decoding=\"async\" width=\"6400\" height=\"4264\" fetchpriority=\"low\"  loading=\"lazy\"  src=\"https:\/\/www.europesays.com\/no\/wp-content\/uploads\/2026\/01\/NTB_apAXmDvLeGE.jpg\" alt=\"White House Press Secretary Karoline Leavitt speaks during a press briefing in the Brady Briefing Room of the White House in Washington, DC, on January 15, 2026. (Photo by Mandel NGAN \/ AFP)\" class=\"brick-c-cFOWSL\" style=\"--brick-image-ratio: 6400 \/ 4264;\"\/><\/p>\n<p>      Pressesekret\u00e6r Karoline Leavitt holdt en pressebrifing i Det hvite hus.<br \/>\n      Foto: MANDEL NGAN \/ AFP \/ NTB\n    <\/p>\n<p>P\u00e5 sp\u00f8rsm\u00e5l om hva Trump m\u00e5tte h\u00f8re fra Machado for \u00e5 g\u00e5 med p\u00e5 en tidsplan for valg, svarte Leavitt at presidenten ikke gikk inn i m\u00f8tet med slike forventninger.<\/p>\n<p>\u2013 Jeg tror ikke han trenger \u00e5 h\u00f8re noe fra fru Machado. Dette er et m\u00f8te presidenten var villig til \u00e5 ta for \u00e5 m\u00f8te henne personlig og ha en \u00e5pen og positiv samtale om det som skjer i Venezuela, sa hun.<\/p>\n<p>    Vil du se neste video?<\/p>\n<p>    <a href=\"https:\/\/www.nettavisen.no\/nyheter\/pete-hegseth-avbryter-plutselig-marco-rubio-klikker-pa-direkten\/v\/5-95-2813524\" class=\"recommend-poster\" data-adp-clicklabel=\"video-recommend\" data-adp-clickvalue=\"poster\" rel=\"nofollow noopener\" target=\"_blank\"><br \/>\n      <img decoding=\"async\" width=\"200\" height=\"200\" loading=\"lazy\" src=\"https:\/\/www.europesays.com\/no\/wp-content\/uploads\/2026\/01\/Hegseth+til+cue.jpg\" alt=\"\" class=\"brick-c-cFOWSL\" style=\"--brick-image-ratio: 200 \/ 200;\"\/><\/p>\n<p>Avbryter plutselig: Klikker p\u00e5 direkten1:05<\/p>\n<p>    <\/a><\/p>\n<p>Vil f\u00e5 Trump til \u00e5 snu<\/p>\n<p>If\u00f8lge en kilde <a rel=\"Follow nofollow noopener\" href=\"https:\/\/www.reuters.com\/world\/venezuela-live-trump-host-opposition-leader-machado-rodriguez-addresses-national-2026-01-15\/\" target=\"_blank\">Reuters<\/a> har snakket med, er Machados viktigste m\u00e5l under m\u00f8tet \u00e5 f\u00e5 Trump bort fra synet om at hun og opposisjonen mangler st\u00f8tte og respekt i Venezuela.<\/p>\n<p>Etter at USA angrep Venezuela og tok Maduro til fange, ble mange overrasket over at Trump ikke uttrykte st\u00f8tte til at Machado kunne v\u00e6re en kandidat til \u00e5 ta over styringen av landet.<\/p>\n<p>Trump uttalte kort tid etter angrepet 3. januar at Machado ikke har st\u00f8tte eller respekt i befolkningen til \u00e5 styre Venezuela.<\/p>\n<p>   <img decoding=\"async\" width=\"6762\" height=\"4508\" fetchpriority=\"low\"  loading=\"lazy\"  src=\"https:\/\/www.europesays.com\/no\/wp-content\/uploads\/2026\/01\/NTB_lKyqDJcTUXM.jpg\" alt=\"Supporters of Venezuela gather outside the White House ahead of the meeting between US President Donald Trump Venezuelan opposition leader Maria Corina Machado in Washington, DC on January 15, 2026. (Photo by Brendan SMIALOWSKI \/ AFP)\" class=\"brick-c-cFOWSL\" style=\"--brick-image-ratio: 6762 \/ 4508;\"\/><\/p>\n<p>      VENEZUELA: Tilhengere av Venezuela samles utenfor Det hvite hus f\u00f8r m\u00f8tet mellom USAs president Donald Trump og Venezuelas opposisjonsleder Maria Corina Machado i Washington, DC, 15. januar.<br \/>\n      Foto: BRENDAN SMIALOWSKI \/ AFP \/ NTB\n    <\/p>\n<p>If\u00f8lge Reuters h\u00e5per Machado ogs\u00e5 \u00e5 overbevise Trump om at hun kan samarbeide med Venezuelas fungerende president Delcy Rodr\u00edguez, som del av en midlertidig styringsmodell, blant annet om olje og tiltak for \u00e5 lette den humanit\u00e6re situasjonen.<\/p>\n<p>Hvordan et slikt samarbeid i praksis skal se ut, er fortsatt uklart, sier kilden.<\/p>\n<p>Samtidig \u00f8nsker Machado tydelig amerikansk st\u00f8tte til en eventuell overgang til demokratisk styre. Hun skal v\u00e6re innforst\u00e5tt med at nye valg neppe er aktuelt med det f\u00f8rste, og vil derfor ikke presse p\u00e5 for dette umiddelbart, if\u00f8lge kilden.<\/p>\n<p>   <img decoding=\"async\" width=\"5069\" height=\"3380\" fetchpriority=\"low\"  loading=\"lazy\"  src=\"https:\/\/www.europesays.com\/no\/wp-content\/uploads\/2026\/01\/NTB_JyQV45RsaGg.jpg\" alt=\"Venezuelan opposition leader Maria Corina Machado walks on the day of a meeting with U.S. President Donald Trump at the White House in Washington, D.C., U.S., January 15, 2026. REUTERS\/Kylie Cooper\" class=\"brick-c-cFOWSL\" style=\"--brick-image-ratio: 5069 \/ 3380;\"\/><\/p>\n<p>      F\u00d8R M\u00d8TET: Torsdag kveld norsk tid var Maria Corina Machado utenfor Det hvite hus.<br \/>\n      Foto: Kylie Cooper \/ REUTERS \/ NTB\n    <\/p>\n<p>  \u2013 Sv\u00e6rt samarbeidsvillige<\/p>\n<p>3. januar angrep USA en rekke m\u00e5l i USA, tok president Nicol\u00e1s Maduro og kona Cilia Flores til fange og fl\u00f8y dem til New York der de n\u00e5 sitter i varetekt.<\/p>\n<p>Maduros n\u00e6re allierte Delcy Rodr\u00edguez er siden utpekt til fungerende president, og broren hennes Jorge Rodr\u00edguez er gjenvalgt som leder i landets nasjonalforsamling.<\/p>\n<p>Karoline Leavitt fikk ogs\u00e5 sp\u00f8rsm\u00e5l om Venezuelas fungerende president Delcy Rodr\u00edguez. Hun sa at Trump har snakket med Rodr\u00edguez denne uken, og at utenriksminister Marco Rubio og administrasjonen har hatt \u00abkonstant kontakt\u00bb med henne og den midlertidige regjeringen.<\/p>\n<p>If\u00f8lge Leavitt har de v\u00e6rt \u00absv\u00e6rt samarbeidsvillige\u00bb, og hun trakk fram en energiavtale p\u00e5 500 millioner dollar som hun mener kom i stand p\u00e5 grunn av samarbeidet. Hun sa ogs\u00e5 at venezuelanske myndigheter har bekreftet at politiske fanger skal l\u00f8slates, og at fem amerikanere ble l\u00f8slatt denne uken.<\/p>\n<p><b>Les ogs\u00e5: <a class=\"simple-relation related-teaser article--c-eRUmMG article--c-eRUmMG-fZoQSp-design-nettavisen article--c-eRUmMG-gwthdJ-cv\" href=\"https:\/\/www.nettavisen.no\/bredere-onske-om-kontroll\/s\/5-95-2806692\" rel=\"nofollow noopener\" target=\"_blank\">\u2013 Bredere \u00f8nske om kontroll<\/a><\/b><\/p>\n<p>USA har de siste ukene bordet flere tankskip og hevder \u00e5 ha tatt kontroll over oljeeksporten fra Venezuela, som har verdens st\u00f8rste p\u00e5viste oljereserve.<\/p>\n<p>Trump har ogs\u00e5 hevdet at det n\u00e5 er han som styrer landet.<\/p>\n<p>    Vil du se neste video?<\/p>\n<p>    <a href=\"https:\/\/www.nettavisen.no\/nyheter\/pete-hegseth-avbryter-plutselig-marco-rubio-klikker-pa-direkten\/v\/5-95-2813524\" class=\"recommend-poster\" data-adp-clicklabel=\"video-recommend\" data-adp-clickvalue=\"poster\" rel=\"nofollow noopener\" target=\"_blank\"><br \/>\n      <img decoding=\"async\" width=\"200\" height=\"200\" loading=\"lazy\" src=\"https:\/\/www.europesays.com\/no\/wp-content\/uploads\/2026\/01\/Hegseth+til+cue.jpg\" alt=\"\" class=\"brick-c-cFOWSL\" style=\"--brick-image-ratio: 200 \/ 200;\"\/><\/p>\n<p>Avbryter plutselig: Klikker p\u00e5 direkten1:05<\/p>\n<p>    <\/a><\/p>\n<p><b>Les ogs\u00e5: <a class=\"simple-relation related-teaser article--c-eRUmMG article--c-eRUmMG-fZoQSp-design-nettavisen article--c-eRUmMG-gwthdJ-cv\" href=\"https:\/\/www.nettavisen.no\/trump-fredsprisvinner-machado-har-ikke-stotte-eller-respekt-i-venezuela\/s\/5-95-2806199\" rel=\"nofollow noopener\" target=\"_blank\">Trump: Fredsprisvinner Machado har ikke st\u00f8tte eller respekt i Venezuela<\/a><\/b><\/p>\n","protected":false},"excerpt":{"rendered":"\u2013 M\u00f8tet med Trump gikk veldig bra, det var flott, sier fredsprisvinner Maria Corina Machado. Hun har n\u00e5&hellip;\n","protected":false},"author":2,"featured_media":138677,"comment_status":"","ping_status":"","sticky":false,"template":"","format":"standard","meta":{"footnotes":""},"categories":[10],"tags":[20,21,24,25,15,22,23,13,30,28,29,14,16,26,27],"class_list":{"0":"post-138676","1":"post","2":"type-post","3":"status-publish","4":"format-standard","5":"has-post-thumbnail","7":"category-norge","8":"tag-breaking-news","9":"tag-breakingnews","10":"tag-featured-news","11":"tag-featurednews","12":"tag-headlines","13":"tag-latest-news","14":"tag-latestnews","15":"tag-news","16":"tag-no","17":"tag-norge","18":"tag-norway","19":"tag-nyheter","20":"tag-overskrifter","21":"tag-top-stories","22":"tag-topstories"},"share_on_mastodon":{"url":"https:\/\/pubeurope.com\/@no\/115901242120309161","error":""},"_links":{"self":[{"href":"https:\/\/www.europesays.com\/no\/wp-json\/wp\/v2\/posts\/138676","targetHints":{"allow":["GET"]}}],"collection":[{"href":"https:\/\/www.europesays.com\/no\/wp-json\/wp\/v2\/posts"}],"about":[{"href":"https:\/\/www.europesays.com\/no\/wp-json\/wp\/v2\/types\/post"}],"author":[{"embeddable":true,"href":"https:\/\/www.europesays.com\/no\/wp-json\/wp\/v2\/users\/2"}],"replies":[{"embeddable":true,"href":"https:\/\/www.europesays.com\/no\/wp-json\/wp\/v2\/comments?post=138676"}],"version-history":[{"count":0,"href":"https:\/\/www.europesays.com\/no\/wp-json\/wp\/v2\/posts\/138676\/revisions"}],"wp:featuredmedia":[{"embeddable":true,"href":"https:\/\/www.europesays.com\/no\/wp-json\/wp\/v2\/media\/138677"}],"wp:attachment":[{"href":"https:\/\/www.europesays.com\/no\/wp-json\/wp\/v2\/media?parent=138676"}],"wp:term":[{"taxonomy":"category","embeddable":true,"href":"https:\/\/www.europesays.com\/no\/wp-json\/wp\/v2\/categories?post=138676"},{"taxonomy":"post_tag","embeddable":true,"href":"https:\/\/www.europesays.com\/no\/wp-json\/wp\/v2\/tags?post=138676"}],"curies":[{"name":"wp","href":"https:\/\/api.w.org\/{rel}","templated":true}]}}