{"id":138690,"date":"2026-01-15T21:49:17","date_gmt":"2026-01-15T21:49:17","guid":{"rendered":"https:\/\/www.europesays.com\/no\/138690\/"},"modified":"2026-01-15T21:49:17","modified_gmt":"2026-01-15T21:49:17","slug":"britisk-utenriksminister-besoker-indre-troms-for-a-styrke-forsvarssamarbeidet","status":"publish","type":"post","link":"https:\/\/www.europesays.com\/no\/138690\/","title":{"rendered":"Britisk utenriksminister bes\u00f8ker Indre Troms for \u00e5 styrke forsvarssamarbeidet"},"content":{"rendered":"<p class=\"kicker t15 font-weight-bold m-font-weight-bold color_mobile_no_bg_color quaternary color_mobile_quaternary font-Trim text-case-transform-upper mobile-hasTextPadding\" style=\"\">Nyheter<\/p>\n<p>    1500 britiske soldater skal trene i Norge i \u00e5r. Torsdag bes\u00f8ker landets utenriksminister M\u00e5lselv.<\/p>\n<p>\n        MERLIN: Et britisk Merlin-helikopter \u00f8ver p\u00e5 transportoppdrag i Indre Troms. Bildet er datert 8. januar 2026.<br \/>\n        Foto: Lee Blease, Royal Navy\n    <\/p>\n<p>Den britiske utenriksministeren Yvette Cooper bes\u00f8ker M\u00e5lselv kommune i Indre Troms torsdag sammen med sin norske motpart Espen Barth Eide (Ap).\u00a0<\/p>\n<p>Det melder<a href=\"https:\/\/www.nrk.no\/tromsogfinnmark\/storbritannias-utenriksminister-besoker-troms-1.17728554\" rel=\"nofollow noopener\" target=\"_blank\"> NRK<\/a>.\u00a0<\/p>\n<p>\u2013 Dette bes\u00f8ket gir oss en felles mulighet til \u00e5 fremheve det tette og langsiktige forsvars- og sikkerhetspolitiske samarbeidet med Storbritannia, s\u00e6rlig i nordomr\u00e5dene. Disse utgj\u00f8r et strategisk tyngdepunkt for b\u00e5de norsk og europeisk sikkerhet, <a href=\"https:\/\/www.regjeringen.no\/no\/aktuelt\/utenriksminister-espen-barth-eide-motte-sin-britiske-kollega-i-bardufoss\/id3146279\/\" rel=\"nofollow noopener\" target=\"_blank\">sier Eide i en pressemelding<\/a>.<\/p>\n<p>I desember signerte Norge og Storbritannia en ny forsvarsavtale som kalles Lunna House om tettere samarbeid. Den omfatter nye fregatter, hurtig forsterkning og felles droneprosjekter.\u00a0<\/p>\n<p>Den nye avtalen inneb\u00e6rer at britiske styrker skal operere i Norge hele \u00e5ret, ikke bare p\u00e5 vinteren, slik det har v\u00e6rt hittil, skriver Royal Navy i en <a href=\"https:\/\/www.royalnavy.mod.uk\/news\/2026\/january\/02\/20260102-royal-marines-return-to-the-arctic-for-nato-operations\" rel=\"nofollow noopener\" target=\"_blank\">pressemelding<\/a>.<\/p>\n<p>Britene har i en \u00e5rrekke trent p\u00e5 Bardufoss flystasjon i den s\u00e5kalte \u00abOperation Clockwork\u00bb. Siden 2023 har de dessuten trent landstyrker ved \u00abCamp Viking\u00bb i \u00d8verbygd, der Skjold leir ogs\u00e5 ligger.\u00a0<\/p>\n<p>N\u00e5 skal britene gj\u00f8re seg klare for potensiell kamp i \u00abet av verdens mest ugjestmilde (inhospitable) milj\u00f8er\u00bb, som de formulerer det i pressemeldingen.<\/p>\n<p>I 2026 skal 1500 briter trene i Norge. De tar med seg terrengkj\u00f8ret\u00f8y og helikoptre.\u00a0<\/p>\n","protected":false},"excerpt":{"rendered":"Nyheter 1500 britiske soldater skal trene i Norge i \u00e5r. Torsdag bes\u00f8ker landets utenriksminister M\u00e5lselv. MERLIN: Et britisk&hellip;\n","protected":false},"author":2,"featured_media":138691,"comment_status":"","ping_status":"","sticky":false,"template":"","format":"standard","meta":{"footnotes":""},"categories":[10],"tags":[20,21,24,25,15,22,23,13,30,28,29,14,16,26,27],"class_list":{"0":"post-138690","1":"post","2":"type-post","3":"status-publish","4":"format-standard","5":"has-post-thumbnail","7":"category-norge","8":"tag-breaking-news","9":"tag-breakingnews","10":"tag-featured-news","11":"tag-featurednews","12":"tag-headlines","13":"tag-latest-news","14":"tag-latestnews","15":"tag-news","16":"tag-no","17":"tag-norge","18":"tag-norway","19":"tag-nyheter","20":"tag-overskrifter","21":"tag-top-stories","22":"tag-topstories"},"share_on_mastodon":{"url":"https:\/\/pubeurope.com\/@no\/115901324502892224","error":""},"_links":{"self":[{"href":"https:\/\/www.europesays.com\/no\/wp-json\/wp\/v2\/posts\/138690","targetHints":{"allow":["GET"]}}],"collection":[{"href":"https:\/\/www.europesays.com\/no\/wp-json\/wp\/v2\/posts"}],"about":[{"href":"https:\/\/www.europesays.com\/no\/wp-json\/wp\/v2\/types\/post"}],"author":[{"embeddable":true,"href":"https:\/\/www.europesays.com\/no\/wp-json\/wp\/v2\/users\/2"}],"replies":[{"embeddable":true,"href":"https:\/\/www.europesays.com\/no\/wp-json\/wp\/v2\/comments?post=138690"}],"version-history":[{"count":0,"href":"https:\/\/www.europesays.com\/no\/wp-json\/wp\/v2\/posts\/138690\/revisions"}],"wp:featuredmedia":[{"embeddable":true,"href":"https:\/\/www.europesays.com\/no\/wp-json\/wp\/v2\/media\/138691"}],"wp:attachment":[{"href":"https:\/\/www.europesays.com\/no\/wp-json\/wp\/v2\/media?parent=138690"}],"wp:term":[{"taxonomy":"category","embeddable":true,"href":"https:\/\/www.europesays.com\/no\/wp-json\/wp\/v2\/categories?post=138690"},{"taxonomy":"post_tag","embeddable":true,"href":"https:\/\/www.europesays.com\/no\/wp-json\/wp\/v2\/tags?post=138690"}],"curies":[{"name":"wp","href":"https:\/\/api.w.org\/{rel}","templated":true}]}}