{"id":138694,"date":"2026-01-15T21:57:11","date_gmt":"2026-01-15T21:57:11","guid":{"rendered":"https:\/\/www.europesays.com\/no\/138694\/"},"modified":"2026-01-15T21:57:11","modified_gmt":"2026-01-15T21:57:11","slug":"brems-i-rs-virus-influensa-pa-retur","status":"publish","type":"post","link":"https:\/\/www.europesays.com\/no\/138694\/","title":{"rendered":"Brems i RS-virus, influensa p\u00e5 retur"},"content":{"rendered":"\n<p class=\"_lead_o9xde_2 _lead_xtcu6_50 layout-component text-serif-m layout-normal text-serif-l layout-component layout-wide layout-padded _wide_17hqh_1 layout-padded\">I l\u00f8pet av \u00e5rets andre uke har antall sykehusinnleggelser som skyldes RS-virus stabilisert seg, og vi er trolig over toppen for vinterens influensautbrudd.<\/p>\n<p><img alt=\"DEN GANG DA: I 2021 fikk 10 m\u00e5neder gamle Alfred Hol Linnsund behandling for RS-virusinfeksjon p\u00e5 barnemottaket for infeksjon p\u00e5 Oslo universitetssykehus Ullev\u00e5l.  Foto: Heiko Junge \/ NTB\" class=\"_image_qp4xg_65 layout-component layout-wide\" data-fullscreen- data-track-element-type=\"Article image fullscreen\" data-track-name=\"ImageFullscreen\" fetchpriority=\"high\" decoding=\"sync\" loading=\"eager\" height=\"3131\" itemprop=\"image\"  src=\"https:\/\/www.europesays.com\/no\/wp-content\/uploads\/2026\/01\/841cce3a-e19e-43e8-96a7-3fbffcb2a742.jpeg\"  style=\"object-position:0% 0%\" width=\"4176\"\/>DEN GANG DA: I 2021 fikk 10 m\u00e5neder gamle Alfred Hol Linnsund behandling for RS-virusinfeksjon p\u00e5 barnemottaket for infeksjon p\u00e5 Oslo universitetssykehus Ullev\u00e5l.  Foto: Heiko Junge \/ NTB<\/p>\n<ul aria-hidden=\"true\" class=\"_images_ntbth_112\">\n<li><a class=\"_link_ntbth_117\" href=\"https:\/\/www.vg.no\/forfatter\/stella-bugge\" style=\"z-index:1\" title=\"Stella Bugge\" rel=\"nofollow noopener\" target=\"_blank\"><img alt=\"Bilde av Stella Bugge\" class=\"_image_ntbth_93\" fetchpriority=\"low\" loading=\"lazy\" decoding=\"async\" itemprop=\"image\"  src=\"https:\/\/www.europesays.com\/no\/wp-content\/uploads\/2026\/01\/1768514231_504_c673ac82-f3e7-47d3-aa1d-79bb6eca457a.png\"  width=\"480\"\/><\/a><\/li>\n<\/ul>\n<p> Oppdatert torsdag 15. januar kl. 21:48    <\/p>\n<ul class=\"_list_o9xde_3 _list_64s2r_85 _unordered_o9xde_106 text-sans-m\">\n<li class=\"_item_o9xde_30\">Sykehusinnleggelser grunnet RS-virus har stabilisert seg, og vi er trolig over toppunktet for influensasesongen.<\/li>\n<li class=\"_item_o9xde_30\">FHI rapporterer 60 RS-virusinnleggelser i uke 2, ned fra 95 i uke 1.<\/li>\n<li class=\"_item_o9xde_30\">Influensatilfeller er p\u00e5 vei ned, men varierer geografisk, med h\u00f8yere andel positive pr\u00f8ver i Agder og Finnmark.<\/li>\n<\/ul>\n<p>Vis mer <\/p>\n<p class=\"_paragraph_o9xde_4 _paragraph_xtcu6_10 layout-component text-serif-m layout-normal text-serif-m layout-padded\">Det viser ferske <a href=\"https:\/\/www.fhi.no\/publ\/statusrapporter\/luftveisinfeksjoner\/\" class=\"_link_o9xde_39\" rel=\"nofollow noopener\" target=\"_blank\">tall fra Folkehelseinstituttet (FHI).<\/a><\/p>\n<p class=\"_paragraph_o9xde_4 _paragraph_xtcu6_10 layout-component text-serif-m layout-normal text-serif-m layout-padded\">Det er rapportert om 60 sykehusinnleggelser med RS-virusinfeksjon i uke 2, etter 95 i den f\u00f8rste januar-uken. P\u00e5 tampen av fjor\u00e5ret var det 48 innleggelser.<\/p>\n<p>\u2013 Farligst for de minste<\/p>\n<p class=\"_paragraph_o9xde_4 _paragraph_xtcu6_10 layout-component text-serif-m layout-normal text-serif-m layout-padded\">\u2013 RS-viruset har stabilisert seg. Viruset er farligst for de aller minste og den hyppigste \u00e5rsaken til at spedbarn legges inn p\u00e5 sykehus i Norge. Jo yngre man er, jo h\u00f8yere er risikoen, sier smittevernoverlege Jacob Dag Berild hos <a href=\"https:\/\/www.vg.no\/tag\/fhi?utm_source=vg-article&amp;utm_medium=auto-tagger&amp;utm_campaign=gkW4z5\" class=\"_link_o9xde_39\" rel=\"nofollow noopener\" target=\"_blank\">FHI<\/a> til VG.<\/p>\n<p class=\"_paragraph_o9xde_4 _paragraph_xtcu6_10 layout-component text-serif-m layout-normal text-serif-m layout-padded\">\u00c5rsaken er at s\u00e6rlig barn under seks m\u00e5neder har sm\u00e5 forhold i luftveiene og at viruset setter seg nederst i lungene hos disse i motsetning til hos voksne og eldre barn.<\/p>\n<p class=\"_paragraph_o9xde_4 _paragraph_xtcu6_10 layout-component text-serif-m layout-normal text-serif-m layout-padded\">\u2013 Lungene hos de minste blir fylt opp med slim og de kan f\u00e5 problemer med puste, sier Berild.<\/p>\n<p class=\"_paragraph_o9xde_4 _paragraph_xtcu6_10 layout-component text-serif-m layout-normal text-serif-m layout-padded\">Hvert \u00e5r legges mellom 1 og 2 prosent av alle barn under ett \u00e5r inn p\u00e5 sykehus p\u00e5 grunn av RS-virus. Det er da ogs\u00e5 \u00e5rsaken til at FHI i november<a href=\"https:\/\/www.fhi.no\/nyheter\/2025\/fhi-anbefaler-forebygging-mot-rsv-infeksjon-for-spedbarn\/\" class=\"_link_o9xde_39\" rel=\"nofollow noopener\" target=\"_blank\"> anbefalte<\/a> at vaksine til gravide eller antistoff til spedbarn skal tas inn i barnevaksinasjonsprogrammet. I dag er det bare vaksine til gravide som er tilgjengelig i Norge.<\/p>\n<p class=\"_paragraph_o9xde_4 _paragraph_xtcu6_10 layout-component text-serif-m layout-normal text-serif-m layout-padded\"><strong class=\"_strong_o9xde_25\">Les ogs\u00e5: <\/strong><a href=\"https:\/\/www.vg.no\/helse\/i\/1MKedB\/rs-virus-barnelegeforeningen-krever-vaksine-for-norske-barn\" data-track-element-type=\"Link\" data-track-id=\"link:1MKedB\" class=\"_link_o9xde_39\" rel=\"nofollow noopener\" target=\"_blank\">Barneleger krever vaksinering mot RS-virus<\/a><\/p>\n<p class=\"_paragraph_o9xde_4 _paragraph_xtcu6_10 layout-component text-serif-m layout-normal text-serif-m layout-padded\">De kan ta vaksinen i siste halvdel av svangerskapet, men m\u00e5 betale selv. Prisen er 2500 kroner.<\/p>\n<p class=\"_paragraph_o9xde_4 _paragraph_xtcu6_10 layout-component text-serif-m layout-normal text-serif-m layout-padded\">\u2013 Skal man ta vaksinen, er det viktig at man tar Abrysvo-vaksinen da det bare er denne som er godkjent for gravide, sier Berild.<\/p>\n<p>Slik unng\u00e5r du smitte<\/p>\n<p class=\"_paragraph_o9xde_4 _paragraph_xtcu6_10 layout-component text-serif-m layout-normal text-serif-m layout-padded\">\u2013 Hvordan skal sm\u00e5barnsforeldre unng\u00e5 at barnet f\u00e5r RS-virus?<\/p>\n<p class=\"_paragraph_o9xde_4 _paragraph_xtcu6_10 layout-component text-serif-m layout-normal text-serif-m layout-padded\">\u2013 Ikke ta imot bes\u00f8k av noen som er forkj\u00f8let.<\/p>\n<p class=\"_paragraph_o9xde_4 _paragraph_xtcu6_10 layout-component text-serif-m layout-normal text-serif-m layout-padded\">\u2013 Og hvilke symptomer skal man se opp for?<\/p>\n<p class=\"_paragraph_o9xde_4 _paragraph_xtcu6_10 layout-component text-serif-m layout-normal text-serif-m layout-padded\">\u2013 F\u00f8lg med p\u00e5 barnets allmenntilstand og om det puster som det pleier. Barna f\u00e5r ofte redusert appetitt og problemer med \u00e5 ta pupp eller flaske, de blir slappere og kan bli vanskelige \u00e5 f\u00e5 kontakt med. Ring da fastlege eller legevakt. Er pusten veldig p\u00e5virket, ring 113. Men det er sjelden at det g\u00e5r s\u00e5 langt, sier Berild.<\/p>\n<p class=\"_paragraph_o9xde_4 _paragraph_xtcu6_10 layout-component text-serif-m layout-normal text-serif-m layout-padded\"><strong class=\"_strong_o9xde_25\">Les ogs\u00e5: <\/strong><a href=\"https:\/\/www.vg.no\/helse\/i\/3M0Vz9\/rs-vaksine-overlegen-betalte-selv-for-vaksinen\" data-track-element-type=\"Link\" data-track-id=\"link:3M0Vz9\" class=\"_link_o9xde_39\" rel=\"nofollow noopener\" target=\"_blank\">Lege-mamma betalte RS-vaksine av egen lomme<\/a><\/p>\n<p>Fakta RS-virus<\/p>\n<p class=\"_paragraph_o9xde_4 _paragraph_xtcu6_10 _paragraph_16v91_10 layout-component text-serif-m layout-normal text-sans-m layout-padded\">RSV (respiratorisk syncytialvirus) er et vanlig luftveisvirus som sprer seg hvert \u00e5r gjennom h\u00f8st- og vintersesongen. Sesongen varer vanligvis fra november til april.<\/p>\n<p class=\"_paragraph_o9xde_4 _paragraph_xtcu6_10 _paragraph_16v91_10 layout-component text-serif-m layout-normal text-sans-m layout-padded\">Viruset er en hyppig \u00e5rsak til nedre luftveisinfeksjoner hos spedbarn og sm\u00e5barn. Ogs\u00e5 voksne kan rammes av nedre luftveisinfeksjon med RSV.<\/p>\n<p class=\"_paragraph_o9xde_4 _paragraph_xtcu6_10 _paragraph_16v91_10 layout-component text-serif-m layout-normal text-sans-m layout-padded\">Det finnes ingen effektiv behandling mot \u00e5rsaken til RSV-infeksjon. Man kan behandle symptomene. Antibiotika, som virker mot bakterier, hjelper ikke mot virus.<\/p>\n<p class=\"_paragraph_o9xde_4 _paragraph_xtcu6_10 _paragraph_16v91_10 layout-component text-serif-m layout-normal text-sans-m layout-padded\">Det er viktig \u00e5 drikke mye.<\/p>\n<p class=\"_paragraph_o9xde_4 _paragraph_xtcu6_10 _paragraph_16v91_10 layout-component text-serif-m layout-normal text-sans-m layout-padded\">Kilde: FHI og Store medisinske leksikon.<\/p>\n<p>Vis merInfluensa ned<\/p>\n<p class=\"_paragraph_o9xde_4 _paragraph_xtcu6_10 layout-component text-serif-m layout-normal text-serif-m layout-padded\">Influensab\u00f8lgen er p\u00e5 vei ned. Andel pr\u00f8ver med p\u00e5vist influensavirus blant de testede har g\u00e5tt ned de siste tre ukene og var i uke 2 p\u00e5 15 prosent, if\u00f8lge FHI.<\/p>\n<p class=\"_paragraph_o9xde_4 _paragraph_xtcu6_10 layout-component text-serif-m layout-normal text-serif-m layout-padded\">\u2013 I det store og det hele er influensa p\u00e5 vei ned, oppsummerer Berild.<\/p>\n<p class=\"_paragraph_o9xde_4 _paragraph_xtcu6_10 layout-component text-serif-m layout-normal text-serif-m layout-padded\"> Men det er store geografiske forskjeller. I Agder og Finnmark var andelen positive pr\u00f8ver henholdsvis 23 og 20 prosent, en \u00f8kning var uken f\u00f8r.<\/p>\n<p class=\"_paragraph_o9xde_4 _paragraph_xtcu6_10 layout-component text-serif-m layout-normal text-serif-m layout-padded\"> FHI anbefaler fortsatt at de over 65 og yngre i risikogruppene vaksinerer seg.<\/p>\n<p class=\"_paragraph_o9xde_4 _paragraph_xtcu6_10 layout-component text-serif-m layout-normal text-serif-m layout-padded\">Per 11. januar var 69 prosent i aldersgruppen 65 \u00e5r og eldre vaksinert siden 25. august.<\/p>\n","protected":false},"excerpt":{"rendered":"I l\u00f8pet av \u00e5rets andre uke har antall sykehusinnleggelser som skyldes RS-virus stabilisert seg, og vi er trolig&hellip;\n","protected":false},"author":2,"featured_media":138695,"comment_status":"","ping_status":"","sticky":false,"template":"","format":"standard","meta":{"footnotes":""},"categories":[10],"tags":[20,21,24,25,1341,15,7141,22,23,13,30,28,29,14,16,26,27,1657],"class_list":{"0":"post-138694","1":"post","2":"type-post","3":"status-publish","4":"format-standard","5":"has-post-thumbnail","7":"category-norge","8":"tag-breaking-news","9":"tag-breakingnews","10":"tag-featured-news","11":"tag-featurednews","12":"tag-fhi","13":"tag-headlines","14":"tag-influensa","15":"tag-latest-news","16":"tag-latestnews","17":"tag-news","18":"tag-no","19":"tag-norge","20":"tag-norway","21":"tag-nyheter","22":"tag-overskrifter","23":"tag-top-stories","24":"tag-topstories","25":"tag-virus"},"share_on_mastodon":{"url":"https:\/\/pubeurope.com\/@no\/115901356166349803","error":""},"_links":{"self":[{"href":"https:\/\/www.europesays.com\/no\/wp-json\/wp\/v2\/posts\/138694","targetHints":{"allow":["GET"]}}],"collection":[{"href":"https:\/\/www.europesays.com\/no\/wp-json\/wp\/v2\/posts"}],"about":[{"href":"https:\/\/www.europesays.com\/no\/wp-json\/wp\/v2\/types\/post"}],"author":[{"embeddable":true,"href":"https:\/\/www.europesays.com\/no\/wp-json\/wp\/v2\/users\/2"}],"replies":[{"embeddable":true,"href":"https:\/\/www.europesays.com\/no\/wp-json\/wp\/v2\/comments?post=138694"}],"version-history":[{"count":0,"href":"https:\/\/www.europesays.com\/no\/wp-json\/wp\/v2\/posts\/138694\/revisions"}],"wp:featuredmedia":[{"embeddable":true,"href":"https:\/\/www.europesays.com\/no\/wp-json\/wp\/v2\/media\/138695"}],"wp:attachment":[{"href":"https:\/\/www.europesays.com\/no\/wp-json\/wp\/v2\/media?parent=138694"}],"wp:term":[{"taxonomy":"category","embeddable":true,"href":"https:\/\/www.europesays.com\/no\/wp-json\/wp\/v2\/categories?post=138694"},{"taxonomy":"post_tag","embeddable":true,"href":"https:\/\/www.europesays.com\/no\/wp-json\/wp\/v2\/tags?post=138694"}],"curies":[{"name":"wp","href":"https:\/\/api.w.org\/{rel}","templated":true}]}}