{"id":138700,"date":"2026-01-15T22:03:13","date_gmt":"2026-01-15T22:03:13","guid":{"rendered":"https:\/\/www.europesays.com\/no\/138700\/"},"modified":"2026-01-15T22:03:13","modified_gmt":"2026-01-15T22:03:13","slug":"trump-nobels-fredspris-machado-ga-trump-nobels-fredspris-medaljen","status":"publish","type":"post","link":"https:\/\/www.europesays.com\/no\/138700\/","title":{"rendered":"Trump, Nobels fredspris | Machado ga Trump Nobels fredspris-medaljen"},"content":{"rendered":"\n<p>Fredsprisvinner Mar\u00eda Corina Machado m\u00f8tte USAs president Donald Trump i Det hvite hus torsdag kveld.<\/p>\n<p>Til presse utenfor den amerikanske kongressen fikk hun sp\u00f8rsm\u00e5l om hun ga Nobels fredspris til Trump.<\/p>\n<p>\u2013 Jeg presenterte medaljen til de amerikanske presindenten, fortalte Machado.<\/p>\n<p>Hun sa videre at hun ham en anektodet om general Lafayette som ga en medalje til George Washington som han beholdt resten av livet, som et tegn p\u00e5 brorskap mellom USA og Venezuela.<\/p>\n<p>Machado har tidligere dedikert prisen til Trump, og det var p\u00e5 f\u00e5rh\u00e5nd spekulert p\u00e5 om hun ville gi den til ham i m\u00f8tet.<\/p>\n<p>Les ogs\u00e5: <a class=\"simple-relation related-teaser article--c-eRUmMG article--c-eRUmMG-fZoQSp-design-nettavisen article--c-eRUmMG-gwthdJ-cv\" href=\"https:\/\/www.nettavisen.no\/machado-vil-ikke-si-om-hun-ga-fredpris-medaljen-til-trump\/s\/5-95-2827633\" rel=\"nofollow noopener\" target=\"_blank\">Machado vil ikke si om hun ga fredpris-medaljen til Trump<\/a><\/p>\n<p>President Trump har uttrykt stor misn\u00f8ye med at han ikke har f\u00e5tt fredsprisen, og har langet ut mot Norge ved flere anledninger.<\/p>\n<p>\u2013 Norge, et NATO-medlem, valgte t\u00e5pelig nok \u00e5 ikke gi meg Nobels fredspris, skrev Trump i et innlegg p\u00e5 Truth Social like etter nytt\u00e5r.<\/p>\n<p>Trump st\u00e5r p\u00e5 at Machado ikke har st\u00f8tte<\/p>\n<p>\u2013 Presidenten s\u00e5 fram til dette m\u00f8tet og forventet en god og konstruktiv samtale om realitetene p\u00e5 bakken i Venezuela, sa pressesekret\u00e6r Karoline Leavitt p\u00e5 en pressebriefing mens m\u00f8tet p\u00e5gikk.<\/p>\n<p>Leavitt beskrev Machado som en enest\u00e5ende og modig stemme for det venezuelanske folket.<\/p>\n<p>Samtidig understreket Leavitt at Trumps vurdering av Machado ikke har endret seg.<\/p>\n<p>Hun fikk sp\u00f8rsm\u00e5l om presidenten fortsatt mener at Machado har for lite st\u00f8tte i Venezuela til \u00e5 kunne lede landet.<\/p>\n<p>\u2013 Det var en realistisk vurdering basert p\u00e5 det presidenten leste og h\u00f8rte fra r\u00e5dgivere og det nasjonale sikkerhetsteamet. Og p\u00e5 dette tidspunktet har ikke hans mening endret seg, sa Leavitt.<\/p>\n<p>   <img decoding=\"async\" width=\"6400\" height=\"4264\" fetchpriority=\"low\"  loading=\"lazy\"  src=\"https:\/\/www.europesays.com\/no\/wp-content\/uploads\/2026\/01\/NTB_apAXmDvLeGE.jpg\" alt=\"White House Press Secretary Karoline Leavitt speaks during a press briefing in the Brady Briefing Room of the White House in Washington, DC, on January 15, 2026. (Photo by Mandel NGAN \/ AFP)\" class=\"brick-c-cFOWSL\" style=\"--brick-image-ratio: 6400 \/ 4264;\"\/><\/p>\n<p>      Pressesekret\u00e6r Karoline Leavitt holdt en pressebrifing i Det hvite hus.<br \/>\n      Foto: MANDEL NGAN \/ AFP \/ NTB\n    <\/p>\n<p>P\u00e5 sp\u00f8rsm\u00e5l om hva Trump m\u00e5tte h\u00f8re fra Machado for \u00e5 g\u00e5 med p\u00e5 en tidsplan for valg, svarte Leavitt at presidenten ikke gikk inn i m\u00f8tet med slike forventninger.<\/p>\n<p>\u2013 Jeg tror ikke han trenger \u00e5 h\u00f8re noe fra fru Machado. Dette er et m\u00f8te presidenten var villig til \u00e5 ta for \u00e5 m\u00f8te henne personlig og ha en \u00e5pen og positiv samtale om det som skjer i Venezuela, sa hun.<\/p>\n<p>    Vil du se neste video?<\/p>\n<p>    <a href=\"https:\/\/www.nettavisen.no\/nyheter\/pete-hegseth-avbryter-plutselig-marco-rubio-klikker-pa-direkten\/v\/5-95-2813524\" class=\"recommend-poster\" data-adp-clicklabel=\"video-recommend\" data-adp-clickvalue=\"poster\" rel=\"nofollow noopener\" target=\"_blank\"><br \/>\n      <img decoding=\"async\" width=\"200\" height=\"200\" loading=\"lazy\" src=\"https:\/\/www.europesays.com\/no\/wp-content\/uploads\/2026\/01\/Hegseth+til+cue.jpg\" alt=\"\" class=\"brick-c-cFOWSL\" style=\"--brick-image-ratio: 200 \/ 200;\"\/><\/p>\n<p>Avbryter plutselig: Klikker p\u00e5 direkten1:05<\/p>\n<p>    <\/a><\/p>\n<p>Vil f\u00e5 Trump til \u00e5 snu<\/p>\n<p>If\u00f8lge en kilde <a rel=\"Follow nofollow noopener\" href=\"https:\/\/www.reuters.com\/world\/venezuela-live-trump-host-opposition-leader-machado-rodriguez-addresses-national-2026-01-15\/\" target=\"_blank\">Reuters<\/a> har snakket med, er Machados viktigste m\u00e5l under m\u00f8tet \u00e5 f\u00e5 Trump bort fra synet om at hun og opposisjonen mangler st\u00f8tte og respekt i Venezuela.<\/p>\n<p>Etter at USA angrep Venezuela og tok Maduro til fange, ble mange overrasket over at Trump ikke uttrykte st\u00f8tte til at Machado kunne v\u00e6re en kandidat til \u00e5 ta over styringen av landet.<\/p>\n<p>Trump uttalte kort tid etter angrepet 3. januar at Machado ikke har st\u00f8tte eller respekt i befolkningen til \u00e5 styre Venezuela.<\/p>\n<p>   <img decoding=\"async\" width=\"6762\" height=\"4508\" fetchpriority=\"low\"  loading=\"lazy\"  src=\"https:\/\/www.europesays.com\/no\/wp-content\/uploads\/2026\/01\/NTB_lKyqDJcTUXM.jpg\" alt=\"Supporters of Venezuela gather outside the White House ahead of the meeting between US President Donald Trump Venezuelan opposition leader Maria Corina Machado in Washington, DC on January 15, 2026. (Photo by Brendan SMIALOWSKI \/ AFP)\" class=\"brick-c-cFOWSL\" style=\"--brick-image-ratio: 6762 \/ 4508;\"\/><\/p>\n<p>      VENEZUELA: Tilhengere av Venezuela samles utenfor Det hvite hus f\u00f8r m\u00f8tet mellom USAs president Donald Trump og Venezuelas opposisjonsleder Maria Corina Machado i Washington, DC, 15. januar.<br \/>\n      Foto: BRENDAN SMIALOWSKI \/ AFP \/ NTB\n    <\/p>\n<p>If\u00f8lge Reuters h\u00e5per Machado ogs\u00e5 \u00e5 overbevise Trump om at hun kan samarbeide med Venezuelas fungerende president Delcy Rodr\u00edguez, som del av en midlertidig styringsmodell, blant annet om olje og tiltak for \u00e5 lette den humanit\u00e6re situasjonen.<\/p>\n<p>Hvordan et slikt samarbeid i praksis skal se ut, er fortsatt uklart, sier kilden.<\/p>\n<p>Samtidig \u00f8nsker Machado tydelig amerikansk st\u00f8tte til en eventuell overgang til demokratisk styre. Hun skal v\u00e6re innforst\u00e5tt med at nye valg neppe er aktuelt med det f\u00f8rste, og vil derfor ikke presse p\u00e5 for dette umiddelbart, if\u00f8lge kilden.<\/p>\n","protected":false},"excerpt":{"rendered":"Fredsprisvinner Mar\u00eda Corina Machado m\u00f8tte USAs president Donald Trump i Det hvite hus torsdag kveld. Til presse utenfor&hellip;\n","protected":false},"author":2,"featured_media":138701,"comment_status":"","ping_status":"","sticky":false,"template":"","format":"standard","meta":{"footnotes":""},"categories":[12],"tags":[20,21,24,25,15,22,23,13,30,28,29,14,16,26,27,42,43,44,45],"class_list":{"0":"post-138700","1":"post","2":"type-post","3":"status-publish","4":"format-standard","5":"has-post-thumbnail","7":"category-verden","8":"tag-breaking-news","9":"tag-breakingnews","10":"tag-featured-news","11":"tag-featurednews","12":"tag-headlines","13":"tag-latest-news","14":"tag-latestnews","15":"tag-news","16":"tag-no","17":"tag-norge","18":"tag-norway","19":"tag-nyheter","20":"tag-overskrifter","21":"tag-top-stories","22":"tag-topstories","23":"tag-verden","24":"tag-world","25":"tag-world-news","26":"tag-worldnews"},"share_on_mastodon":{"url":"https:\/\/pubeurope.com\/@no\/115901379606404394","error":""},"_links":{"self":[{"href":"https:\/\/www.europesays.com\/no\/wp-json\/wp\/v2\/posts\/138700","targetHints":{"allow":["GET"]}}],"collection":[{"href":"https:\/\/www.europesays.com\/no\/wp-json\/wp\/v2\/posts"}],"about":[{"href":"https:\/\/www.europesays.com\/no\/wp-json\/wp\/v2\/types\/post"}],"author":[{"embeddable":true,"href":"https:\/\/www.europesays.com\/no\/wp-json\/wp\/v2\/users\/2"}],"replies":[{"embeddable":true,"href":"https:\/\/www.europesays.com\/no\/wp-json\/wp\/v2\/comments?post=138700"}],"version-history":[{"count":0,"href":"https:\/\/www.europesays.com\/no\/wp-json\/wp\/v2\/posts\/138700\/revisions"}],"wp:featuredmedia":[{"embeddable":true,"href":"https:\/\/www.europesays.com\/no\/wp-json\/wp\/v2\/media\/138701"}],"wp:attachment":[{"href":"https:\/\/www.europesays.com\/no\/wp-json\/wp\/v2\/media?parent=138700"}],"wp:term":[{"taxonomy":"category","embeddable":true,"href":"https:\/\/www.europesays.com\/no\/wp-json\/wp\/v2\/categories?post=138700"},{"taxonomy":"post_tag","embeddable":true,"href":"https:\/\/www.europesays.com\/no\/wp-json\/wp\/v2\/tags?post=138700"}],"curies":[{"name":"wp","href":"https:\/\/api.w.org\/{rel}","templated":true}]}}