{"id":138708,"date":"2026-01-15T22:10:07","date_gmt":"2026-01-15T22:10:07","guid":{"rendered":"https:\/\/www.europesays.com\/no\/138708\/"},"modified":"2026-01-15T22:10:07","modified_gmt":"2026-01-15T22:10:07","slug":"en-startgruppe-nrk-urix-utenriksnyheter-og-dokumentarer","status":"publish","type":"post","link":"https:\/\/www.europesays.com\/no\/138708\/","title":{"rendered":"\u2013 En startgruppe \u2013 NRK Urix \u2013 Utenriksnyheter og -dokumentarer"},"content":{"rendered":"<p>De er ikke mange.<\/p>\n<p>13 fra Tyskland. 15 fra Frankrike. Mellom \u00e9n og tre fra Norge, Sverige, Storbritannia og Nederland, if\u00f8lge <a href=\"https:\/\/www.bbc.com\/news\/articles\/cd0ydjvxpejo\" ec-id=\"https:\/\/www.bbc.com\/news\/articles\/cd0ydjvxpejo\" ec-name=\"BBC\" rel=\"nofollow noopener\" target=\"_blank\">BBC<\/a>.<\/p>\n<p>Og selvsagt et ukjent antall fra Danmark. De ankom med et Hercules-fly sent onsdag kveld lokal tid.<\/p>\n<p>Men selv om de er f\u00e5, har soldatene som reiser fra Europa til Gr\u00f8nland, stor betydning:<\/p>\n<p>\u2013 Det aller viktigste er at det viser et samarbeid og samhold mellom flere europeiske land, sier Gunhild Hoogensen Gj\u00f8rv, professor i sikkerhetspolitikk ved Universitetet i Troms\u00f8 (UiT), til NRK.<\/p>\n<p><strong>Og den lille kontingenten varsler trolig starten p\u00e5 noe langt st\u00f8rre, mener hun.<br \/>\n<\/strong><\/p>\n<p><img decoding=\"async\"   src=\"data:image\/gif;base64,R0lGODlhAQABAIAAAAAAAP\/\/\/yH5BAEAAAAALAAAAAABAAEAAAIBRAA7\" loading=\"eager\" alt=\" Gunhild Hoogensen Gj\u00f8rv\" title=\"Foto: Gunnar Grindstein \/ NRK\"\/><\/p>\n<p class=\"\">Sikkerhetspolitikk-professor Gunhild Hoogensen Gj\u00f8rv mener Europa og Danmark er i gang med \u00e5 planlegge opptrappingen av milit\u00e6raktivitet p\u00e5 Gr\u00f8nland.<\/p>\n<p>Foto: Gunnar Grindstein \/ NRK<\/p>\n<p>Mer milit\u00e6re p\u00e5 Gr\u00f8nland<\/p>\n<p>De europeiske soldatene utgj\u00f8r et \u00abutforskningsteam\u00bb, if\u00f8lge Tyskland.<\/p>\n<p>\u2013 M\u00e5let er \u00e5 utforske m\u00e5ter for \u00e5 s\u00f8rge for sikkerheten i lys av russiske og kinesiske trusler i Arktis, skriver Forsvarsdepartementet i en <a href=\"https:\/\/www.bmvg.de\/de\/presse\/bundeswehr-erkundung-groenland-6058532\" ec-id=\"https:\/\/www.bmvg.de\/de\/presse\/bundeswehr-erkundung-groenland-6058532\" ec-name=\"uttalelse\" rel=\"nofollow noopener\" target=\"_blank\">uttalelse<\/a>.<\/p>\n<p>Soldatene skal hente inn informasjon om lokale forhold som er relevant for operasjoner og trening.<\/p>\n<p>    Dette m\u00e5 du vite om situasjonen p\u00e5 Gr\u00f8nland<\/p>\n<ul aria-labelledby=\"08c6d3ff-cd77-4bee-aae6-aeee81f20b9e\" role=\"list\">\n<li>Hvorfor snakker alle om Gr\u00f8nland n\u00e5?\n<p>Amerikanske myndigheter har flere ganger det siste \u00e5ret sagt at USA burde kontrollere Gr\u00f8nland for \u00e5 ivareta egen sikkerhet. <\/p>\n<p><strong>Trump har sagt at han ikke utelukker \u00e5 bruke milit\u00e6r makt for \u00e5 ta kontroll over \u00f8ya.<\/strong><\/p>\n<p>Gr\u00f8nland er verdens st\u00f8rste \u00f8y og ligger strategisk plassert i Arktis. \u00d8yen er viktig b\u00e5de p\u00e5 grunn av forekomster av mineraler og for kontroll av arktiske havomr\u00e5der. <\/p>\n<p>\u00d8ya er en del av Kongeriket Danmark, men har selvstyre p\u00e5 de fleste omr\u00e5der. <\/p>\n<p>Amerikanske myndigheter sier at hvis ikke USA tar kontroll over \u00f8yen, s\u00e5 vil Kina og Russland gj\u00f8re det. Det motstrides av flere eksperter. <\/p>\n<\/li>\n<li>Hvordan svarer Gr\u00f8nland og Danmark?\n<p>B\u00e5de politikere og vanlige folk p\u00e5 Gr\u00f8nland avviser blankt \u00e5 bli del av USA. <\/p>\n<p><strong>\u2013 Hvis vi m\u00e5 velge mellom USA og Danmark her og n\u00e5, s\u00e5 velger vi Danmark.<\/strong><\/p>\n<p>Det sa Gr\u00f8nlands statsminister Jens-Frederik Nielsen p\u00e5 en pressekonferanse med Danmarks statsminister Mette Frederiksen 13. januar.<\/p>\n<p>Gr\u00f8nlands statsminister kaller situasjonen for en geopolitisk krise. Danmarks statsminister Mette Fredriksen kaller situasjonen for uakseptabel.<\/p>\n<p>\u2013 Gr\u00f8nland er ikke til salgs, sa hun.<\/p>\n<p>Unders\u00f8kelser p\u00e5 Gr\u00f8nland viser ogs\u00e5 stor motstand mot at landet skal bli en del av USA. <\/p>\n<p>Gr\u00f8nlendere NRK har snakket med understreker det samme. <\/p>\n<p><strong>\u2013 Gr\u00f8nlands fremtid skal avgj\u00f8res alene av gr\u00f8nlenderne. Ikke av Trump. Ikke av USA, sa den gr\u00f8nlandske aktivisten Orla Joelsen til NRK.<\/strong><\/p>\n<\/li>\n<li>Hva skjer videre?\n<p>Det skjer hektisk m\u00f8tevirksomhet mellom danske, gr\u00f8nlandske og europeiske myndigheter som f\u00f8lge av kommentarene fra USA. <\/p>\n<p>En rekke europeiske ledere viser klar st\u00f8tte til Danmark og Gr\u00f8nland. Statsminister Jonas Gahr St\u00f8re har gjort det klart at Norge stiller seg fullt og helt bak Danmark.<\/p>\n<p>Politiske ledere fra Gr\u00f8nland og Danmark m\u00f8tte USAs utenriksminister Marco Rubio og visepresident J.D. Vance 14. januar. <\/p>\n<p>Der ble de enige om \u00e5 fortsette diskusjonene landene imellom i en \u00abarbeidsgruppe\u00bb. Donald Trump har i etterkant av m\u00f8tet gjentatt \u00f8nsket om \u00e5 kontrollere Gr\u00f8nland.   <\/p>\n<p><strong>Det danske forsvaret har sendt ekstra milit\u00e6re styrker til \u00f8ya som f\u00f8lge av kommunikasjonen som kommer fra USA, if\u00f8lge Danmarks Radio (DR).<\/strong><\/p>\n<p>Denne styrken skal bli st\u00f8ttet av ytterligere styrker fra allierte, europeiske land, if\u00f8lge DR. If\u00f8lge Forsvarsdepartementet skal Norge sende to personer til Gr\u00f8nland, som del av dette. <\/p>\n<\/li>\n<\/ul>\n<p>De franske soldatene er \u00abfjelleksperter\u00bb, sa Frankrikes president Emmanuel Macron, if\u00f8lge Reuters. Han \u00e5pner for at Frankrike kan sende flere soldater i dagene som kommer.<\/p>\n<p>Samtidig varsler Danmark at de skal trappe opp tilstedev\u00e6relsen og antallet \u00f8velser p\u00e5 Gr\u00f8nland.<\/p>\n<p>\u2013 Fra og med i dag vil det v\u00e6re \u00f8kt milit\u00e6r tilstedev\u00e6relse i og rundt Gr\u00f8nland \u2013 i n\u00e6rt samarbeid med Nato-allierte, skriver Danmarks forsvarsdepartement i en <a href=\"https:\/\/www.fmn.dk\/en\/news\/2025\/the-danish-armed-forces-expand-their-presence-and-continue-exercises-in-greenland-in-close-cooperation-with-allies\/\" ec-id=\"https:\/\/www.fmn.dk\/en\/news\/2025\/the-danish-armed-forces-expand-their-presence-and-continue-exercises-in-greenland-in-close-cooperation-with-allies\/\" ec-name=\"uttalelse\" rel=\"nofollow noopener\" target=\"_blank\">uttalelse<\/a>.<\/p>\n<p>Dette inkluderer milit\u00e6re fly, skip og soldater.<\/p>\n<p>\u00d8velsene skal s\u00f8rge for bedre evne til \u00e5 ta imot styrker og gjennomf\u00f8re milit\u00e6roperasjoner, beskytte kritisk infrastruktur p\u00e5 Gr\u00f8nland og st\u00f8tte \u00f8yas lokale myndigheter.<\/p>\n<p>\u2013 Ikke et hyggelig m\u00f8te<\/p>\n<p>De europeiske soldatene som n\u00e5 sendes til Gr\u00f8nland, er der trolig i forbindelse med opptrappingen av milit\u00e6r tilstedev\u00e6relse og \u00f8velser, mener sikkerhetspolitikk-professor Gunhild Hoogensen Gj\u00f8rv.<\/p>\n<p>\u2013 Inntrykket jeg har f\u00e5tt, er at det handler om rekognosering, sier hun.<\/p>\n<p><img decoding=\"async\"   src=\"data:image\/gif;base64,R0lGODlhAQABAIAAAAAAAP\/\/\/yH5BAEAAAAALAAAAAABAAEAAAIBRAA7\" loading=\"eager\" alt=\"Et krigsskip utenfor kysten av Nuuk p\u00e5 Gr\u00f8nland 15. januar.\" title=\"Foto: ALESSANDRO RAMPAZZO \/ AFP \/ NTB\"\/><\/p>\n<p class=\"\">Et krigsskip utenfor kysten av Nuuk torsdag 15. januar.<\/p>\n<p>Foto: ALESSANDRO RAMPAZZO \/ AFP \/ NTB<\/p>\n<p>\u2013 Jeg tolker det nesten som en startgruppe. De f\u00f8rste som skal f\u00e5 oversikt over situasjonen.<\/p>\n<p>De ankommer kort tid etter et m\u00f8tet mellom utenriksministrene fra Danmark, Gr\u00f8nland og USA, samt USAs visepresident J.D. Vance, i Washington p\u00e5 onsdag.<\/p>\n<p><strong>\u2013 Det var ikke et hyggelig m\u00f8te, konkluderte Danmarks statsminister Mette Frederiksen i en post p\u00e5 <a href=\"https:\/\/www.facebook.com\/mettefrederiksen.dk\/posts\/pfbid0mRXjQB2tUKuBaFYmYqpMqQ4pK7kUKx1yRCsUt2nH7Q2m5r5M4r1Wc6LdGECWF94vl\" ec-id=\"https:\/\/www.facebook.com\/mettefrederiksen.dk\/posts\/pfbid0mRXjQB2tUKuBaFYmYqpMqQ4pK7kUKx1yRCsUt2nH7Q2m5r5M4r1Wc6LdGECWF94vl\" ec-name=\"Facebook\" rel=\"nofollow noopener\" target=\"_blank\">Facebook<\/a>.<\/strong><\/p>\n<p>Ulikt perspektiv i Det hvite hus<\/p>\n<p>Frederiksen sa at partene ble enige om \u00e5 nedsette en arbeidsgruppe for \u00e5 diskutere sikkerhet i Arktis.<\/p>\n<p>\u2013 Det endrer imidlertid ikke at det er en fundamental uenighet der USAs ambisjon om \u00e5 overta Gr\u00f8nland er intakt, understreket hun.<\/p>\n<p><img decoding=\"async\"   src=\"data:image\/gif;base64,R0lGODlhAQABAIAAAAAAAP\/\/\/yH5BAEAAAAALAAAAAABAAEAAAIBRAA7\" loading=\"eager\" alt=\"Mette Frederiksen p\u00e5 r\u00f8d l\u00f8per\" title=\"Foto: SEBASTIAN ELIAS UTH \/ AFP \/ NTB\"\/><\/p>\n<p class=\"\">Danmarks statsminister Mette Frederiksen i K\u00f8benhavn torsdag.<\/p>\n<p>Foto: SEBASTIAN ELIAS UTH \/ AFP \/ NTB<\/p>\n<p>\u2013 Det er selvsagt alvorlig, og derfor fortsetter vi innsatsen for \u00e5 forhindre at scenarioet blir virkelighet.<\/p>\n<p><strong>Det hvite hus har p\u00e5 sin side et helt annet syn p\u00e5 m\u00f8tet.<\/strong><\/p>\n<p>\u2013 Det var et produktivt m\u00f8te \u2013 et godt m\u00f8te, sier USAs president Donald Trumps pressetalsperson Karoline Leavitt p\u00e5 en pressekonferanse torsdag kveld.<\/p>\n<p><img decoding=\"async\"   src=\"data:image\/gif;base64,R0lGODlhAQABAIAAAAAAAP\/\/\/yH5BAEAAAAALAAAAAABAAEAAAIBRAA7\" loading=\"eager\" alt=\"Karoline Leavitt bak et podium i Det hvite hus\" title=\"Foto: Evan Vucci \/ AP \/ NTB\"\/><\/p>\n<p class=\"\">Karoline Leavitt mener at m\u00f8tet om Gr\u00f8nland p\u00e5 onsdag gikk bra. Her var Leavitt p\u00e5 pressem\u00f8tet torsdag.<\/p>\n<p>Foto: Evan Vucci \/ AP \/ NTB<\/p>\n<p><strong>Hun sier at arbeidsgruppen skal diskutere hvordan USA kan anskaffe Gr\u00f8nland.<\/strong><\/p>\n<p>Etter \u00e5 ha h\u00f8rt uttalelsen reagerte Danmarks utenriksminister Lars L\u00f8kke Rasmussen. Han var selv til stedet under m\u00f8tet i USA.<\/p>\n<p>\u2013 Det viser at dette blir veldig, veldig vanskelig, sier han til dansk <a href=\"https:\/\/nyheder.tv2.dk\/live\/2025-01-06-kampen-om-groenlands-fremtid\/udtalelse-fra-det-hvide-hus-viser-at-det-bliver--rigtig-svaert--siger-loekke?entry=6ee42f38-8f59-45fc-b4a8-3dccfc6a5674\" ec-id=\"https:\/\/nyheder.tv2.dk\/live\/2025-01-06-kampen-om-groenlands-fremtid\/udtalelse-fra-det-hvide-hus-viser-at-det-bliver--rigtig-svaert--siger-loekke\" ec-name=\"TV 2.\" rel=\"nofollow noopener\" target=\"_blank\">TV 2.<\/a><\/p>\n<p>Den lille gruppen soldater kan bli startskuddet for st\u00f8rre milit\u00e6re operasjoner og \u00f8velser. Men det har ingenting \u00e5 si for Trump, if\u00f8lge Det hvite hus.<\/p>\n<p>Men tross spenningene mellom USA, p\u00e5 den ene siden, og Danmark og Europa p\u00e5 den andre, handler ikke soldatene p\u00e5 Gr\u00f8nland om \u00e5 skremme vekk USA og Trump, mener Gunhild Hoogensen Gj\u00f8rv ved Universitetet i Troms\u00f8.<\/p>\n<p><strong>Tvert imot kan det handle vel s\u00e5 mye om \u00e5 blidgj\u00f8re den amerikanske presidenten.<\/strong><\/p>\n<p><img decoding=\"async\"   src=\"data:image\/gif;base64,R0lGODlhAQABAIAAAAAAAP\/\/\/yH5BAEAAAAALAAAAAABAAEAAAIBRAA7\" loading=\"eager\" alt=\"Danmarsk utenriksminister Lars L\u00f8kke Rasmussen i USA\" title=\"Foto: AP\"\/><\/p>\n<p class=\"\">Danmarks utenriksminister Lars L\u00f8kke Rasmussen tror det blir vanskelig \u00e5 endre USAs mening ang\u00e5ende Gr\u00f8nland. Her er han i USA sammen med Gr\u00f8nlands utenriksminister Vivian Motzfeldt (t.v).<\/p>\n<p>Foto: AP<\/p>\n<p>M\u00e5 demonstrere sin nytte<\/p>\n<p>\u2013 Noe av kritikken fra Trump er at Danmark ikke har en sjanse for \u00e5 forsvare Gr\u00f8nland, som han mener er strategisk og sikkerhetsmessig viktig for USA. Og derfor m\u00e5 USA eie den, sier Gunhild Hoogensen Gj\u00f8rv.<\/p>\n<p>Hun mener at \u00f8velsene og opptrappingen av den milit\u00e6re tilstedev\u00e6relsen handler om \u00e5 demonstrere overfor Trump at Danmark og europeiske allierte tar Nato-forpliktelsene sine p\u00e5 alvor.<\/p>\n<p><strong>\u2013 Til syvende og sist er det viktig \u00e5 vise at Europa st\u00e5r for sikkerhetsgarantiene til hele Nato, inkludert USA, sier professoren.<\/strong><\/p>\n<p>\u2013 Det handler om vilje i Europa til \u00e5 st\u00e5 sammen. Rett og slett.<\/p>\n<p>Lykkes man ikke, kan konsekvensene bli alvorlige. Da kan Europa havne p\u00e5 sidelinjen i et Arktis inndelt i stormaktenes interessesf\u00e6rer: Med Russland p\u00e5 en side og USA p\u00e5 den andre, mener Gj\u00f8rv.<\/p>\n<p><img decoding=\"async\"   src=\"data:image\/gif;base64,R0lGODlhAQABAIAAAAAAAP\/\/\/yH5BAEAAAAALAAAAAABAAEAAAIBRAA7\" loading=\"eager\" alt=\"Et bl\u00e5tt hus med en stor hvit dome foran.\" title=\"Foto: ALESSANDRO RAMPAZZO \/ AFP \/ NTB\"\/><\/p>\n<p class=\"\">Hovedkvarteret til Arktisk kommando i Danmarks forsvar p\u00e5 Nuuk.<\/p>\n<p>Foto: ALESSANDRO RAMPAZZO \/ AFP \/ NTB<\/p>\n<p>Hvis Europa ikke klarer \u00e5 vise USA at de er en viktig alliert, kan det ogs\u00e5 svekke amerikanernes villighet til \u00e5 s\u00f8rge for sikkerhetsgarantier til Europa. Ikke minst med atomv\u00e5pen, gjennom den s\u00e5kalte atomparaplyen.<\/p>\n<p>\u2013 Det er noe vi ikke vil miste, sier Gj\u00f8rv.<\/p>\n<p>\u2013 S\u00e5 vi m\u00e5 fortsette \u00e5 pr\u00f8ve \u00e5 ha et godt samarbeid p\u00e5 noen m\u00e5ter med USA.<\/p>\n<p>Men om Europa vil lykkes, gjenst\u00e5r \u00e5 se, if\u00f8lge professoren.<\/p>\n<p>Europeiske soldater p\u00e5 Gr\u00f8nland vil ikke ha noen innvirkning p\u00e5 Trump, if\u00f8lge talsperson Karoline Leavitt.<\/p>\n<p><strong>\u2013 Jeg tror ikke europeiske soldater vil p\u00e5virke presidentens avgj\u00f8relser. Det p\u00e5virker heller ikke m\u00e5let om \u00e5 ta kontroll over Gr\u00f8nland, sier hun torsdag kveld.<\/strong><\/p>\n<p>Interessert i utenriks? H\u00f8r utenriksredaksjonens podkast:<\/p>\n<p>Publisert<\/p>\n<p>15.01.2026, kl. 21.56<\/p>\n","protected":false},"excerpt":{"rendered":"De er ikke mange. 13 fra Tyskland. 15 fra Frankrike. Mellom \u00e9n og tre fra Norge, Sverige, Storbritannia&hellip;\n","protected":false},"author":2,"featured_media":138709,"comment_status":"","ping_status":"","sticky":false,"template":"","format":"standard","meta":{"footnotes":""},"categories":[12],"tags":[20,21,24,25,15,22,23,13,30,28,29,14,16,26,27,42,43,44,45],"class_list":{"0":"post-138708","1":"post","2":"type-post","3":"status-publish","4":"format-standard","5":"has-post-thumbnail","7":"category-verden","8":"tag-breaking-news","9":"tag-breakingnews","10":"tag-featured-news","11":"tag-featurednews","12":"tag-headlines","13":"tag-latest-news","14":"tag-latestnews","15":"tag-news","16":"tag-no","17":"tag-norge","18":"tag-norway","19":"tag-nyheter","20":"tag-overskrifter","21":"tag-top-stories","22":"tag-topstories","23":"tag-verden","24":"tag-world","25":"tag-world-news","26":"tag-worldnews"},"share_on_mastodon":{"url":"https:\/\/pubeurope.com\/@no\/115901407235501856","error":""},"_links":{"self":[{"href":"https:\/\/www.europesays.com\/no\/wp-json\/wp\/v2\/posts\/138708","targetHints":{"allow":["GET"]}}],"collection":[{"href":"https:\/\/www.europesays.com\/no\/wp-json\/wp\/v2\/posts"}],"about":[{"href":"https:\/\/www.europesays.com\/no\/wp-json\/wp\/v2\/types\/post"}],"author":[{"embeddable":true,"href":"https:\/\/www.europesays.com\/no\/wp-json\/wp\/v2\/users\/2"}],"replies":[{"embeddable":true,"href":"https:\/\/www.europesays.com\/no\/wp-json\/wp\/v2\/comments?post=138708"}],"version-history":[{"count":0,"href":"https:\/\/www.europesays.com\/no\/wp-json\/wp\/v2\/posts\/138708\/revisions"}],"wp:featuredmedia":[{"embeddable":true,"href":"https:\/\/www.europesays.com\/no\/wp-json\/wp\/v2\/media\/138709"}],"wp:attachment":[{"href":"https:\/\/www.europesays.com\/no\/wp-json\/wp\/v2\/media?parent=138708"}],"wp:term":[{"taxonomy":"category","embeddable":true,"href":"https:\/\/www.europesays.com\/no\/wp-json\/wp\/v2\/categories?post=138708"},{"taxonomy":"post_tag","embeddable":true,"href":"https:\/\/www.europesays.com\/no\/wp-json\/wp\/v2\/tags?post=138708"}],"curies":[{"name":"wp","href":"https:\/\/api.w.org\/{rel}","templated":true}]}}