{"id":138714,"date":"2026-01-15T22:19:18","date_gmt":"2026-01-15T22:19:18","guid":{"rendered":"https:\/\/www.europesays.com\/no\/138714\/"},"modified":"2026-01-15T22:19:18","modified_gmt":"2026-01-15T22:19:18","slug":"politikk-naeringsliv-reagerer-pa-nedlegging-lett-a-kutte-nar-det-er-i-forde-firda","status":"publish","type":"post","link":"https:\/\/www.europesays.com\/no\/138714\/","title":{"rendered":"Politikk, N\u00e6ringsliv | Reagerer p\u00e5 nedlegging: \u2013 Lett \u00e5 kutte n\u00e5r det er i F\u00f8rde &#8211; Firda"},"content":{"rendered":"<ol>\n<li><a href=\"https:\/\/news.google.com\/rss\/articles\/CBMilAFBVV95cUxNSjdURDEyT3c0VWFQN0RESkpRbHlPajB2Rk9FMjhnanBwVHlFbkprNUpVbEhRZk9aNEdEdm5CelZ3YXJUS204T0hEMHhQckJvSWEwZS1LZ0dPYWJ1MXlNc0tuOUxiT09uaW15VEVndmVWLUF3eG9YQ0dXUVE2cVBWN3pJUTQxNmxsUDAtLUZBTngwYzFC?oc=5\" target=\"_blank\" rel=\"nofollow noopener\">Politikk, N\u00e6ringsliv | Reagerer p\u00e5 nedlegging: \u2013 Lett \u00e5 kutte n\u00e5r det er i F\u00f8rde<\/a>&nbsp;&nbsp;Firda<\/li>\n<li><a href=\"https:\/\/news.google.com\/rss\/articles\/CBMitAFBVV95cUxNTEhYajZ6eFhWbHVuRlc4S1hkOXl1WHNBLUlUa1hReWpvZjVGUDFvdlc5MHhvRUVPZUhTSlVxd0FPMFZZaU42b2hjSnFFUkktczVZY3ZZNVM3Zm5kSU1CU25xTlFBV1E4X2JUUnN4Y2Q0UjdRaC1IcFBlN2xBVU42ZVB1Q1gzenRnbEg5eHF5RGVuT3VLSVRBYjRGWkd4S2oyb016Vk9HWVhLY1lBWkxMd1p5QmY?oc=5\" target=\"_blank\" rel=\"nofollow noopener\">Direkt\u00f8r med dyster beskjed: \u2013 Ingen i Innovasjon Norge kan puste lettet ut<\/a>&nbsp;&nbsp;NRK<\/li>\n<li><a href=\"https:\/\/news.google.com\/rss\/articles\/CBMijwFBVV95cUxONVBOVm5KYzJ6TV9FQWZVSGpaSTgzaVVSQWFPWmZXTEhMS3U0Y2VURVBOOU1ET1d2QS16Z0VCSzZiVnpLV3VjeF9wMUpqZ3FQdzRKSW16R1hNd0xndVJmcm5EaTlGQ09hSEVtNWJPOFhkVEJXY1FLMmd1ZWtDWDl6QmsySXpLMnNONHhxU01lZw?oc=5\" target=\"_blank\" rel=\"nofollow noopener\">Innovasjon Norge, Fylkeskommune | Full fylkeskrig om kontorkutt: \u2013 Ikke en farbar vei<\/a>&nbsp;&nbsp;Nordlys<\/li>\n<li><a href=\"https:\/\/news.google.com\/rss\/articles\/CBMimgFBVV95cUxPQmZiOThsVHViQWtWVUVEdE12a0ZMWC1SakVSQmlRNXNKbHZzMUFsY1I1TW9ad194SjF3SVFjMU9fOFNqS2xZV0tybFRJOS1zWjBCZDNCRmE4bXY1eGNaTDljN1BaWUlXc3pzMldQcGx1NWRUUzZYcmpxNGw2MmNkWFJmV3pKbUhuUWdzR3FwcFFvZ0lNLWtOMl9R?oc=5\" target=\"_blank\" rel=\"nofollow noopener\">Sl\u00e5r alarm om Innovasjon Norge: \u2013 Det er helt ubegripelig<\/a>&nbsp;&nbsp;iFinnmark<\/li>\n<li><a href=\"https:\/\/news.google.com\/rss\/articles\/CBMie0FVX3lxTE9TdXpfT3lqRlFxODJBSmdzczFXd25Nc2l4U0RWLXZYUUd4LXNqU1BOY1ltbHNtV3E1SU9JblVhR21ybENjalRmQzVaVUJYYWVjRlFxemtha2NTcHZVRWNUTzlOOFl1MkNVbEdXSkRyZkh2RWlSUEI4THFtYw?oc=5\" target=\"_blank\" rel=\"nofollow noopener\">Raser mot regjeringen: \u2013 Kjenner ikke Nord-Norge godt nok!<\/a>&nbsp;&nbsp;Avisa Nordland<\/li>\n<\/ol>\n","protected":false},"excerpt":{"rendered":"Politikk, N\u00e6ringsliv | Reagerer p\u00e5 nedlegging: \u2013 Lett \u00e5 kutte n\u00e5r det er i F\u00f8rde&nbsp;&nbsp;Firda Direkt\u00f8r med dyster&hellip;\n","protected":false},"author":2,"featured_media":138715,"comment_status":"","ping_status":"","sticky":false,"template":"","format":"standard","meta":{"footnotes":""},"categories":[10],"tags":[20,21,24,25,15,22,23,13,30,28,29,14,16,26,27],"class_list":{"0":"post-138714","1":"post","2":"type-post","3":"status-publish","4":"format-standard","5":"has-post-thumbnail","7":"category-norge","8":"tag-breaking-news","9":"tag-breakingnews","10":"tag-featured-news","11":"tag-featurednews","12":"tag-headlines","13":"tag-latest-news","14":"tag-latestnews","15":"tag-news","16":"tag-no","17":"tag-norge","18":"tag-norway","19":"tag-nyheter","20":"tag-overskrifter","21":"tag-top-stories","22":"tag-topstories"},"share_on_mastodon":{"url":"https:\/\/pubeurope.com\/@no\/115901442634578482","error":""},"_links":{"self":[{"href":"https:\/\/www.europesays.com\/no\/wp-json\/wp\/v2\/posts\/138714","targetHints":{"allow":["GET"]}}],"collection":[{"href":"https:\/\/www.europesays.com\/no\/wp-json\/wp\/v2\/posts"}],"about":[{"href":"https:\/\/www.europesays.com\/no\/wp-json\/wp\/v2\/types\/post"}],"author":[{"embeddable":true,"href":"https:\/\/www.europesays.com\/no\/wp-json\/wp\/v2\/users\/2"}],"replies":[{"embeddable":true,"href":"https:\/\/www.europesays.com\/no\/wp-json\/wp\/v2\/comments?post=138714"}],"version-history":[{"count":0,"href":"https:\/\/www.europesays.com\/no\/wp-json\/wp\/v2\/posts\/138714\/revisions"}],"wp:featuredmedia":[{"embeddable":true,"href":"https:\/\/www.europesays.com\/no\/wp-json\/wp\/v2\/media\/138715"}],"wp:attachment":[{"href":"https:\/\/www.europesays.com\/no\/wp-json\/wp\/v2\/media?parent=138714"}],"wp:term":[{"taxonomy":"category","embeddable":true,"href":"https:\/\/www.europesays.com\/no\/wp-json\/wp\/v2\/categories?post=138714"},{"taxonomy":"post_tag","embeddable":true,"href":"https:\/\/www.europesays.com\/no\/wp-json\/wp\/v2\/tags?post=138714"}],"curies":[{"name":"wp","href":"https:\/\/api.w.org\/{rel}","templated":true}]}}