{"id":138716,"date":"2026-01-15T22:20:13","date_gmt":"2026-01-15T22:20:13","guid":{"rendered":"https:\/\/www.europesays.com\/no\/138716\/"},"modified":"2026-01-15T22:20:13","modified_gmt":"2026-01-15T22:20:13","slug":"hyller-debutant-etter-kalasseier-i-premieren","status":"publish","type":"post","link":"https:\/\/www.europesays.com\/no\/138716\/","title":{"rendered":"Hyller debutant etter kalasseier i premieren"},"content":{"rendered":"<p>H\u00e5ndballgutta slo Ukraina 39\u201322 i \u00e5pningskampen sin i EM.\u00a0<\/p>\n<p class=\"bold m-bold\" data-lab-font_weight=\"bold\">TV 2s h\u00e5ndballekspert er s\u00e6rlig imponert over prestasjonen til en mesterskapsdebutant.\u00a0<\/p>\n<p> \u2013 Det er moro \u00e5 se Patrick Helland Anderson. Han er aktiv i spillet, har stor fart, og godt samarbeid med de andre bakspillerne, sier Bent Svele og legger til:\u00a0<\/p>\n<p>        <img class=\"image__img lazyload\" itemprop=\"image\" title=\"Foto: Stian Lysberg Solum \/ NTB\" alt=\"BRILJERTE: Helland Anderson ble k\u00e5ret til banens beste i debuten. Foto: Stian Lysberg Solum \/ NTB\" width=\"978\" height=\"551\" bad-src=\"https:\/\/www.europesays.com\/no\/wp-content\/uploads\/2026\/01\/18468170.webp.jpeg\" fetchpriority=\"auto\" \/><\/p>\n<p>      BRILJERTE: Helland Anderson ble k\u00e5ret til banens beste i debuten.<br \/>\n         Foto: Stian Lysberg Solum \/ NTB<\/p>\n<p>\u2013 Han kan bli viktig for Norge i dette mesterskapet.<\/p>\n<p class=\"bold m-bold\" data-lab-font_weight=\"bold\">Aalborg-spilleren ble b\u00e5de banens beste og delt toppscorer med sju m\u00e5l, samme som Alexander Blonz.\u00a0<\/p>\n<p>\u2013 Det er fantastisk g\u00f8y. Jeg har gledet meg lenge. Dette er noe man har dr\u00f8mt om siden man var liten gutt, sier Helland Anderson til TV 2.\u00a0<\/p>\n<p>21-\u00e5ringen har tidligere imponert p\u00e5 aldersbestemt niv\u00e5. N\u00e5 deler han garderobe med sin gamle barnevakt.\u00a0Les mer om det her: <\/p>\n<p>    <a class=\"article__link\" data-ga-active-label=\"\" data-ga-active-label-animation=\"\" href=\"https:\/\/www.tv2.no\/sport\/h\u00e5ndball\/pa-landslaget-med-barnevakten\/17165842\/\" rel=\"nofollow noopener\" target=\"_blank\"><\/p>\n<p>    <img class=\"image__img lazyload\" itemprop=\"image\" title=\"\" alt=\"\" width=\"978\" height=\"411\" bad-src=\"https:\/\/www.europesays.com\/no\/wp-content\/uploads\/2026\/01\/17166021.webp.jpeg\" fetchpriority=\"auto\" \/><\/p>\n<p>\n            P\u00e5 landslaget med barnevakten\n        <\/p>\n<p>    <\/a><\/p>\n<p>Ikke bare briljerte Helland Anderson p\u00e5 hjemmebane, men han gjorde det med storfint bes\u00f8k.\u00a0<\/p>\n<p>\u2013 Da nasjonalsangen spilte med venner, familie, kj\u00e6reste og Kongen til og med p\u00e5 tribunen, da var det mye f\u00f8lelser. Det var veldig surrealistisk, sier han selv.\u00a0<\/p>\n<p>Tobias Gr\u00f8ndahl satte ogs\u00e5 stor pris p\u00e5 kongelig tilstedev\u00e6relse:\u00a0<\/p>\n<p>\u2013 Det er r\u00e5tt \u00e5 spille foran Kongen og grisefett at han kommer seg hit. Det gj\u00f8r oss stolt. Utrolig kult at han tar turen, sier 24-\u00e5ringen.\u00a0<\/p>\n<p>Enkel motstand:\u00a0\u2013 Langt under Norges niv\u00e5<\/p>\n<p>Det tok ikke lang tid f\u00f8r Ukraina slet med \u00e5 henge p\u00e5 de norske gutta.\u00a0<\/p>\n<p> \u2013 Norge f\u00e5r satt tempo og f\u00e5r inn en del kontringer. Samtidig er i utgangspunktet ikke Ukraina en m\u00e5lestokk for Norge. De er langt under Norges niv\u00e5, sier Bent Svele.\u00a0<\/p>\n<p>        <img class=\"image__img lazyload\" itemprop=\"image\" title=\"Foto: Stian Lysberg Solum \/ NTB\" alt=\"LANDSLAGSSJEFEN: Jonas Wille og co. kunne slippe jubelen l\u00f8s mot Ukraina. Foto: Stian Lysberg Solum \/ NTB\" width=\"675\" height=\"419\" bad-src=\"https:\/\/www.europesays.com\/no\/wp-content\/uploads\/2026\/01\/18468015.webp.jpeg\" fetchpriority=\"auto\" \/><\/p>\n<p>      LANDSLAGSSJEFEN: Jonas Wille og co. kunne slippe jubelen l\u00f8s mot Ukraina.<br \/>\n         Foto: Stian Lysberg Solum \/ NTB<\/p>\n<p> Norge tok styring fra start og ledet 19\u201311 til pause. <\/p>\n<p> \u2013 En tiln\u00e6rmet perfekt f\u00f8rste omgang i en \u00e5pningskamp, konstaterer Svele.<\/p>\n<p>I tillegg til Helland Anderson, var det to kantspillere som viste seg fram.\u00a0<\/p>\n<p>Alexander Blonz scoret sju m\u00e5l og Kevin Gulliksen seks.\u00a0<\/p>\n<p>Milep\u00e6l for Sagosen\u00a0<\/p>\n<p>For Sander Sagosen sin del b\u00f8d \u00e5pningskampen p\u00e5 en ny milep\u00e6l.\u00a0<\/p>\n<p>30-\u00e5ringens tredje m\u00e5l mot Ukraina er ogs\u00e5 hans 200. scoring i EM-sammenheng. Han er den femte herrespilleren som har n\u00e5dd nettopp den milep\u00e6len.\u00a0<\/p>\n<p>\u2013 Det er alltid stas med milep\u00e6ler, men jeg h\u00e5per det skal bli mange flere, sier Sagosen til TV 2 etter kampen.\u00a0<\/p>\n<p>Med Mikkel Hansen og Nikola Karabatic med henholdsvis 296 og 295 scoringer, er tr\u00f8nderen i godt selskap.\u00a0<\/p>\n<p>        <img class=\"image__img lazyload\" itemprop=\"image\" title=\"Foto: Stian Lysberg Solum \/ NTB\" alt=\"RINGREV: Sagosen debuterte for landslaget helt tilbake i 2013. Foto: Stian Lysberg Solum \/ NTB\" width=\"675\" height=\"379\" bad-src=\"https:\/\/www.europesays.com\/no\/wp-content\/uploads\/2026\/01\/18467939.webp.jpeg\" fetchpriority=\"auto\" \/><\/p>\n<p>      RINGREV: Sagosen debuterte for landslaget helt tilbake i 2013.<br \/>\n         Foto: Stian Lysberg Solum \/ NTB<\/p>\n<p>Tidligere p\u00e5 kvelden m\u00f8ttes Frankrike og Tsjekkia, de to andre lagene i gruppe C.<\/p>\n<p>Der var Frankrike fullstendig overlegne\u00a0\u2013 vant 42\u201328 over tsjekkerne.\u00a0<\/p>\n","protected":false},"excerpt":{"rendered":"H\u00e5ndballgutta slo Ukraina 39\u201322 i \u00e5pningskampen sin i EM.\u00a0 TV 2s h\u00e5ndballekspert er s\u00e6rlig imponert over prestasjonen til&hellip;\n","protected":false},"author":2,"featured_media":138717,"comment_status":"","ping_status":"","sticky":false,"template":"","format":"standard","meta":{"footnotes":""},"categories":[5],"tags":[20,21,24,25,15,19,22,23,17,18,13,30,28,29,14,16,26,27],"class_list":{"0":"post-138716","1":"post","2":"type-post","3":"status-publish","4":"format-standard","5":"has-post-thumbnail","7":"category-overskrifter","8":"tag-breaking-news","9":"tag-breakingnews","10":"tag-featured-news","11":"tag-featurednews","12":"tag-headlines","13":"tag-hovedoppslag","14":"tag-latest-news","15":"tag-latestnews","16":"tag-main-news","17":"tag-mainnews","18":"tag-news","19":"tag-no","20":"tag-norge","21":"tag-norway","22":"tag-nyheter","23":"tag-overskrifter","24":"tag-top-stories","25":"tag-topstories"},"share_on_mastodon":{"url":"https:\/\/pubeurope.com\/@no\/115901446420345531","error":""},"_links":{"self":[{"href":"https:\/\/www.europesays.com\/no\/wp-json\/wp\/v2\/posts\/138716","targetHints":{"allow":["GET"]}}],"collection":[{"href":"https:\/\/www.europesays.com\/no\/wp-json\/wp\/v2\/posts"}],"about":[{"href":"https:\/\/www.europesays.com\/no\/wp-json\/wp\/v2\/types\/post"}],"author":[{"embeddable":true,"href":"https:\/\/www.europesays.com\/no\/wp-json\/wp\/v2\/users\/2"}],"replies":[{"embeddable":true,"href":"https:\/\/www.europesays.com\/no\/wp-json\/wp\/v2\/comments?post=138716"}],"version-history":[{"count":0,"href":"https:\/\/www.europesays.com\/no\/wp-json\/wp\/v2\/posts\/138716\/revisions"}],"wp:featuredmedia":[{"embeddable":true,"href":"https:\/\/www.europesays.com\/no\/wp-json\/wp\/v2\/media\/138717"}],"wp:attachment":[{"href":"https:\/\/www.europesays.com\/no\/wp-json\/wp\/v2\/media?parent=138716"}],"wp:term":[{"taxonomy":"category","embeddable":true,"href":"https:\/\/www.europesays.com\/no\/wp-json\/wp\/v2\/categories?post=138716"},{"taxonomy":"post_tag","embeddable":true,"href":"https:\/\/www.europesays.com\/no\/wp-json\/wp\/v2\/tags?post=138716"}],"curies":[{"name":"wp","href":"https:\/\/api.w.org\/{rel}","templated":true}]}}