{"id":138720,"date":"2026-01-15T22:27:08","date_gmt":"2026-01-15T22:27:08","guid":{"rendered":"https:\/\/www.europesays.com\/no\/138720\/"},"modified":"2026-01-15T22:27:08","modified_gmt":"2026-01-15T22:27:08","slug":"nyheter-leteaksjon-politiet-leter-etter-savnet-tenaring-ber-om-tips","status":"publish","type":"post","link":"https:\/\/www.europesays.com\/no\/138720\/","title":{"rendered":"Nyheter, Leteaksjon | Politiet leter etter savnet ten\u00e5ring: Ber om tips"},"content":{"rendered":"\n<p>Torsdag kveld opplyser politiet at de har iverksatt en leteaksjon i \u00d8ygarden. <\/p>\n<p>If\u00f8lge Morten Rebnord, operasjonsleder ved Vest politidistrikt, leter de etter en savnet gutt i midten av ten\u00e5rene. <\/p>\n<p>\u2013 Savnede er cirka 175 centimeter h\u00f8y, slank kroppsbygning, if\u00f8rt en m\u00f8rk jakke og en bl\u00e5 bukse med stjerner, opplyser han.<\/p>\n<p>Personell fra R\u00f8de Kors, Norske redningshunder og Norsk Folkehjelp er kalt ut for \u00e5 bidra i s\u00f8ket. <\/p>\n<p><b>\u2013 Dersom noen har sett gutten, eller har opplysninger som kan bidra til \u00e5 lokalisere ham, ber vi om at de tar kontakt med politiet p\u00e5 02800 eller 112 ved akutte observasjoner.<\/b><\/p>\n<p>Klokken 2300 forteller Rebnord at politiet har f\u00e5tt melding om at gutten kan v\u00e6re observert nord i \u00d8ygarden.<\/p>\n<p>\u2013 Vi har mye ressurser ute for \u00e5 lete etter gutten. Dersom noen ser han eller har opplysninger ber vi om at de tar kontakt med politiet, understreket operasjonslederen p\u00e5 nytt.<\/p>\n","protected":false},"excerpt":{"rendered":"Torsdag kveld opplyser politiet at de har iverksatt en leteaksjon i \u00d8ygarden. If\u00f8lge Morten Rebnord, operasjonsleder ved Vest&hellip;\n","protected":false},"author":2,"featured_media":1615,"comment_status":"","ping_status":"","sticky":false,"template":"","format":"standard","meta":{"footnotes":""},"categories":[10],"tags":[36,20,21,24,25,15,22,23,170,13,30,28,29,14,16,2869,1510,26,27],"class_list":{"0":"post-138720","1":"post","2":"type-post","3":"status-publish","4":"format-standard","5":"has-post-thumbnail","7":"category-norge","8":"tag-art","9":"tag-breaking-news","10":"tag-breakingnews","11":"tag-featured-news","12":"tag-featurednews","13":"tag-headlines","14":"tag-latest-news","15":"tag-latestnews","16":"tag-leteaksjon","17":"tag-news","18":"tag-no","19":"tag-norge","20":"tag-norway","21":"tag-nyheter","22":"tag-overskrifter","23":"tag-oygarden","24":"tag-story","25":"tag-top-stories","26":"tag-topstories"},"share_on_mastodon":{"url":"https:\/\/pubeurope.com\/@no\/115901473898243560","error":""},"_links":{"self":[{"href":"https:\/\/www.europesays.com\/no\/wp-json\/wp\/v2\/posts\/138720","targetHints":{"allow":["GET"]}}],"collection":[{"href":"https:\/\/www.europesays.com\/no\/wp-json\/wp\/v2\/posts"}],"about":[{"href":"https:\/\/www.europesays.com\/no\/wp-json\/wp\/v2\/types\/post"}],"author":[{"embeddable":true,"href":"https:\/\/www.europesays.com\/no\/wp-json\/wp\/v2\/users\/2"}],"replies":[{"embeddable":true,"href":"https:\/\/www.europesays.com\/no\/wp-json\/wp\/v2\/comments?post=138720"}],"version-history":[{"count":0,"href":"https:\/\/www.europesays.com\/no\/wp-json\/wp\/v2\/posts\/138720\/revisions"}],"wp:featuredmedia":[{"embeddable":true,"href":"https:\/\/www.europesays.com\/no\/wp-json\/wp\/v2\/media\/1615"}],"wp:attachment":[{"href":"https:\/\/www.europesays.com\/no\/wp-json\/wp\/v2\/media?parent=138720"}],"wp:term":[{"taxonomy":"category","embeddable":true,"href":"https:\/\/www.europesays.com\/no\/wp-json\/wp\/v2\/categories?post=138720"},{"taxonomy":"post_tag","embeddable":true,"href":"https:\/\/www.europesays.com\/no\/wp-json\/wp\/v2\/tags?post=138720"}],"curies":[{"name":"wp","href":"https:\/\/api.w.org\/{rel}","templated":true}]}}