{"id":138725,"date":"2026-01-15T23:24:13","date_gmt":"2026-01-15T23:24:13","guid":{"rendered":"https:\/\/www.europesays.com\/no\/138725\/"},"modified":"2026-01-15T23:24:13","modified_gmt":"2026-01-15T23:24:13","slug":"maria-corina-machado-gir-medaljen-til-donald-trump-og-ekspertene-reagerer","status":"publish","type":"post","link":"https:\/\/www.europesays.com\/no\/138725\/","title":{"rendered":"Mar\u00eda Corina Machado gir medaljen til Donald Trump og ekspertene reagerer"},"content":{"rendered":"\n<p class=\"_lead_o9xde_2 _lead_xtcu6_50 layout-component text-serif-m layout-normal text-serif-l layout-component layout-wide layout-padded _wide_17hqh_1 layout-padded\">Eksperten ble tatt p\u00e5 sengen av fredspris-stuntet. <\/p>\n<p><img alt=\"Machados datter tok imot prisen i h\u00f8st p\u00e5 vegne av moren. N\u00e5 skal den v\u00e6re i hendene til USAs president.  Foto: Johannes Granseth\/Nobel Peace Center\" class=\"_image_qp4xg_65 layout-component layout-wide\" data-fullscreen- data-track-element-type=\"Article image fullscreen\" data-track-name=\"ImageFullscreen\" fetchpriority=\"high\" decoding=\"sync\" loading=\"eager\" height=\"1771\" itemprop=\"image\"  src=\"https:\/\/www.europesays.com\/no\/wp-content\/uploads\/2026\/01\/a433e873-abc7-45f8-82bd-bd242d050822.jpeg\"  style=\"object-position:0% 0%\" width=\"2656\"\/>Machados datter tok imot prisen i h\u00f8st p\u00e5 vegne av moren. N\u00e5 skal den v\u00e6re i hendene til USAs president.  Foto: Johannes Granseth\/Nobel Peace Center<\/p>\n<ul aria-hidden=\"true\" class=\"_images_ntbth_112\">\n<li><a class=\"_link_ntbth_117\" href=\"https:\/\/www.vg.no\/forfatter\/hedda-kurseth\" style=\"z-index:2\" title=\"Hedda Kurseth\" rel=\"nofollow noopener\" target=\"_blank\"><img alt=\"Bilde av Hedda Kurseth\" class=\"_image_ntbth_93\" fetchpriority=\"low\" loading=\"lazy\" decoding=\"async\" itemprop=\"image\"  src=\"https:\/\/www.europesays.com\/no\/wp-content\/uploads\/2026\/01\/1768519449_607_b6ad06ce-2f4e-4492-9dd9-7cfbdae81f6d.jpeg\"  width=\"480\"\/><\/a><\/li>\n<li><a class=\"_link_ntbth_117\" href=\"https:\/\/www.vg.no\/forfatter\/svanhild-boee\" style=\"z-index:1\" title=\"Svanhild B\u00f8e\" rel=\"nofollow noopener\" target=\"_blank\"><img alt=\"Bilde av Svanhild B\u00f8e\" class=\"_image_ntbth_93\" fetchpriority=\"low\" loading=\"lazy\" decoding=\"async\" itemprop=\"image\"  src=\"https:\/\/www.europesays.com\/no\/wp-content\/uploads\/2026\/01\/1768519449_973_2c6a983e-8ef8-4c60-8e5a-75c7e7bc3314.jpeg\"  width=\"480\"\/><\/a><\/li>\n<\/ul>\n<p> Oppdatert torsdag 15. januar kl. 23:48    <\/p>\n<ul class=\"_list_o9xde_3 _list_64s2r_85 _unordered_o9xde_106 text-sans-m\">\n<li class=\"_item_o9xde_30\">Donald Trump fikk Nobels fredspris-medalje av den venezuelanske opposisjonspolitikeren Mar\u00eda Corina Machado i Det hvite hus.<\/li>\n<li class=\"_item_o9xde_30\">Latin-Amerika-ekspert Jemima Garc\u00eda-Godos kritiserer overleveringen som \u00abtotalt uh\u00f8rt og lite gjennomtenkt\u00bb.<\/li>\n<li class=\"_item_o9xde_30\">USA-ekspert Eirik L\u00f8kke mener det er usannsynlig at gesten vil p\u00e5virke Venezuelas politiske fremtid eller Trumps \u00f8vrige politikk.<\/li>\n<\/ul>\n<p>Vis mer <\/p>\n<p class=\"_paragraph_o9xde_4 _paragraph_xtcu6_10 layout-component text-serif-m layout-normal text-serif-m layout-padded\">Donald Trump har ikke sluttet \u00e5 snakke om Nobels fredspris. <\/p>\n<p class=\"_paragraph_o9xde_4 _paragraph_xtcu6_10 layout-component text-serif-m layout-normal text-serif-m layout-padded\">Heller ikke i 2025 fikk han tildelt prisen, til tross for at han hevder \u00e5 ha avsluttet flere kriger. <\/p>\n<p class=\"_paragraph_o9xde_4 _paragraph_xtcu6_10 layout-component text-serif-m layout-normal text-serif-m layout-padded\">Det var den venezuelanske opposisjonspolitikeren og Trump-tilhengeren Mar\u00eda Corina Machado (58) som fikk prisen. <\/p>\n<p class=\"_paragraph_o9xde_4 _paragraph_xtcu6_10 layout-component text-serif-m layout-normal text-serif-m layout-padded\"><strong class=\"_strong_o9xde_25\">Torsdag ga <a href=\"https:\/\/www.vg.no\/nyheter\/i\/Rj9qz2\/machado-moeter-trump-vil-gi-ham-fredsprisen\" data-track-element-type=\"Link\" data-track-id=\"link:Rj9qz2\" class=\"_link_o9xde_39\" rel=\"nofollow noopener\" target=\"_blank\">hun Donald Trump medaljen<\/a> i Det hvite hus &#8211; se det her: <\/strong><\/p>\n<p class=\"_paragraph_o9xde_4 _paragraph_xtcu6_10 layout-component text-serif-m layout-normal text-serif-m layout-padded\">\u2013 Det er totalt uh\u00f8rt og lite gjennomtenkt, sier Jemima Garc\u00eda-Godos, Latin-Amerika-ekspert og professor i samfunnsgeografi. <\/p>\n<p class=\"_paragraph_o9xde_4 _paragraph_xtcu6_10 layout-component text-serif-m layout-normal text-serif-m layout-padded\">Hun tror ikke Machado ser konsekvensen av dette: <\/p>\n<p class=\"_paragraph_o9xde_4 _paragraph_xtcu6_10 layout-component text-serif-m layout-normal text-serif-m layout-padded\">\u2013 Det blir nesten som en takkegave til USA for \u00e5 ha grepet inn i <a href=\"https:\/\/www.vg.no\/tag\/venezuela?utm_source=vg-article&amp;utm_medium=auto-tagger&amp;utm_campaign=d4lPnJ\" class=\"_link_o9xde_39\" rel=\"nofollow noopener\" target=\"_blank\">Venezuela<\/a>.<\/p>\n<p class=\"_paragraph_o9xde_4 _paragraph_xtcu6_10 layout-component text-serif-m layout-normal text-serif-m layout-padded\">Trump har ikke uttalt seg enn\u00e5, og det er uklart om han tok imot medaljen. <\/p>\n<p><img decoding=\"async\" alt=\"Bilde av Jemima Garc\u00eda-Godos\" class=\"_image_ygndg_42\" height=\"60\" itemprop=\"image\" loading=\"lazy\"  src=\"https:\/\/www.europesays.com\/no\/wp-content\/uploads\/2026\/01\/18df6d70-7a8d-43c6-8366-4da58a293ecf.jpeg\"  width=\"40\"\/><strong class=\"_name_ygndg_51 title-serif-xs\">Jemima Garc\u00eda-Godos<\/strong><\/p>\n<p class=\"_paragraph_o9xde_4 text-sans-m _description_ygndg_56\">Professor i samfunnsgeografi ved Universitetet i Oslo (UIO) og ekspert p\u00e5 Latin-Amerika.<\/p>\n<p class=\"_paragraph_o9xde_4 _paragraph_xtcu6_10 layout-component text-serif-m layout-normal text-serif-m layout-padded\">\u2013 Ikke uventet. Det l\u00e5 litt i kortene. Trump hadde sagt at han gjerne tok imot denne fredsprisen for Machado. Hun f\u00f8lte vel hun m\u00e5tte f\u00f8lge opp da, sier USA-ekspert Eirik L\u00f8kke.<\/p>\n<p class=\"_paragraph_o9xde_4 _paragraph_xtcu6_10 layout-component text-serif-m layout-normal text-serif-m layout-padded\">L\u00f8kke sier dette sikkert nok er hyggelig for presidenten, men tviler p\u00e5 at gesten vil f\u00e5 avgj\u00f8rende betydning for Venezuelas politiske fremtid eller for Trumps \u00f8vrige politikk. <\/p>\n<p class=\"_paragraph_o9xde_4 _paragraph_xtcu6_10 layout-component text-serif-m layout-normal text-serif-m layout-padded\">\u2013 Det hjelper for egoet hans, men det forandrer ikke det faktum at uvitenheten hans er monumental, sier L\u00f8kke.<\/p>\n<ul class=\"_list_o9xde_3 _list_xtcu6_9 _unordered_o9xde_106 layout-component text-serif-m layout-normal text-serif-m layout-padded\">\n<li class=\"_item_o9xde_30\"><a href=\"https:\/\/www.vg.no\/nyheter\/i\/QJobjW\/venezuela-usas-forsvarssjef-om-operasjonen-mot-nicolas-maduro\" data-track-element-type=\"Link\" data-track-id=\"link:QJobjW\" class=\"_link_o9xde_39\" rel=\"nofollow noopener\" target=\"_blank\">Her kan du lese om USAs milit\u00e6raksjon i Venezuela.<\/a><\/li>\n<\/ul>\n<p><img alt=\"Aasheim i Nobelinstituttet vil ikke kommentere Machados gest og viser til tidligere uttalelse.   Foto: Heiko Junge \/ NTB\" class=\"_image_qp4xg_65 layout-component layout-normal\" data-fullscreen- data-track-element-type=\"Article image fullscreen\" data-track-name=\"ImageFullscreen\" decoding=\"async\" loading=\"lazy\" height=\"4887\" itemprop=\"image\"  src=\"https:\/\/www.europesays.com\/no\/wp-content\/uploads\/2026\/01\/28c1726f-75ca-4692-af28-e4367262085a.jpeg\"  style=\"object-position:0% 0%\" width=\"7330\"\/>Aasheim i Nobelinstituttet vil ikke kommentere Machados gest og viser til tidligere uttalelse.   Foto: Heiko Junge \/ NTB<\/p>\n<p class=\"_paragraph_o9xde_4 _paragraph_xtcu6_10 layout-component text-serif-m layout-normal text-serif-m layout-padded\">VG har bedt pressesjef Erik Aasheim i Nobelinstituttet om en kommentar. <\/p>\n<p class=\"_paragraph_o9xde_4 _paragraph_xtcu6_10 layout-component text-serif-m layout-normal text-serif-m layout-padded\">Han viser kun til uttalelsen fra forrige uke:<\/p>\n<p class=\"_paragraph_o9xde_4 _paragraph_xtcu6_10 layout-component text-serif-m layout-normal text-serif-m layout-padded\">\u00abFakta er klare og godt etablerte. N\u00e5r en nobelpris f\u00f8rst er kunngjort, kan den ikke trekkes tilbake, deles eller overf\u00f8res til andre. Beslutningen er endelig og gjelder for all tid\u00bb.<\/p>\n<p>Usikker p\u00e5 effekten<\/p>\n<p class=\"_paragraph_o9xde_4 _paragraph_xtcu6_10 layout-component text-serif-m layout-normal text-serif-m layout-padded\">P\u00e5 sp\u00f8rsm\u00e5l om medaljen kan f\u00e5 positive politiske f\u00f8lger, for eksempel ved at Trump demper konfliktniv\u00e5et p\u00e5 andre omr\u00e5der, er L\u00f8kke mer avventende.<\/p>\n<p class=\"_paragraph_o9xde_4 _paragraph_xtcu6_10 layout-component text-serif-m layout-normal text-serif-m layout-padded\"><strong class=\"_strong_o9xde_25\">\u2013 Det skader nok ikke, men jeg er usikker p\u00e5 om dette blir avgj\u00f8rende for Machados fremtid i Venezuela, sier han.<\/strong><\/p>\n<p><img alt=\"Slik ser gullmedaljen ut.   Foto: Berit Roald \/ NTB\" class=\"_image_qp4xg_65 layout-component layout-normal\" data-fullscreen- data-track-element-type=\"Article image fullscreen\" data-track-name=\"ImageFullscreen\" decoding=\"async\" loading=\"lazy\" height=\"3264\" itemprop=\"image\"  src=\"https:\/\/www.europesays.com\/no\/wp-content\/uploads\/2026\/01\/02b1ddee-c741-4de8-b096-5872e8b3bd52.png\"  style=\"object-position:0% 0%\" width=\"4896\"\/>Slik ser gullmedaljen ut.   Foto: Berit Roald \/ NTB<\/p>\n<p class=\"_paragraph_o9xde_4 _paragraph_xtcu6_10 layout-component text-serif-m layout-normal text-serif-m layout-padded\">Han peker p\u00e5 at Trump ofte skifter standpunkt raskt, og at det derfor er usikkert hvilken betydning dette faktisk f\u00e5r.<\/p>\n<p class=\"_paragraph_o9xde_4 _paragraph_xtcu6_10 layout-component text-serif-m layout-normal text-serif-m layout-padded\">If\u00f8lge L\u00f8kke er det flere forhold som uansett m\u00e5 v\u00e6re p\u00e5 plass f\u00f8r situasjonen i Venezuela kan endre seg. Han viser til at Det hvite hus har signalisert at Trump <a href=\"https:\/\/www.vg.no\/nyheter\/i\/Rj9qz2\/machado-moeter-trump-vil-gi-ham-fredsprisen\" data-track-element-type=\"Link\" data-track-id=\"link:Rj9qz2\" class=\"_link_o9xde_39\" rel=\"nofollow noopener\" target=\"_blank\">ikke har endret syn p\u00e5 Machados rolle i landet<\/a>.<\/p>\n<p><img alt=\"Eirik L\u00f8kke er r\u00e5dgiver i tankesmien Cevita.   Foto: Javad Parsa \/ NTB\" class=\"_image_qp4xg_65 layout-component layout-normal\" data-fullscreen- data-track-element-type=\"Article image fullscreen\" data-track-name=\"ImageFullscreen\" decoding=\"async\" loading=\"lazy\" height=\"5495\" itemprop=\"image\"  src=\"https:\/\/www.europesays.com\/no\/wp-content\/uploads\/2026\/01\/9876713e-e430-41ff-97e0-c074901e6b5d.jpeg\"  style=\"object-position:0% 0%\" width=\"8242\"\/>Eirik L\u00f8kke er r\u00e5dgiver i tankesmien Cevita.   Foto: Javad Parsa \/ NTB<\/p>\n<p class=\"_paragraph_o9xde_4 _paragraph_xtcu6_10 layout-component text-serif-m layout-normal text-serif-m layout-padded\">Samtidig \u00e5pner han for at Trump kan snu senere.<\/p>\n<p class=\"_paragraph_o9xde_4 _paragraph_xtcu6_10 layout-component text-serif-m layout-normal text-serif-m layout-padded\">\u2013 Det kan hende det blir lettere n\u00e5 som han har f\u00e5tt denne prisen. Men sp\u00f8rsm\u00e5let er om det faktisk vil gj\u00f8re situasjonen bedre for folk i Venezuela, sier L\u00f8kke.<\/p>\n<p class=\"_paragraph_o9xde_4 _paragraph_xtcu6_10 layout-component text-serif-m layout-normal text-serif-m layout-padded\">Han mener h\u00e5pet for Venezuela ville v\u00e6rt st\u00f8rre dersom USA tydelig anerkjente opposisjonens valgseier i 2024 og bidro til en politisk prosess rundt dette.<\/p>\n<p class=\"_paragraph_o9xde_4 _paragraph_xtcu6_10 layout-component text-serif-m layout-normal text-serif-m layout-padded\">\u2013 Problemet er at Trump ikke aner hva han holder p\u00e5 med, og jeg tror heller ikke han er s\u00e6rlig interessert. Han er mest opptatt av forretningsmuligheter og olje, sier L\u00f8kke.<\/p>\n<p>       <img decoding=\"async\" alt=\"Tips oss illustrasjon\" src=\"https:\/\/www.europesays.com\/no\/wp-content\/uploads\/2025\/10\/pssst-small.webp.webp\"\/>    <\/p>\n<p class=\"title-serif-s\">Har du tips?<\/p>\n<p class=\"text-sans-m\">Send oss informasjon, bilder eller video.<\/p>\n<p>  <a href=\"https:\/\/www.vg.no\/tips-oss\" rel=\"nofollow noopener\" target=\"_blank\"> Tips oss <\/a>      <\/p>\n","protected":false},"excerpt":{"rendered":"Eksperten ble tatt p\u00e5 sengen av fredspris-stuntet. Machados datter tok imot prisen i h\u00f8st p\u00e5 vegne av moren.&hellip;\n","protected":false},"author":2,"featured_media":138726,"comment_status":"","ping_status":"","sticky":false,"template":"","format":"standard","meta":{"footnotes":""},"categories":[10],"tags":[31,20,21,73,55,4820,24,25,15,22,23,10380,13,30,28,29,14,636,16,26,27,95],"class_list":{"0":"post-138725","1":"post","2":"type-post","3":"status-publish","4":"format-standard","5":"has-post-thumbnail","7":"category-norge","8":"tag-breaking","9":"tag-breaking-news","10":"tag-breakingnews","11":"tag-det-hvite-hus","12":"tag-donald-trump","13":"tag-eirik-lokke","14":"tag-featured-news","15":"tag-featurednews","16":"tag-headlines","17":"tag-latest-news","18":"tag-latestnews","19":"tag-latin-amerika","20":"tag-news","21":"tag-no","22":"tag-norge","23":"tag-norway","24":"tag-nyheter","25":"tag-oslo","26":"tag-overskrifter","27":"tag-top-stories","28":"tag-topstories","29":"tag-venezuela"},"share_on_mastodon":{"url":"https:\/\/pubeurope.com\/@no\/115901698126457955","error":""},"_links":{"self":[{"href":"https:\/\/www.europesays.com\/no\/wp-json\/wp\/v2\/posts\/138725","targetHints":{"allow":["GET"]}}],"collection":[{"href":"https:\/\/www.europesays.com\/no\/wp-json\/wp\/v2\/posts"}],"about":[{"href":"https:\/\/www.europesays.com\/no\/wp-json\/wp\/v2\/types\/post"}],"author":[{"embeddable":true,"href":"https:\/\/www.europesays.com\/no\/wp-json\/wp\/v2\/users\/2"}],"replies":[{"embeddable":true,"href":"https:\/\/www.europesays.com\/no\/wp-json\/wp\/v2\/comments?post=138725"}],"version-history":[{"count":0,"href":"https:\/\/www.europesays.com\/no\/wp-json\/wp\/v2\/posts\/138725\/revisions"}],"wp:featuredmedia":[{"embeddable":true,"href":"https:\/\/www.europesays.com\/no\/wp-json\/wp\/v2\/media\/138726"}],"wp:attachment":[{"href":"https:\/\/www.europesays.com\/no\/wp-json\/wp\/v2\/media?parent=138725"}],"wp:term":[{"taxonomy":"category","embeddable":true,"href":"https:\/\/www.europesays.com\/no\/wp-json\/wp\/v2\/categories?post=138725"},{"taxonomy":"post_tag","embeddable":true,"href":"https:\/\/www.europesays.com\/no\/wp-json\/wp\/v2\/tags?post=138725"}],"curies":[{"name":"wp","href":"https:\/\/api.w.org\/{rel}","templated":true}]}}