{"id":138736,"date":"2026-01-15T23:58:11","date_gmt":"2026-01-15T23:58:11","guid":{"rendered":"https:\/\/www.europesays.com\/no\/138736\/"},"modified":"2026-01-15T23:58:11","modified_gmt":"2026-01-15T23:58:11","slug":"dagligvare-mimir-kristjansson-mimir-kristjansson-far-ny-rolle-i-rodt-vil-bekjempe-de-store-dagligvarekjedene","status":"publish","type":"post","link":"https:\/\/www.europesays.com\/no\/138736\/","title":{"rendered":"Dagligvare, Mimir Kristjansson | M\u00edmir Kristj\u00e1nsson f\u00e5r ny rolle i R\u00f8dt \u2013 vil bekjempe de store dagligvarekjedene"},"content":{"rendered":"\n<p>R\u00f8dt vil tvinge kjedene til \u00e5 \u00e5pne infrastrukturen for flere akt\u00f8rer for \u00e5 \u00f8ke konkurransen i markedet, skriver <a href=\"https:\/\/www.aftenposten.no\/norge\/politikk\/i\/vrAxyj\/faar-ny-rolle-i-roedt-vil-bekjempe-de-store-dagligvarekjedene\" rel=\"nofollow noopener\" target=\"_blank\">Aftenposten.<\/a><\/p>\n<p>Kristj\u00e1nsson, som allerede er partiets finanspolitiske talsperson og budsjettforhandler, f\u00e5r n\u00e5 ogs\u00e5 ansvar for dagligvarepolitikken.<\/p>\n<p>Les ogs\u00e5: <a class=\"simple-relation related-teaser article--c-eRUmMG article--c-eRUmMG-fZoQSp-design-nettavisen article--c-eRUmMG-gwthdJ-cv\" href=\"https:\/\/www.nettavisen.no\/vil-strupe-matvaregigantene-ligner-pa-mafia\/s\/5-95-2822620\" rel=\"nofollow noopener\" target=\"_blank\">Vil strupe matvaregigantene: \u2013 Ligner p\u00e5 mafia<\/a><\/p>\n<p>\u2013 Det rare med dette er jo at her er det et sosialistisk parti som st\u00e5r p\u00e5 barrikadene for at kapitalismen skal fungere, sier han.<\/p>\n<p>R\u00f8dt foresl\u00e5r at kjedene m\u00e5 gi alle akt\u00f8rer tilgang til sine grossist- og distribusjonstjenester p\u00e5 like vilk\u00e5r. Partiet sammenligner forslaget med da Telenor ble p\u00e5lagt \u00e5 \u00e5pne telenettet for andre selskaper.<\/p>\n<p>Matprisene \u00f8kte med 5,7 prosent i fjor, nesten det doble av den generelle prisstigningen p\u00e5 3,1 prosent. R\u00f8dt forklarer dette med kjedenes markedsdominans.<\/p>\n<p>Partiet vil forby skjulte pris\u00f8kninger i form av krympflasjon, der innholdet i varer blir mindre mens prisen st\u00e5r stille eller \u00f8ker.<\/p>\n","protected":false},"excerpt":{"rendered":"R\u00f8dt vil tvinge kjedene til \u00e5 \u00e5pne infrastrukturen for flere akt\u00f8rer for \u00e5 \u00f8ke konkurransen i markedet, skriver&hellip;\n","protected":false},"author":2,"featured_media":138737,"comment_status":"","ping_status":"","sticky":false,"template":"","format":"standard","meta":{"footnotes":""},"categories":[12],"tags":[20,21,24,25,15,22,23,13,30,28,29,14,16,26,27,42,43,44,45],"class_list":{"0":"post-138736","1":"post","2":"type-post","3":"status-publish","4":"format-standard","5":"has-post-thumbnail","7":"category-verden","8":"tag-breaking-news","9":"tag-breakingnews","10":"tag-featured-news","11":"tag-featurednews","12":"tag-headlines","13":"tag-latest-news","14":"tag-latestnews","15":"tag-news","16":"tag-no","17":"tag-norge","18":"tag-norway","19":"tag-nyheter","20":"tag-overskrifter","21":"tag-top-stories","22":"tag-topstories","23":"tag-verden","24":"tag-world","25":"tag-world-news","26":"tag-worldnews"},"share_on_mastodon":{"url":"https:\/\/pubeurope.com\/@no\/115901831906342633","error":""},"_links":{"self":[{"href":"https:\/\/www.europesays.com\/no\/wp-json\/wp\/v2\/posts\/138736","targetHints":{"allow":["GET"]}}],"collection":[{"href":"https:\/\/www.europesays.com\/no\/wp-json\/wp\/v2\/posts"}],"about":[{"href":"https:\/\/www.europesays.com\/no\/wp-json\/wp\/v2\/types\/post"}],"author":[{"embeddable":true,"href":"https:\/\/www.europesays.com\/no\/wp-json\/wp\/v2\/users\/2"}],"replies":[{"embeddable":true,"href":"https:\/\/www.europesays.com\/no\/wp-json\/wp\/v2\/comments?post=138736"}],"version-history":[{"count":0,"href":"https:\/\/www.europesays.com\/no\/wp-json\/wp\/v2\/posts\/138736\/revisions"}],"wp:featuredmedia":[{"embeddable":true,"href":"https:\/\/www.europesays.com\/no\/wp-json\/wp\/v2\/media\/138737"}],"wp:attachment":[{"href":"https:\/\/www.europesays.com\/no\/wp-json\/wp\/v2\/media?parent=138736"}],"wp:term":[{"taxonomy":"category","embeddable":true,"href":"https:\/\/www.europesays.com\/no\/wp-json\/wp\/v2\/categories?post=138736"},{"taxonomy":"post_tag","embeddable":true,"href":"https:\/\/www.europesays.com\/no\/wp-json\/wp\/v2\/tags?post=138736"}],"curies":[{"name":"wp","href":"https:\/\/api.w.org\/{rel}","templated":true}]}}