{"id":138738,"date":"2026-01-15T23:59:11","date_gmt":"2026-01-15T23:59:11","guid":{"rendered":"https:\/\/www.europesays.com\/no\/138738\/"},"modified":"2026-01-15T23:59:11","modified_gmt":"2026-01-15T23:59:11","slug":"hoyre-har-tatt-en-avgjorelse-om-biltrafikken-i-trondheim-sentrum-nrk-trondelag-lokale-nyheter-tv-og-radio","status":"publish","type":"post","link":"https:\/\/www.europesays.com\/no\/138738\/","title":{"rendered":"H\u00f8yre har tatt en avgj\u00f8relse om biltrafikken i Trondheim sentrum \u2013 NRK Tr\u00f8ndelag \u2013 Lokale nyheter, TV og radio"},"content":{"rendered":"<p>H\u00f8yre sin bystyregruppe i Trondheim har torsdag kveld diskutert biltrafikk og gjennomkj\u00f8ring i Midtbyen. Gruppem\u00f8tet og diskusjonen rundt temaet varte i to timer.<\/p>\n<p>N\u00e5 har de har bestemt seg for \u00e5 sende samferdselsplanen tilbake for bearbeiding.<\/p>\n<p><strong>\u2013 Vi \u00f8nsker \u00e5 s\u00f8ke et flertall i bystyret som gir oss dette, sier gruppeleder i H\u00f8yre Mats Ramo.<\/strong><\/p>\n<p>Dermed ligger det an til at det ikke blir soneinndeling i bykjernen til sommeren.<\/p>\n<p>Ramo sier de p\u00e5 m\u00f8tet i dag snakket om konsekvensene av dette valget, men han ville ikke si noe spesifikt om hva som ble sagt.<\/p>\n<p>Kaos<\/p>\n<p>Den siste uka har det v\u00e6rt uenighet i byr\u00e5det. Dette skjedde etter at H\u00f8yre br\u00f8t forhandlingene om en ny samferdselsplan, som de selv presenterte. Dette falt ikke i god jord hos byr\u00e5dspartner MDG.<\/p>\n<p>De har sagt at enten vedtar Trondheim en storstilt endring av kj\u00f8rem\u00f8nsteret i Midtbyen, eller s\u00e5 g\u00e5r MDG ut av byr\u00e5det og Sentrum-H\u00f8yre-samarbeidet.<\/p>\n<p><strong>\u2013 Det er utrolig synd at H\u00f8yre gj\u00f8r et slikt vedtak i kveld, for alle beboerne i sentrum som har enorm trafikkbelastning. Og for syklistene som trenger en tryggere sykkelby.<\/strong><\/p>\n<p>Det sier Tore Dyrendahl til NRK torsdag kveld. Han er gruppeleder i MDG.<\/p>\n<p>Uavklart situasjon<\/p>\n<p>Da H\u00f8yre br\u00f8t forhandlingene tirsdag, pekte de blant annet p\u00e5 at de \u00f8nsker en parkeringskjeller under bakken i sentrum. Det fikk de ikke de andre partiene med seg p\u00e5.<\/p>\n<p>Hva som skjer dersom MDG trekker seg fra samarbeidet er enn\u00e5 ikke avklart.<\/p>\n<p>\u2013 Det er n\u00e5 totalt kaos internt i H\u00f8yre. Dette er et avtalebrudd og et H\u00f8yre som g\u00e5r mot egen byr\u00e5d. Dette er ikke det prosjektet Kent Ranum lovet i forhandlingene etter valget i 2023, sier Dyrendahl.<\/p>\n<p><strong>Mats Ramo i H\u00f8yre sier han ikke kjenner seg igjen i dette.<\/strong><\/p>\n<p>\u2013 Dette er en fortelling om noe man i detalj har lovet bort h\u00f8sten 2023, og det er det sv\u00e6rt f\u00e5 som kjenner seg igjen i.<\/p>\n<p>Han sier MDG vil ha et ekstraordin\u00e6rt gruppem\u00f8te fredag ettermiddag.<\/p>\n<p>Bystyret skal m\u00f8tes 29. januar. Da er denne saken p\u00e5 agendaen.<\/p>\n<p>Publisert<\/p>\n<p>15.01.2026, kl. 22.05<\/p>\n<p>Oppdatert<\/p>\n<p>15.01.2026, kl. 22.26<\/p>\n","protected":false},"excerpt":{"rendered":"H\u00f8yre sin bystyregruppe i Trondheim har torsdag kveld diskutert biltrafikk og gjennomkj\u00f8ring i Midtbyen. Gruppem\u00f8tet og diskusjonen rundt&hellip;\n","protected":false},"author":2,"featured_media":138739,"comment_status":"","ping_status":"","sticky":false,"template":"","format":"standard","meta":{"footnotes":""},"categories":[10],"tags":[20,21,24,25,15,22,23,13,30,28,29,14,16,26,27],"class_list":{"0":"post-138738","1":"post","2":"type-post","3":"status-publish","4":"format-standard","5":"has-post-thumbnail","7":"category-norge","8":"tag-breaking-news","9":"tag-breakingnews","10":"tag-featured-news","11":"tag-featurednews","12":"tag-headlines","13":"tag-latest-news","14":"tag-latestnews","15":"tag-news","16":"tag-no","17":"tag-norge","18":"tag-norway","19":"tag-nyheter","20":"tag-overskrifter","21":"tag-top-stories","22":"tag-topstories"},"share_on_mastodon":{"url":"https:\/\/pubeurope.com\/@no\/115901835663989131","error":""},"_links":{"self":[{"href":"https:\/\/www.europesays.com\/no\/wp-json\/wp\/v2\/posts\/138738","targetHints":{"allow":["GET"]}}],"collection":[{"href":"https:\/\/www.europesays.com\/no\/wp-json\/wp\/v2\/posts"}],"about":[{"href":"https:\/\/www.europesays.com\/no\/wp-json\/wp\/v2\/types\/post"}],"author":[{"embeddable":true,"href":"https:\/\/www.europesays.com\/no\/wp-json\/wp\/v2\/users\/2"}],"replies":[{"embeddable":true,"href":"https:\/\/www.europesays.com\/no\/wp-json\/wp\/v2\/comments?post=138738"}],"version-history":[{"count":0,"href":"https:\/\/www.europesays.com\/no\/wp-json\/wp\/v2\/posts\/138738\/revisions"}],"wp:featuredmedia":[{"embeddable":true,"href":"https:\/\/www.europesays.com\/no\/wp-json\/wp\/v2\/media\/138739"}],"wp:attachment":[{"href":"https:\/\/www.europesays.com\/no\/wp-json\/wp\/v2\/media?parent=138738"}],"wp:term":[{"taxonomy":"category","embeddable":true,"href":"https:\/\/www.europesays.com\/no\/wp-json\/wp\/v2\/categories?post=138738"},{"taxonomy":"post_tag","embeddable":true,"href":"https:\/\/www.europesays.com\/no\/wp-json\/wp\/v2\/tags?post=138738"}],"curies":[{"name":"wp","href":"https:\/\/api.w.org\/{rel}","templated":true}]}}