{"id":138742,"date":"2026-01-16T00:08:18","date_gmt":"2026-01-16T00:08:18","guid":{"rendered":"https:\/\/www.europesays.com\/no\/138742\/"},"modified":"2026-01-16T00:08:18","modified_gmt":"2026-01-16T00:08:18","slug":"to-personer-pakjort-av-bil","status":"publish","type":"post","link":"https:\/\/www.europesays.com\/no\/138742\/","title":{"rendered":"To personer p\u00e5kj\u00f8rt av bil"},"content":{"rendered":"\n<p>N\u00f8detatene er i Frederiks gate, hvor det har v\u00e6rt en trafikkulykke. <\/p>\n<p><b>To personer skal ha blitt p\u00e5kj\u00f8rt av en bil.<\/b><\/p>\n<p>\u2013 Politiets forst\u00e5elser er at bilf\u00f8rer mulig kan ha f\u00e5tt et illebefinnende og deretter kj\u00f8rt opp p\u00e5 fortauet, skriver operasjonsleder Bjarne Pedersen. <\/p>\n<p>Bilf\u00f8rer er en mann i 80-\u00e5rene. <\/p>\n<p>   <img decoding=\"async\" width=\"4032\" height=\"3024\" fetchpriority=\"low\"  loading=\"lazy\"  src=\"https:\/\/www.europesays.com\/no\/wp-content\/uploads\/2026\/01\/c70291f8-cb12-4c4f-8e61-297c41c9a6a3.jpeg\" alt=\"\" class=\"brick-c-cFOWSL\" style=\"--brick-image-ratio: 4032 \/ 3024;\"\/><\/p>\n<p>      &#8211;<br \/>\n      Foto: Emma Glimstad \/ Avisa Oslo\n    <\/p>\n<p>Det er ikke meldt om alvorlig personskade.<\/p>\n<p>En av de p\u00e5kj\u00f8rte skal ha forlatt stedet f\u00f8r politiet ankom, opplyser Pedersen. <\/p>\n<p>\u2013 Bilf\u00f8rer til sjekk p\u00e5 legevakt. Politiet oppretter sak og tar midlertidig beslag av f\u00f8rerkort, skriver Pedersen. <\/p>\n","protected":false},"excerpt":{"rendered":"N\u00f8detatene er i Frederiks gate, hvor det har v\u00e6rt en trafikkulykke. To personer skal ha blitt p\u00e5kj\u00f8rt av&hellip;\n","protected":false},"author":2,"featured_media":138743,"comment_status":"","ping_status":"","sticky":false,"template":"","format":"standard","meta":{"footnotes":""},"categories":[5],"tags":[36,20,21,24,25,15,19,22,23,17,18,13,30,28,29,14,16,1510,26,27],"class_list":{"0":"post-138742","1":"post","2":"type-post","3":"status-publish","4":"format-standard","5":"has-post-thumbnail","7":"category-overskrifter","8":"tag-art","9":"tag-breaking-news","10":"tag-breakingnews","11":"tag-featured-news","12":"tag-featurednews","13":"tag-headlines","14":"tag-hovedoppslag","15":"tag-latest-news","16":"tag-latestnews","17":"tag-main-news","18":"tag-mainnews","19":"tag-news","20":"tag-no","21":"tag-norge","22":"tag-norway","23":"tag-nyheter","24":"tag-overskrifter","25":"tag-story","26":"tag-top-stories","27":"tag-topstories"},"share_on_mastodon":{"url":"https:\/\/pubeurope.com\/@no\/115901871078154256","error":""},"_links":{"self":[{"href":"https:\/\/www.europesays.com\/no\/wp-json\/wp\/v2\/posts\/138742","targetHints":{"allow":["GET"]}}],"collection":[{"href":"https:\/\/www.europesays.com\/no\/wp-json\/wp\/v2\/posts"}],"about":[{"href":"https:\/\/www.europesays.com\/no\/wp-json\/wp\/v2\/types\/post"}],"author":[{"embeddable":true,"href":"https:\/\/www.europesays.com\/no\/wp-json\/wp\/v2\/users\/2"}],"replies":[{"embeddable":true,"href":"https:\/\/www.europesays.com\/no\/wp-json\/wp\/v2\/comments?post=138742"}],"version-history":[{"count":0,"href":"https:\/\/www.europesays.com\/no\/wp-json\/wp\/v2\/posts\/138742\/revisions"}],"wp:featuredmedia":[{"embeddable":true,"href":"https:\/\/www.europesays.com\/no\/wp-json\/wp\/v2\/media\/138743"}],"wp:attachment":[{"href":"https:\/\/www.europesays.com\/no\/wp-json\/wp\/v2\/media?parent=138742"}],"wp:term":[{"taxonomy":"category","embeddable":true,"href":"https:\/\/www.europesays.com\/no\/wp-json\/wp\/v2\/categories?post=138742"},{"taxonomy":"post_tag","embeddable":true,"href":"https:\/\/www.europesays.com\/no\/wp-json\/wp\/v2\/tags?post=138742"}],"curies":[{"name":"wp","href":"https:\/\/api.w.org\/{rel}","templated":true}]}}