{"id":138759,"date":"2026-01-16T00:34:24","date_gmt":"2026-01-16T00:34:24","guid":{"rendered":"https:\/\/www.europesays.com\/no\/138759\/"},"modified":"2026-01-16T00:34:24","modified_gmt":"2026-01-16T00:34:24","slug":"snorre-monsson-er-forlovet","status":"publish","type":"post","link":"https:\/\/www.europesays.com\/no\/138759\/","title":{"rendered":"Snorre Monsson er forlovet"},"content":{"rendered":"\n<p class=\"_lead_o9xde_2 _lead_xtcu6_50 layout-component text-serif-m layout-normal text-serif-l layout-component layout-wide layout-padded _wide_17hqh_1 layout-padded\">Det avsl\u00f8rer han selv, etter \u00abGucci-Gaute\u00bb ringte tipstelefonen til Romerikes Blad. <\/p>\n<p><img alt=\"FORLOVET: Snorre Monsson og samboeren Ida er forlovet.  Foto: Mattis Sandblad \/ VG\" class=\"_image_qp4xg_65 layout-component layout-wide\" data-fullscreen- data-track-element-type=\"Article image fullscreen\" data-track-name=\"ImageFullscreen\" fetchpriority=\"high\" decoding=\"sync\" loading=\"eager\" height=\"3816\" itemprop=\"image\"  src=\"https:\/\/www.europesays.com\/no\/wp-content\/uploads\/2026\/01\/893cc9dd-fa85-43e2-9c6e-b07339532f7e.jpeg\"  style=\"object-position:0% 0%\" width=\"5812\"\/>FORLOVET: Snorre Monsson og samboeren Ida er forlovet.  Foto: Mattis Sandblad \/ VG<\/p>\n<ul aria-hidden=\"true\" class=\"_images_ntbth_112\">\n<li><a class=\"_link_ntbth_117\" href=\"https:\/\/www.vg.no\/forfatter\/elise-kvien\" style=\"z-index:1\" title=\"Elise Kvien\" rel=\"nofollow noopener\" target=\"_blank\"><img alt=\"Bilde av Elise Kvien\" class=\"_image_ntbth_93\" fetchpriority=\"low\" loading=\"lazy\" decoding=\"async\" itemprop=\"image\"  src=\"https:\/\/www.europesays.com\/no\/wp-content\/uploads\/2026\/01\/1768523661_960_e9d71b6f-2a15-4dd1-85be-ea8fb873046c.jpeg\"  width=\"480\"\/><\/a><\/li>\n<\/ul>\n<p> Oppdatert torsdag 15. januar kl. 16:53     <\/p>\n<p class=\"_paragraph_o9xde_4 _paragraph_xtcu6_10 layout-component text-serif-m layout-normal text-serif-m layout-padded\">\u2013 Jeg er forlovet med min samboer Ida, forsikrer Monsson til <a href=\"https:\/\/www.rb.no\/avslorer-forlovelse\/s\/5-43-2654395\" class=\"_link_o9xde_39\" rel=\"nofollow noopener\" target=\"_blank\">avisen<\/a>. <\/p>\n<p class=\"_paragraph_o9xde_4 _paragraph_xtcu6_10 layout-component text-serif-m layout-normal text-serif-m layout-padded\">Han innr\u00f8mmer at oppringningen til lokalavisen var iscenesatt.<\/p>\n<p class=\"_paragraph_o9xde_4 _paragraph_xtcu6_10 layout-component text-serif-m layout-normal text-serif-m layout-padded\">\u2013 Vi trengte innhold til v\u00e5r podkast Snorre med Gaute. Gaute ringte til flere medier for \u00e5 ha litt \u00e5 velge mellom. Episoden kommer tirsdag, sier han. <\/p>\n<p class=\"_paragraph_o9xde_4 _paragraph_xtcu6_10 layout-component text-serif-m layout-normal text-serif-m layout-padded\">Han sier at det var et underholdningsinnslag, men at det er ekte. <\/p>\n<p><img alt=\"Komikerne Snorre Monsson og Gaute Berg N\u00e6ss har podkasten \u00abSnorre med Gaute\u00bb hos VGTV.   Foto: Kristoffer Kumar \/ Kristoffer Kumar\" class=\"_image_qp4xg_65 layout-component layout-normal\" data-fullscreen- data-track-element-type=\"Article image fullscreen\" data-track-name=\"ImageFullscreen\" decoding=\"async\" loading=\"lazy\" height=\"3335\" itemprop=\"image\"  src=\"https:\/\/www.europesays.com\/no\/wp-content\/uploads\/2026\/01\/f8f41960-0a3a-4a20-af91-ffcdffce6d41.jpeg\"  style=\"object-position:0% 0%\" width=\"5000\"\/>Komikerne Snorre Monsson og Gaute Berg N\u00e6ss har podkasten \u00abSnorre med Gaute\u00bb hos VGTV.   Foto: Kristoffer Kumar \/ Kristoffer Kumar<\/p>\n<p class=\"_paragraph_o9xde_4 _paragraph_xtcu6_10 layout-component text-serif-m layout-normal text-serif-m layout-padded\">Han sier til VG at det hele skjedde rett f\u00f8r jul, og at han ikke hadde planlagt det s\u00e5 masse. <\/p>\n<p class=\"_paragraph_o9xde_4 _paragraph_xtcu6_10 layout-component text-serif-m layout-normal text-serif-m layout-padded\">\u2013 Jeg gikk ned p\u00e5 kne, sier en litt ordknapp Monsson. <\/p>\n<p class=\"_paragraph_o9xde_4 _paragraph_xtcu6_10 layout-component text-serif-m layout-normal text-serif-m layout-padded\">\u2013 Hvordan blir tiden fremover? <\/p>\n<p class=\"_paragraph_o9xde_4 _paragraph_xtcu6_10 layout-component text-serif-m layout-normal text-serif-m layout-padded\"><strong class=\"_strong_o9xde_25\">\u2013 Leve lykkelig forlovet i f\u00f8rste omgang i hvert fall, sier han og ler. <\/strong><\/p>\n<p class=\"_paragraph_o9xde_4 _paragraph_xtcu6_10 layout-component text-serif-m layout-normal text-serif-m layout-padded\">N\u00e5 for tiden er Monsson opptatt med oppsetningen av The Book of Mormon p\u00e5 Folketeateret, samt podkasten hos VGTV. <\/p>\n<p class=\"_paragraph_o9xde_4 _paragraph_xtcu6_10 layout-component text-serif-m layout-normal text-serif-m layout-padded\">\u2013 S\u00e5 \u00e5ret er godt i gang! Startskuddet har g\u00e5tt for en ny sesong, sier han. <\/p>\n<p>       <img decoding=\"async\" alt=\"Tips oss illustrasjon\" src=\"https:\/\/www.europesays.com\/no\/wp-content\/uploads\/2025\/10\/pssst-small.webp.webp\"\/>    <\/p>\n<p class=\"title-serif-s\">Har du tips?<\/p>\n<p class=\"text-sans-m\">Send oss informasjon, bilder eller video.<\/p>\n<p>  <a href=\"https:\/\/www.vg.no\/tips-oss\" rel=\"nofollow noopener\" target=\"_blank\"> Tips oss <\/a>      <\/p>\n","protected":false},"excerpt":{"rendered":"Det avsl\u00f8rer han selv, etter \u00abGucci-Gaute\u00bb ringte tipstelefonen til Romerikes Blad. FORLOVET: Snorre Monsson og samboeren Ida er&hellip;\n","protected":false},"author":2,"featured_media":138760,"comment_status":"","ping_status":"","sticky":false,"template":"","format":"standard","meta":{"footnotes":""},"categories":[5],"tags":[31,20,21,24,25,786,15,19,22,23,17,18,13,30,28,29,14,16,1270,790,26,27],"class_list":{"0":"post-138759","1":"post","2":"type-post","3":"status-publish","4":"format-standard","5":"has-post-thumbnail","7":"category-overskrifter","8":"tag-breaking","9":"tag-breaking-news","10":"tag-breakingnews","11":"tag-featured-news","12":"tag-featurednews","13":"tag-gaute-berg-naess","14":"tag-headlines","15":"tag-hovedoppslag","16":"tag-latest-news","17":"tag-latestnews","18":"tag-main-news","19":"tag-mainnews","20":"tag-news","21":"tag-no","22":"tag-norge","23":"tag-norway","24":"tag-nyheter","25":"tag-overskrifter","26":"tag-podkast","27":"tag-snorre-monsson","28":"tag-top-stories","29":"tag-topstories"},"share_on_mastodon":{"url":"https:\/\/pubeurope.com\/@no\/115901973367926784","error":""},"_links":{"self":[{"href":"https:\/\/www.europesays.com\/no\/wp-json\/wp\/v2\/posts\/138759","targetHints":{"allow":["GET"]}}],"collection":[{"href":"https:\/\/www.europesays.com\/no\/wp-json\/wp\/v2\/posts"}],"about":[{"href":"https:\/\/www.europesays.com\/no\/wp-json\/wp\/v2\/types\/post"}],"author":[{"embeddable":true,"href":"https:\/\/www.europesays.com\/no\/wp-json\/wp\/v2\/users\/2"}],"replies":[{"embeddable":true,"href":"https:\/\/www.europesays.com\/no\/wp-json\/wp\/v2\/comments?post=138759"}],"version-history":[{"count":0,"href":"https:\/\/www.europesays.com\/no\/wp-json\/wp\/v2\/posts\/138759\/revisions"}],"wp:featuredmedia":[{"embeddable":true,"href":"https:\/\/www.europesays.com\/no\/wp-json\/wp\/v2\/media\/138760"}],"wp:attachment":[{"href":"https:\/\/www.europesays.com\/no\/wp-json\/wp\/v2\/media?parent=138759"}],"wp:term":[{"taxonomy":"category","embeddable":true,"href":"https:\/\/www.europesays.com\/no\/wp-json\/wp\/v2\/categories?post=138759"},{"taxonomy":"post_tag","embeddable":true,"href":"https:\/\/www.europesays.com\/no\/wp-json\/wp\/v2\/tags?post=138759"}],"curies":[{"name":"wp","href":"https:\/\/api.w.org\/{rel}","templated":true}]}}