{"id":138771,"date":"2026-01-16T01:05:49","date_gmt":"2026-01-16T01:05:49","guid":{"rendered":"https:\/\/www.europesays.com\/no\/138771\/"},"modified":"2026-01-16T01:05:49","modified_gmt":"2026-01-16T01:05:49","slug":"iran-usa-nye-usa-sanksjoner-mot-iran","status":"publish","type":"post","link":"https:\/\/www.europesays.com\/no\/138771\/","title":{"rendered":"Iran, USA | Nye USA-sanksjoner mot Iran"},"content":{"rendered":"\n<p>Sanksjonene retter seg mot finanssektoren, shipping og energiselskaper, if\u00f8lge det amerikanske finansdepartementet.<\/p>\n<p>Flere enkeltpersoner som anklages for \u00e5 st\u00e5 bak de brutale reaksjonene mot demonstranter, rammes ogs\u00e5.<\/p>\n<p>I tillegg sanksjoneres 18 personer og bedrifter som USA mener st\u00e5r bak et skygge-banksystem som har v\u00e6rt knyttet til iranske finansinstitusjoner.<\/p>\n<p><b>Les ogs\u00e5: <a class=\"simple-relation related-teaser article--c-eRUmMG article--c-eRUmMG-fZoQSp-design-nettavisen article--c-eRUmMG-gwthdJ-cv\" href=\"https:\/\/www.nettavisen.no\/forskere-om-regimeendring-i-iran-virker-gjerne-umulig-for-det-skjer\/s\/5-95-2825972\" rel=\"nofollow noopener\" target=\"_blank\">Forskere om regimeendring i Iran: \u2013 Virker gjerne umulig f\u00f8r det skjer<\/a><\/b><\/p>\n<p>Mange drept<\/p>\n<p>Minst 3428 demonstranter er blitt drept siden 28. desember og antakelig langt flere, viste tall fra menneskerettsgruppa Iran Human Rights (IHR) onsdag.<\/p>\n<p>   <img decoding=\"async\" width=\"5303\" height=\"3692\" fetchpriority=\"low\"  loading=\"lazy\"  src=\"https:\/\/www.europesays.com\/no\/wp-content\/uploads\/2026\/01\/1768525548_868_NTB_x0RmRnavCZQ.jpg\" alt=\"In this photo obtained by The Associated Press, Iranians attend an anti-government protest in Tehran, Iran, Friday, Jan. 9, 2026. (UGC via AP)\" class=\"brick-c-cFOWSL\" style=\"--brick-image-ratio: 5303 \/ 3692;\"\/><\/p>\n<p>      DEMONSTRASJONER: Det har p\u00e5g\u00e5tt omfattende demonstrasjoner mot regimet i Iran den siste tiden. Bildet er tatt 9. januar.<br \/>\n      Foto: AP \/ NTB\n    <\/p>\n<p>Protestene i Iran har p\u00e5g\u00e5tt i over to uker og ble utl\u00f8st av en alvorlig \u00f8konomisk krise med valutakollaps og ekstrem inflasjon.<\/p>\n<p>Vitner i Irans hovedstad Teheran sier til nyhetsbyr\u00e5et AP torsdag at protestene mot regimet ser ut til \u00e5 ha blitt mindre intense.<\/p>\n<p><b>Les ogs\u00e5: <a class=\"simple-relation related-teaser article--c-eRUmMG article--c-eRUmMG-fZoQSp-design-nettavisen article--c-eRUmMG-gwthdJ-cv\" href=\"https:\/\/www.nettavisen.no\/bahareh-letnes-sitter-fast-i-iran\/s\/5-95-2826877\" rel=\"nofollow noopener\" target=\"_blank\">Bahareh Letnes sitter fast i Iran<\/a><\/b><\/p>\n<p>   <img decoding=\"async\" width=\"8639\" height=\"5759\" fetchpriority=\"low\"  loading=\"lazy\"  src=\"https:\/\/www.europesays.com\/no\/wp-content\/uploads\/2026\/01\/NTB_ahdi8FxeO3s.jpg\" alt=\"People cross an intersection in downtown Tehran, Iran, Thursday, Jan. 15, 2026. (AP Photo\/Vahid Salemi)\" class=\"brick-c-cFOWSL\" style=\"--brick-image-ratio: 8639 \/ 5759;\"\/><\/p>\n<p>      HVERDAG: Hverdag i Irans hovedstad Teheran torsdag.<br \/>\n      Foto: Vahid Salemi \/ AP \/ NTB\n    <\/p>\n<p>Lyden av skudd, som har v\u00e6rt intens gjennom flere netter, har roet seg. Det er f\u00e6rre branner av gjenstander og s\u00f8ppel i gatene, skriver AP.<\/p>\n<p>Om ettermiddagen torsdag 8. januar blokkerte iranske myndigheter befolkningens tilgang til internett. Siden har de ogs\u00e5 jaktet systematisk p\u00e5 folk som bruker Starlink for satellittilgang til internett. Tiltakene har gjort det vanskelig for folk \u00e5 f\u00e5 sendt informasjon, bilder og video ut av landet.<\/p>\n<p><b>Les ogs\u00e5: <a class=\"simple-relation related-teaser article--c-eRUmMG article--c-eRUmMG-fZoQSp-design-nettavisen article--c-eRUmMG-gwthdJ-cv\" href=\"https:\/\/www.nettavisen.no\/trump-sier-at-drepingen-i-iran-stanses-jeg-har-blitt-informert\/s\/5-95-2825771\" rel=\"nofollow noopener\" target=\"_blank\">Trump sier at drepingen i Iran stanses: \u2013 Jeg har blitt informert<\/a><\/b><\/p>\n<p>Sikkerhetsr\u00e5det m\u00f8tes<\/p>\n<p>FNs sikkerhetsr\u00e5d skal m\u00f8tes for \u00e5 diskutere situasjonen i Iran torsdag kveld klokken 21 norsk tid. Det er USA som har bedt om m\u00f8tet.<\/p>\n<p>USA og president Donald Trump har flere ganger truet Iran med angrep dersom myndighetene henretter fengslede demonstranter eller skyter folk i gatene.<\/p>\n<p>Natt til torsdag stengte Iran luftrommet for kommersiell flytrafikk i frykt for angrep.<\/p>\n<p>En rekke land, inkludert Norge, har oppfordret sine borgere til \u00e5 forlate Iran. Det er fortsatt mulig \u00e5 b\u00e5de bruke fly, tog og landeveien mot Tyrkia for \u00e5 ta seg ut av landet.<\/p>\n","protected":false},"excerpt":{"rendered":"Sanksjonene retter seg mot finanssektoren, shipping og energiselskaper, if\u00f8lge det amerikanske finansdepartementet. Flere enkeltpersoner som anklages for \u00e5&hellip;\n","protected":false},"author":2,"featured_media":138772,"comment_status":"","ping_status":"","sticky":false,"template":"","format":"standard","meta":{"footnotes":""},"categories":[12],"tags":[20,21,24,25,15,22,23,13,30,28,29,14,16,26,27,42,43,44,45],"class_list":{"0":"post-138771","1":"post","2":"type-post","3":"status-publish","4":"format-standard","5":"has-post-thumbnail","7":"category-verden","8":"tag-breaking-news","9":"tag-breakingnews","10":"tag-featured-news","11":"tag-featurednews","12":"tag-headlines","13":"tag-latest-news","14":"tag-latestnews","15":"tag-news","16":"tag-no","17":"tag-norge","18":"tag-norway","19":"tag-nyheter","20":"tag-overskrifter","21":"tag-top-stories","22":"tag-topstories","23":"tag-verden","24":"tag-world","25":"tag-world-news","26":"tag-worldnews"},"share_on_mastodon":{"url":"https:\/\/pubeurope.com\/@no\/115902099174045451","error":""},"_links":{"self":[{"href":"https:\/\/www.europesays.com\/no\/wp-json\/wp\/v2\/posts\/138771","targetHints":{"allow":["GET"]}}],"collection":[{"href":"https:\/\/www.europesays.com\/no\/wp-json\/wp\/v2\/posts"}],"about":[{"href":"https:\/\/www.europesays.com\/no\/wp-json\/wp\/v2\/types\/post"}],"author":[{"embeddable":true,"href":"https:\/\/www.europesays.com\/no\/wp-json\/wp\/v2\/users\/2"}],"replies":[{"embeddable":true,"href":"https:\/\/www.europesays.com\/no\/wp-json\/wp\/v2\/comments?post=138771"}],"version-history":[{"count":0,"href":"https:\/\/www.europesays.com\/no\/wp-json\/wp\/v2\/posts\/138771\/revisions"}],"wp:featuredmedia":[{"embeddable":true,"href":"https:\/\/www.europesays.com\/no\/wp-json\/wp\/v2\/media\/138772"}],"wp:attachment":[{"href":"https:\/\/www.europesays.com\/no\/wp-json\/wp\/v2\/media?parent=138771"}],"wp:term":[{"taxonomy":"category","embeddable":true,"href":"https:\/\/www.europesays.com\/no\/wp-json\/wp\/v2\/categories?post=138771"},{"taxonomy":"post_tag","embeddable":true,"href":"https:\/\/www.europesays.com\/no\/wp-json\/wp\/v2\/tags?post=138771"}],"curies":[{"name":"wp","href":"https:\/\/api.w.org\/{rel}","templated":true}]}}