{"id":138777,"date":"2026-01-16T01:25:12","date_gmt":"2026-01-16T01:25:12","guid":{"rendered":"https:\/\/www.europesays.com\/no\/138777\/"},"modified":"2026-01-16T01:25:12","modified_gmt":"2026-01-16T01:25:12","slug":"ukraina-russland-zelenskyj-svarer-trump-aldri-vaert-hinder-for-fred","status":"publish","type":"post","link":"https:\/\/www.europesays.com\/no\/138777\/","title":{"rendered":"Ukraina, Russland | Zelenskyj svarer Trump: \u2013 Aldri v\u00e6rt hinder for fred"},"content":{"rendered":"\n<p>Ukrainas president Volodymyr Zelenskyj svarer n\u00e5 direkte p\u00e5 USAs president Donald Trumps p\u00e5stand om at det er Ukraina som st\u00e5r i veien for en fredsavtale.<\/p>\n<p>I en melding p\u00e5 X skriver Zelenskyj at Ukraina \u00abaldri har v\u00e6rt og aldri vil v\u00e6re et hinder for fred\u00bb, og peker p\u00e5 at russiske angrep rammer b\u00e5de str\u00f8mforsyning og sivile.<\/p>\n<p>\u2013 N\u00e5r ukrainere blir st\u00e5ende uten str\u00f8m i 20\u201330 timer p\u00e5 grunn av Russland, og n\u00e5r russiske angrep har som m\u00e5l \u00e5 \u00f8delegge energisystemet v\u00e5rt og folket v\u00e5rt, er det Russland som m\u00e5 settes under press, sier han.<\/p>\n<p><b>Les ogs\u00e5: <a class=\"simple-relation related-teaser article--c-eRUmMG article--c-eRUmMG-fZoQSp-design-nettavisen article--c-eRUmMG-gwthdJ-cv\" href=\"https:\/\/www.nettavisen.no\/trump-mener-zelenskyj-er-storste-hinder-for-ukraina-avtale\/s\/5-95-2825858\" rel=\"nofollow noopener\" target=\"_blank\">Trump mener Zelenskyj er st\u00f8rste hinder for Ukraina-avtale<\/a><\/b><\/p>\n<p>Trump: Zelenskyj, ikke Putin, holder igjen<\/p>\n<p>Uttalelsen kommer etter at Trump i et intervju med Reuters hevdet at Zelenskyj, og ikke Russlands president Vladimir Putin, er den st\u00f8rste bremseklossen i USA-ledede fredsforhandlinger.<\/p>\n<p>\u2013 Jeg tror han er klar til \u00e5 gj\u00f8re en avtale. Jeg tror Ukraina er mindre klar til \u00e5 gj\u00f8re en avtale, sa Trump, som mener Zelenskyj er mer tilbakeholden enn hans russiske motpart.<\/p>\n<p>Trump svarte ogs\u00e5 \u00abZelenskyj\u00bb n\u00e5r han ble spurt om hvorfor de USA-ledede forhandlingene ikke har klart \u00e5 f\u00e5 slutt p\u00e5 krigen.<\/p>\n<p>Reuters skriver at forhandlingene blant annet har handlet om sikkerhetsgarantier og mulige territorielle sp\u00f8rsm\u00e5l, men at Zelenskyj har v\u00e6rt tydelig p\u00e5 at Ukraina ikke vil gi fra seg territorium.<\/p>\n<p><b>Les ogs\u00e5: <a class=\"simple-relation related-teaser article--c-eRUmMG article--c-eRUmMG-fZoQSp-design-nettavisen article--c-eRUmMG-gwthdJ-cv\" href=\"https:\/\/www.nettavisen.no\/fryktet-et-zelenskyj-oyeblikk\/s\/5-95-2825768\" rel=\"nofollow noopener\" target=\"_blank\">Fryktet et \u00abZelenskyj-\u00f8yeblikk\u00bb<\/a><\/b><\/p>\n<p>Russland er enige med Trump<\/p>\n<p>Torsdag gikk ogs\u00e5 Kreml ut og sa at de er <a rel=\"Follow nofollow noopener\" href=\"https:\/\/www.reuters.com\/world\/china\/kremlin-says-trump-is-right-about-zelenskiy-holding-up-peace-deal-ukraine-2026-01-15\/\" target=\"_blank\">enige med Trump<\/a> i at Ukraina forsinker en avtale.<\/p>\n<p>\u2013 Jeg er enig, det er faktisk tilfelle. President Putin og den russiske siden er fortsatt \u00e5pne (for samtaler). Den russiske posisjonen er velkjent. Den er velkjent for de amerikanske forhandlerne, for president Trump og for ledelsen i Kyiv-regimet, sa Kremls talsmann Dmitrij Peskov til journalister da han ble spurt om han var enig med Trump.<\/p>\n<p><b>Les ogs\u00e5: <a class=\"simple-relation related-teaser article--c-eRUmMG article--c-eRUmMG-fZoQSp-design-nettavisen article--c-eRUmMG-gwthdJ-cv\" href=\"https:\/\/www.nettavisen.no\/britisk-diplomat-utvist-fra-russland-anklages-for-a-vare-spion\/s\/5-95-2826494\" rel=\"nofollow noopener\" target=\"_blank\">Britisk diplomat utvist fra Russland: Anklages for \u00e5 v\u00e6re spion<\/a><\/b><\/p>\n<p>Erkl\u00e6rte unntakstilstand for energisektoren<\/p>\n<p>President Volodymyr Zelenskyj erkl\u00e6rte onsdag unntakstilstand for Ukrainas energisektor, som har v\u00e6rt utsatt for daglige russiske angrep den siste tiden.<\/p>\n<p>\u2013 Et permanent koordineringshovedkvarter blir etablert for \u00e5 ta tak i situasjonen i Kyiv. Samlet sett blir det erkl\u00e6rt unntakstilstand for hele Ukrainas energinett, sa Zelenskyj etter et m\u00f8te om temaet onsdag, if\u00f8lge nyhetsbyr\u00e5et AFP.<\/p>\n<p><b>Les ogs\u00e5: <a class=\"simple-relation related-teaser article--c-eRUmMG article--c-eRUmMG-fZoQSp-design-nettavisen article--c-eRUmMG-gwthdJ-cv\" href=\"https:\/\/www.nettavisen.no\/storre-energianlegg-bombet-i-kharkiv\/s\/5-95-2827604\" rel=\"nofollow noopener\" target=\"_blank\">St\u00f8rre energianlegg bombet i Kharkiv<\/a><\/b><\/p>\n","protected":false},"excerpt":{"rendered":"Ukrainas president Volodymyr Zelenskyj svarer n\u00e5 direkte p\u00e5 USAs president Donald Trumps p\u00e5stand om at det er Ukraina&hellip;\n","protected":false},"author":2,"featured_media":138778,"comment_status":"","ping_status":"","sticky":false,"template":"","format":"standard","meta":{"footnotes":""},"categories":[12],"tags":[20,21,24,25,15,22,23,13,30,28,29,14,16,26,27,42,43,44,45],"class_list":{"0":"post-138777","1":"post","2":"type-post","3":"status-publish","4":"format-standard","5":"has-post-thumbnail","7":"category-verden","8":"tag-breaking-news","9":"tag-breakingnews","10":"tag-featured-news","11":"tag-featurednews","12":"tag-headlines","13":"tag-latest-news","14":"tag-latestnews","15":"tag-news","16":"tag-no","17":"tag-norge","18":"tag-norway","19":"tag-nyheter","20":"tag-overskrifter","21":"tag-top-stories","22":"tag-topstories","23":"tag-verden","24":"tag-world","25":"tag-world-news","26":"tag-worldnews"},"share_on_mastodon":{"url":"https:\/\/pubeurope.com\/@no\/115902173851167045","error":""},"_links":{"self":[{"href":"https:\/\/www.europesays.com\/no\/wp-json\/wp\/v2\/posts\/138777","targetHints":{"allow":["GET"]}}],"collection":[{"href":"https:\/\/www.europesays.com\/no\/wp-json\/wp\/v2\/posts"}],"about":[{"href":"https:\/\/www.europesays.com\/no\/wp-json\/wp\/v2\/types\/post"}],"author":[{"embeddable":true,"href":"https:\/\/www.europesays.com\/no\/wp-json\/wp\/v2\/users\/2"}],"replies":[{"embeddable":true,"href":"https:\/\/www.europesays.com\/no\/wp-json\/wp\/v2\/comments?post=138777"}],"version-history":[{"count":0,"href":"https:\/\/www.europesays.com\/no\/wp-json\/wp\/v2\/posts\/138777\/revisions"}],"wp:featuredmedia":[{"embeddable":true,"href":"https:\/\/www.europesays.com\/no\/wp-json\/wp\/v2\/media\/138778"}],"wp:attachment":[{"href":"https:\/\/www.europesays.com\/no\/wp-json\/wp\/v2\/media?parent=138777"}],"wp:term":[{"taxonomy":"category","embeddable":true,"href":"https:\/\/www.europesays.com\/no\/wp-json\/wp\/v2\/categories?post=138777"},{"taxonomy":"post_tag","embeddable":true,"href":"https:\/\/www.europesays.com\/no\/wp-json\/wp\/v2\/tags?post=138777"}],"curies":[{"name":"wp","href":"https:\/\/api.w.org\/{rel}","templated":true}]}}