{"id":138781,"date":"2026-01-16T01:42:12","date_gmt":"2026-01-16T01:42:12","guid":{"rendered":"https:\/\/www.europesays.com\/no\/138781\/"},"modified":"2026-01-16T01:42:12","modified_gmt":"2026-01-16T01:42:12","slug":"ambulanse-ahus-legen-ringte-for-a-skjelle-ut-ambulanseteamet-uakseptabelt","status":"publish","type":"post","link":"https:\/\/www.europesays.com\/no\/138781\/","title":{"rendered":"Ambulanse, Ahus | Legen ringte for \u00e5 skjelle ut ambulanseteamet: \u2013 Uakseptabelt"},"content":{"rendered":"\n<p>(<a href=\"https:\/\/www.rb.no\/legen-ringte-for-a-skjelle-ut-ambulanseteamet-uakseptabelt\/s\/5-43-2646651\" rel=\"Follow nofollow noopener\" target=\"_blank\">Romerikes Blad<\/a>): Ambulansepersonellet beskriver selv den ubehagelige hendelsen i en avviksmelding. Dokumenter Romerikes Blad har f\u00e5tt innsyn i, viser at det oppsto full konflikt mellom personellet og vakthavende lege ved sykehuset for ett \u00e5r siden.<\/p>\n<p><b>Krangelens kjerne var om pasienten i det hele tatt skulle legges inn. Mens personellet insisterte p\u00e5 sykehus, mente legen at pasienten burde v\u00e6rt kj\u00f8rt til legevakta.<\/b><\/p>\n<p>Pasienten hadde brystsmerter, og hadde nylig v\u00e6rt behandlet ved Ahus Nordbyhagen. Ambulansepersonellet opplevde at legen ved Kongsvinger sykehus avfeide dem, men fikk til slutt klarsignal til \u00e5 kj\u00f8re direkte dit.<\/p>\n<p><b>De leverte pasienten uten problemer, men etterspillet kom 43 minutter senere. Da ringte den aktuelle legen ambulansepersonellet.<\/b><\/p>\n<p><b>Les ogs\u00e5: <a class=\"simple-relation related-teaser article--c-eRUmMG article--c-eRUmMG-fZoQSp-design-nettavisen article--c-eRUmMG-gwthdJ-cv\" href=\"https:\/\/www.nettavisen.no\/bussulykke-med-skoleelever-pa-e10\/s\/5-95-2819519\" rel=\"nofollow noopener\" target=\"_blank\">Bussulykke med skoleelever p\u00e5 E10<\/a><\/b><\/p>\n<p>\u2013 F\u00f8les uproft<\/p>\n<p><b>\u2013 Legen mener vi har gjort urett i \u00e5 kj\u00f8re pasienten til sykehus og at vi er ukollegiale, skriver personellet om samtalen i en avviksmelding.<\/b><\/p>\n<p>Personellet hevder videre at legen uttrykte misn\u00f8ye med \u00e5 m\u00e5tte skrive et  og sende pasienten hjem midt p\u00e5 natta.<\/p>\n<p>Ambulansepersonellet fors\u00f8kte \u00e5 forklare sine prosedyrer, men legen avbr\u00f8t dem med ufine kommentarer og trusler om avviksmelding f\u00f8r vedkommende la p\u00e5 r\u00f8ret, if\u00f8lge meldingen.<\/p>\n<p>\u2013 Det f\u00f8les uproft, og om noen kan anklages for \u00e5 v\u00e6re ukollegial mener jeg at det blir legen som ikke prioriterer \u00e5 m\u00f8te oss i mottak, men ringer oss for \u00e5 skjelle oss ut, skriver personellet.<\/p>\n<p><b>Den aktuelle legen er kjent med at saken omtales, men \u00f8nsker ikke \u00e5 uttale seg.<\/b><\/p>\n<p><b>Les ogs\u00e5: <a class=\"simple-relation related-teaser article--c-eRUmMG article--c-eRUmMG-fZoQSp-design-nettavisen article--c-eRUmMG-gwthdJ-cv\" href=\"https:\/\/www.nettavisen.no\/mobil-eksploderte-12-evakuert\/s\/5-95-2817451\" rel=\"nofollow noopener\" target=\"_blank\">Mobil eksploderte \u2013 12 evakuert<\/a><\/b><\/p>\n<p>\u2013 Uakseptabelt<\/p>\n<p>Ambulansetjenesten reagerer sterkt p\u00e5 legens opptreden i etterkant av oppdraget:<\/p>\n<p><b>\u2013 Det bidrar ikke til et konstruktivt samarbeid, og slike telefonsamtaler er uakseptabelt, skriver leder for ambulanseavdelingen, Ola Borstad, ved Oslo universitetssykehus (OUS).<\/b><\/p>\n<p>Ledelsen gir sin fulle st\u00f8tte til sine ansatte, og mener at det var helt riktig \u00e5 kj\u00f8re pasienten til sykehus. De sl\u00e5r fast at det er bedre \u00e5 legge inn en pasient for mye enn en for lite:<\/p>\n<p>\u2013 For \u00e5 sikre pasientene riktig behandlingsniv\u00e5, m\u00e5 sykehusene akseptere en viss grad av .<\/p>\n<p><b>Les ogs\u00e5: <a class=\"simple-relation related-teaser article--c-eRUmMG article--c-eRUmMG-fZoQSp-design-nettavisen article--c-eRUmMG-gwthdJ-cv\" href=\"https:\/\/www.nettavisen.no\/alvorlig-arbeidsulykke-i-arendal\/s\/5-95-2819813\" rel=\"nofollow noopener\" target=\"_blank\">Alvorlig arbeidsulykke i Arendal<\/a><\/b><\/p>\n<p>F\u00e5r st\u00f8tte<\/p>\n<p><b>\u2013 Vi st\u00f8tter ambulansepersonellets vurdering om \u00e5 frakte pasienten til sykehus i denne saken, sier sykehuskoordinator Jane Moe Castro ved Kongsvinger sykehus til RB.<\/b><\/p>\n<p>Hun forteller at sykehuset har fulgt opp hendelsen grundig, og har et godt samarbeid med ambulansetjenesten.<\/p>\n<p>\u2013 Vi har n\u00e5 satt m\u00f8tene mellom sykehuset og ambulansetjenesten mer i system. Vi jobber hele tiden med \u00e5 sikre god kommunikasjon mellom de ansatte, ogs\u00e5 i pressede situasjoner.<\/p>\n<p><b>Overfor Romerikes Blad omtaler Borstad hendelsen som uvanlig.<\/b><\/p>\n<p>    Vil du se neste video?<\/p>\n<p>    <a href=\"https:\/\/www.nettavisen.no\/nyheter\/john-healey-sjokkerer-vil-kidnappe-putin\/v\/5-95-2819899\" class=\"recommend-poster\" data-adp-clicklabel=\"video-recommend\" data-adp-clickvalue=\"poster\" rel=\"nofollow noopener\" target=\"_blank\"><br \/>\n      <img decoding=\"async\" width=\"200\" height=\"200\" loading=\"lazy\" src=\"https:\/\/www.europesays.com\/no\/wp-content\/uploads\/2026\/01\/John+Healey+front.jpg\" alt=\"\" class=\"brick-c-cFOWSL\" style=\"--brick-image-ratio: 200 \/ 200;\"\/><\/p>\n<p>Sjokkerer: Vil kidnappe Putin0:43<\/p>\n<p>    <\/a><\/p>\n<p>Han understreker samtidig at de har en god dialog med sykehusene n\u00e5r utfordringer oppst\u00e5r.<\/p>\n<p>\u2013 Vi g\u00e5r gjennom hendelser som de ansatte melder inn for \u00e5 finne rom for forbedring. Vi jobber tett med v\u00e5re sju lokalsykehus for \u00e5 utvikle b\u00e5de rutiner og systemer. Vi opplever at samarbeidet med Ahus er godt.<\/p>\n<p><b>Les ogs\u00e5: <a class=\"simple-relation related-teaser article--c-eRUmMG article--c-eRUmMG-fZoQSp-design-nettavisen article--c-eRUmMG-gwthdJ-cv\" href=\"https:\/\/www.nettavisen.no\/nye-skjermrad-barn-under-12-ar-bor-unnga-internett-uten-tilsyn\/s\/5-95-2813679\" rel=\"nofollow noopener\" target=\"_blank\">Nye skjermr\u00e5d: Barn under 12 \u00e5r b\u00f8r unng\u00e5 internett uten tilsyn<\/a><\/b><\/p>\n","protected":false},"excerpt":{"rendered":"(Romerikes Blad): Ambulansepersonellet beskriver selv den ubehagelige hendelsen i en avviksmelding. Dokumenter Romerikes Blad har f\u00e5tt innsyn i,&hellip;\n","protected":false},"author":2,"featured_media":138782,"comment_status":"","ping_status":"","sticky":false,"template":"","format":"standard","meta":{"footnotes":""},"categories":[10],"tags":[20,21,24,25,15,22,23,13,30,28,29,14,16,26,27],"class_list":{"0":"post-138781","1":"post","2":"type-post","3":"status-publish","4":"format-standard","5":"has-post-thumbnail","7":"category-norge","8":"tag-breaking-news","9":"tag-breakingnews","10":"tag-featured-news","11":"tag-featurednews","12":"tag-headlines","13":"tag-latest-news","14":"tag-latestnews","15":"tag-news","16":"tag-no","17":"tag-norge","18":"tag-norway","19":"tag-nyheter","20":"tag-overskrifter","21":"tag-top-stories","22":"tag-topstories"},"share_on_mastodon":{"url":"https:\/\/pubeurope.com\/@no\/115902240737023035","error":""},"_links":{"self":[{"href":"https:\/\/www.europesays.com\/no\/wp-json\/wp\/v2\/posts\/138781","targetHints":{"allow":["GET"]}}],"collection":[{"href":"https:\/\/www.europesays.com\/no\/wp-json\/wp\/v2\/posts"}],"about":[{"href":"https:\/\/www.europesays.com\/no\/wp-json\/wp\/v2\/types\/post"}],"author":[{"embeddable":true,"href":"https:\/\/www.europesays.com\/no\/wp-json\/wp\/v2\/users\/2"}],"replies":[{"embeddable":true,"href":"https:\/\/www.europesays.com\/no\/wp-json\/wp\/v2\/comments?post=138781"}],"version-history":[{"count":0,"href":"https:\/\/www.europesays.com\/no\/wp-json\/wp\/v2\/posts\/138781\/revisions"}],"wp:featuredmedia":[{"embeddable":true,"href":"https:\/\/www.europesays.com\/no\/wp-json\/wp\/v2\/media\/138782"}],"wp:attachment":[{"href":"https:\/\/www.europesays.com\/no\/wp-json\/wp\/v2\/media?parent=138781"}],"wp:term":[{"taxonomy":"category","embeddable":true,"href":"https:\/\/www.europesays.com\/no\/wp-json\/wp\/v2\/categories?post=138781"},{"taxonomy":"post_tag","embeddable":true,"href":"https:\/\/www.europesays.com\/no\/wp-json\/wp\/v2\/tags?post=138781"}],"curies":[{"name":"wp","href":"https:\/\/api.w.org\/{rel}","templated":true}]}}