{"id":138783,"date":"2026-01-16T01:50:16","date_gmt":"2026-01-16T01:50:16","guid":{"rendered":"https:\/\/www.europesays.com\/no\/138783\/"},"modified":"2026-01-16T01:50:16","modified_gmt":"2026-01-16T01:50:16","slug":"politikk-samferdsel-hoyre-star-pa-sitt-ikke-flertall-for-trafikk-grep-i-midtbyen-nidaros","status":"publish","type":"post","link":"https:\/\/www.europesays.com\/no\/138783\/","title":{"rendered":"Politikk, Samferdsel | H\u00f8yre st\u00e5r p\u00e5 sitt \u2013 ikke flertall for trafikk-grep i Midtbyen &#8211; Nidaros"},"content":{"rendered":"<ol>\n<li><a href=\"https:\/\/news.google.com\/rss\/articles\/CBMia0FVX3lxTE83VElBVVQxZ3RJT3JNeU5uZ21XR2NFN2Q2UVM4N3RvWFB0TkNMUnVCeG56all3YUYtOTd1YmFSVHF2c0dPaXZ3R3hFX0NJUlg0SHNIZTVEMm44NEN5dkprdV8wRWptbXd4cnhz?oc=5\" target=\"_blank\" rel=\"nofollow noopener\">Politikk, Samferdsel | H\u00f8yre st\u00e5r p\u00e5 sitt \u2013 ikke flertall for trafikk-grep i Midtbyen<\/a>&nbsp;&nbsp;Nidaros<\/li>\n<li><a href=\"https:\/\/news.google.com\/rss\/articles\/CBMingFBVV95cUxONzVmZXhfQ0tBS2c4ZVMyVWxiaXlZNFN1M3Ntb2ttYm9maUNPangwcXJPVGYwbDhINTVSeW5ENUpNYkQydkdEOHcyRU01dmx5TEdSUDJSNE9QSGM4TFl1clVWeFFKeG1xRzhheEZBakdqLXVGUHd3N29Sc0h4NTJqWFpEQWxnUTNWRmxNd2h1MVF2MmdIb0x4VXhZYTdNUQ?oc=5\" target=\"_blank\" rel=\"nofollow noopener\">N\u00e5 har de bestemt seg om bilkj\u00f8ring i sentrum<\/a>&nbsp;&nbsp;adressa.no<\/li>\n<li><a href=\"https:\/\/news.google.com\/rss\/articles\/CBMipwFBVV95cUxPZFRtdmxWb3dVZ05qNVlzQUV2NjdwVzFSNWd2YWh0Qk4xNlZqX3BRYTkzSXVaWW5IbzVKdl9OY1I2YnI0MEFvWGNqX3ktZXdxeS00UEdNMG4wbDNrTGJrLU5fSjJLVHBDQWFIUDE5V28wSFVzX21WUWh4N0haOUd3V3ZqSktuYkJZclh1X1F1ek1fQzBVdG9KYjYxREZLUTRQQURYcTlFQQ?oc=5\" target=\"_blank\" rel=\"nofollow noopener\">H\u00f8yre har tatt en avgj\u00f8relse om biltrafikken i Trondheim sentrum<\/a>&nbsp;&nbsp;NRK<\/li>\n<li><a href=\"https:\/\/news.google.com\/rss\/articles\/CBMifkFVX3lxTE91TVN1Vk5HdTVDNVc4UER2TUludkh1ZjZwQmNYU0tsY0VRckI0aEcyNjRKVzNPcEFmaG84RDFJTFNaYVpiOEwzdkFBSVRxMTNsRDFFWmlMU0U2NWdiNlZkRG1ScHI4eVI5NEZfZXZSVG5STWFyTlhnb25FN2Ewdw?oc=5\" target=\"_blank\" rel=\"nofollow noopener\">Politikk, H\u00f8yre | Her er de p\u00e5 vei inn i skjebnem\u00f8tet<\/a>&nbsp;&nbsp;Nidaros<\/li>\n<li><a href=\"https:\/\/news.google.com\/rss\/articles\/CBMisgFBVV95cUxNZWh4Z3podnhDTms2bHotUTdDMHNHTFoxV28tOWxjakZZYWdFc0dLS3VHQUt3dVBCTWw2N0ZhUHIyUzNiUGc2SVdyb19oMG1Td1VJTHpIMmswRGRjN0dwZXpycDdjYTJyal9vZXZwbDNWc3RORFZ2cHpDNGFIckZsVS1TZkl2dy1hYmhiM0dJeHhrT2xrVzFabE9YTTRFWGlaY3Q1eUY5bXdpZEZMUWo5UW13?oc=5\" target=\"_blank\" rel=\"nofollow noopener\">De hadde gledet seg til forbudet. N\u00e5 er de skuffet og frustrerte<\/a>&nbsp;&nbsp;adressa.no<\/li>\n<\/ol>\n","protected":false},"excerpt":{"rendered":"Politikk, Samferdsel | H\u00f8yre st\u00e5r p\u00e5 sitt \u2013 ikke flertall for trafikk-grep i Midtbyen&nbsp;&nbsp;Nidaros N\u00e5 har de bestemt&hellip;\n","protected":false},"author":2,"featured_media":138784,"comment_status":"","ping_status":"","sticky":false,"template":"","format":"standard","meta":{"footnotes":""},"categories":[10],"tags":[20,21,24,25,15,22,23,13,30,28,29,14,16,26,27],"class_list":{"0":"post-138783","1":"post","2":"type-post","3":"status-publish","4":"format-standard","5":"has-post-thumbnail","7":"category-norge","8":"tag-breaking-news","9":"tag-breakingnews","10":"tag-featured-news","11":"tag-featurednews","12":"tag-headlines","13":"tag-latest-news","14":"tag-latestnews","15":"tag-news","16":"tag-no","17":"tag-norge","18":"tag-norway","19":"tag-nyheter","20":"tag-overskrifter","21":"tag-top-stories","22":"tag-topstories"},"share_on_mastodon":{"url":"https:\/\/pubeurope.com\/@no\/115902272194030879","error":""},"_links":{"self":[{"href":"https:\/\/www.europesays.com\/no\/wp-json\/wp\/v2\/posts\/138783","targetHints":{"allow":["GET"]}}],"collection":[{"href":"https:\/\/www.europesays.com\/no\/wp-json\/wp\/v2\/posts"}],"about":[{"href":"https:\/\/www.europesays.com\/no\/wp-json\/wp\/v2\/types\/post"}],"author":[{"embeddable":true,"href":"https:\/\/www.europesays.com\/no\/wp-json\/wp\/v2\/users\/2"}],"replies":[{"embeddable":true,"href":"https:\/\/www.europesays.com\/no\/wp-json\/wp\/v2\/comments?post=138783"}],"version-history":[{"count":0,"href":"https:\/\/www.europesays.com\/no\/wp-json\/wp\/v2\/posts\/138783\/revisions"}],"wp:featuredmedia":[{"embeddable":true,"href":"https:\/\/www.europesays.com\/no\/wp-json\/wp\/v2\/media\/138784"}],"wp:attachment":[{"href":"https:\/\/www.europesays.com\/no\/wp-json\/wp\/v2\/media?parent=138783"}],"wp:term":[{"taxonomy":"category","embeddable":true,"href":"https:\/\/www.europesays.com\/no\/wp-json\/wp\/v2\/categories?post=138783"},{"taxonomy":"post_tag","embeddable":true,"href":"https:\/\/www.europesays.com\/no\/wp-json\/wp\/v2\/tags?post=138783"}],"curies":[{"name":"wp","href":"https:\/\/api.w.org\/{rel}","templated":true}]}}