{"id":138785,"date":"2026-01-16T01:51:20","date_gmt":"2026-01-16T01:51:20","guid":{"rendered":"https:\/\/www.europesays.com\/no\/138785\/"},"modified":"2026-01-16T01:51:20","modified_gmt":"2026-01-16T01:51:20","slug":"de-hadde-gledet-seg-til-forbudet-na-er-de-skuffet-og-frustrerte-adressa-no","status":"publish","type":"post","link":"https:\/\/www.europesays.com\/no\/138785\/","title":{"rendered":"De hadde gledet seg til forbudet. N\u00e5 er de skuffet og frustrerte &#8211; adressa.no"},"content":{"rendered":"<ol>\n<li><a href=\"https:\/\/news.google.com\/rss\/articles\/CBMisgFBVV95cUxNZWh4Z3podnhDTms2bHotUTdDMHNHTFoxV28tOWxjakZZYWdFc0dLS3VHQUt3dVBCTWw2N0ZhUHIyUzNiUGc2SVdyb19oMG1Td1VJTHpIMmswRGRjN0dwZXpycDdjYTJyal9vZXZwbDNWc3RORFZ2cHpDNGFIckZsVS1TZkl2dy1hYmhiM0dJeHhrT2xrVzFabE9YTTRFWGlaY3Q1eUY5bXdpZEZMUWo5UW13?oc=5\" target=\"_blank\" rel=\"nofollow noopener\">De hadde gledet seg til forbudet. N\u00e5 er de skuffet og frustrerte<\/a>&nbsp;&nbsp;adressa.no<\/li>\n<li><a href=\"https:\/\/news.google.com\/rss\/articles\/CBMingFBVV95cUxONzVmZXhfQ0tBS2c4ZVMyVWxiaXlZNFN1M3Ntb2ttYm9maUNPangwcXJPVGYwbDhINTVSeW5ENUpNYkQydkdEOHcyRU01dmx5TEdSUDJSNE9QSGM4TFl1clVWeFFKeG1xRzhheEZBakdqLXVGUHd3N29Sc0h4NTJqWFpEQWxnUTNWRmxNd2h1MVF2MmdIb0x4VXhZYTdNUQ?oc=5\" target=\"_blank\" rel=\"nofollow noopener\">N\u00e5 har de bestemt seg om bilkj\u00f8ring i sentrum<\/a>&nbsp;&nbsp;adressa.no<\/li>\n<li><a href=\"https:\/\/news.google.com\/rss\/articles\/CBMipwFBVV95cUxPZFRtdmxWb3dVZ05qNVlzQUV2NjdwVzFSNWd2YWh0Qk4xNlZqX3BRYTkzSXVaWW5IbzVKdl9OY1I2YnI0MEFvWGNqX3ktZXdxeS00UEdNMG4wbDNrTGJrLU5fSjJLVHBDQWFIUDE5V28wSFVzX21WUWh4N0haOUd3V3ZqSktuYkJZclh1X1F1ek1fQzBVdG9KYjYxREZLUTRQQURYcTlFQQ?oc=5\" target=\"_blank\" rel=\"nofollow noopener\">H\u00f8yre har tatt en avgj\u00f8relse om biltrafikken i Trondheim sentrum<\/a>&nbsp;&nbsp;NRK<\/li>\n<li><a href=\"https:\/\/news.google.com\/rss\/articles\/CBMifkFVX3lxTE91TVN1Vk5HdTVDNVc4UER2TUludkh1ZjZwQmNYU0tsY0VRckI0aEcyNjRKVzNPcEFmaG84RDFJTFNaYVpiOEwzdkFBSVRxMTNsRDFFWmlMU0U2NWdiNlZkRG1ScHI4eVI5NEZfZXZSVG5STWFyTlhnb25FN2Ewdw?oc=5\" target=\"_blank\" rel=\"nofollow noopener\">Politikk, H\u00f8yre | Her er de p\u00e5 vei inn i skjebnem\u00f8tet<\/a>&nbsp;&nbsp;Nidaros<\/li>\n<li><a href=\"https:\/\/news.google.com\/rss\/articles\/CBMivAFBVV95cUxPMUIyQlFUbGd0NEVadnhhT0Q5SktzQXlycGs4cE1ySU5LSFNsRG9Rc184V25NbmRBTWoySW9mNnR4dS0zZk5GeVFFNDZDazVqZlpvS00xR3pHcWlsNTVXT3FOUzN6Y3ZtV0pBVmtkQnlXZmFjYlZ0M0FqY1J1dFlGQWdlQXVnMUppTk9OT2xXX0dvYVRVNWtyUGZsakxjdzYxbnNTRlBHNUM0VHlaSFFDVGY5QnQyR1BpczdqYg?oc=5\" target=\"_blank\" rel=\"nofollow noopener\">\u2013 Om jeg var Ranum, hadde jeg ikke syntes det var stas \u00e5 sitte i Oslo n\u00e5<\/a>&nbsp;&nbsp;adressa.no<\/li>\n<\/ol>\n","protected":false},"excerpt":{"rendered":"De hadde gledet seg til forbudet. N\u00e5 er de skuffet og frustrerte&nbsp;&nbsp;adressa.no N\u00e5 har de bestemt seg om&hellip;\n","protected":false},"author":2,"featured_media":138786,"comment_status":"","ping_status":"","sticky":false,"template":"","format":"standard","meta":{"footnotes":""},"categories":[5],"tags":[499,15338,20,21,24,25,763,15,19,762,15806,22,23,17,18,463,13,30,28,29,14,16,12334,15804,26,27,15805],"class_list":{"0":"post-138785","1":"post","2":"type-post","3":"status-publish","4":"format-standard","5":"has-post-thumbnail","7":"category-overskrifter","8":"tag-arbeiderpartiet","9":"tag-bilfritt-sentrum","10":"tag-breaking-news","11":"tag-breakingnews","12":"tag-featured-news","13":"tag-featurednews","14":"tag-fremskrittspartiet","15":"tag-headlines","16":"tag-hovedoppslag","17":"tag-hoyre","18":"tag-hyblifisering","19":"tag-latest-news","20":"tag-latestnews","21":"tag-main-news","22":"tag-mainnews","23":"tag-midtbyen","24":"tag-news","25":"tag-no","26":"tag-norge","27":"tag-norway","28":"tag-nyheter","29":"tag-overskrifter","30":"tag-samferdselsplanen","31":"tag-sanden-og-lokkan","32":"tag-top-stories","33":"tag-topstories","34":"tag-velforening"},"share_on_mastodon":{"url":"https:\/\/pubeurope.com\/@no\/115902276069198101","error":""},"_links":{"self":[{"href":"https:\/\/www.europesays.com\/no\/wp-json\/wp\/v2\/posts\/138785","targetHints":{"allow":["GET"]}}],"collection":[{"href":"https:\/\/www.europesays.com\/no\/wp-json\/wp\/v2\/posts"}],"about":[{"href":"https:\/\/www.europesays.com\/no\/wp-json\/wp\/v2\/types\/post"}],"author":[{"embeddable":true,"href":"https:\/\/www.europesays.com\/no\/wp-json\/wp\/v2\/users\/2"}],"replies":[{"embeddable":true,"href":"https:\/\/www.europesays.com\/no\/wp-json\/wp\/v2\/comments?post=138785"}],"version-history":[{"count":0,"href":"https:\/\/www.europesays.com\/no\/wp-json\/wp\/v2\/posts\/138785\/revisions"}],"wp:featuredmedia":[{"embeddable":true,"href":"https:\/\/www.europesays.com\/no\/wp-json\/wp\/v2\/media\/138786"}],"wp:attachment":[{"href":"https:\/\/www.europesays.com\/no\/wp-json\/wp\/v2\/media?parent=138785"}],"wp:term":[{"taxonomy":"category","embeddable":true,"href":"https:\/\/www.europesays.com\/no\/wp-json\/wp\/v2\/categories?post=138785"},{"taxonomy":"post_tag","embeddable":true,"href":"https:\/\/www.europesays.com\/no\/wp-json\/wp\/v2\/tags?post=138785"}],"curies":[{"name":"wp","href":"https:\/\/api.w.org\/{rel}","templated":true}]}}