{"id":138789,"date":"2026-01-16T01:58:28","date_gmt":"2026-01-16T01:58:28","guid":{"rendered":"https:\/\/www.europesays.com\/no\/138789\/"},"modified":"2026-01-16T01:58:28","modified_gmt":"2026-01-16T01:58:28","slug":"trafikk-ulykker-og-hendelser-lastebil-pa-tvers-berges-i-natt","status":"publish","type":"post","link":"https:\/\/www.europesays.com\/no\/138789\/","title":{"rendered":"Trafikk, Ulykker og hendelser | Lastebil p\u00e5 tvers \u2013 berges i natt"},"content":{"rendered":"\n<p>Vegtrafikksentralen \u00d8st meldte rundt klokka 21 at det var redusert fremkommelighet p\u00e5 grunn av et trafikkuhell p\u00e5 E6 like ved Ringebu. <\/p>\n<p>Det er en lastebil med henger involvert, og lastebilen sperret for all tragikk i litt over en time. <\/p>\n<p>En tipser fortalte til GD at lastebilen har havnet med hengeren i gr\u00f8fta, og f\u00f8rerhuset st\u00e5r tvers over vegen og sperrer begge felt. <\/p>\n<p>Traileren er fortsatt i gr\u00f8fta, men den har blitt flyttet for \u00e5 slippe fram trafikk. <\/p>\n<p>\u2013 Det vil ta litt tid \u00e5 f\u00e5 berget lastebilen. Trafikken g\u00e5r uhindra forbi der n\u00e5, sier Ove Stian Ovrum hos politiets operasjonssentral. <\/p>\n<p>Berging av lastebilen vil skje i l\u00f8pet av natta. I forbindelse med berging vil E6 bli helt stengt. <\/p>\n<p>\u2013 Bergingsbil skal v\u00e6re en dr\u00f8y time unna, sier Ovrum. <\/p>\n<p>Vegtrafikksentralen \u00d8st estimerer at berging kan ta mellom 40 minutter og en time. <\/p>\n","protected":false},"excerpt":{"rendered":"Vegtrafikksentralen \u00d8st meldte rundt klokka 21 at det var redusert fremkommelighet p\u00e5 grunn av et trafikkuhell p\u00e5 E6&hellip;\n","protected":false},"author":2,"featured_media":465,"comment_status":"","ping_status":"","sticky":false,"template":"","format":"standard","meta":{"footnotes":""},"categories":[10],"tags":[36,20,21,834,24,25,15,22,23,13,30,28,29,14,16,1161,1510,26,27,224,941],"class_list":{"0":"post-138789","1":"post","2":"type-post","3":"status-publish","4":"format-standard","5":"has-post-thumbnail","7":"category-norge","8":"tag-art","9":"tag-breaking-news","10":"tag-breakingnews","11":"tag-e6","12":"tag-featured-news","13":"tag-featurednews","14":"tag-headlines","15":"tag-latest-news","16":"tag-latestnews","17":"tag-news","18":"tag-no","19":"tag-norge","20":"tag-norway","21":"tag-nyheter","22":"tag-overskrifter","23":"tag-ringebu","24":"tag-story","25":"tag-top-stories","26":"tag-topstories","27":"tag-trafikk","28":"tag-ulykker-og-hendelser"},"share_on_mastodon":{"url":"https:\/\/pubeurope.com\/@no\/115902303574720722","error":""},"_links":{"self":[{"href":"https:\/\/www.europesays.com\/no\/wp-json\/wp\/v2\/posts\/138789","targetHints":{"allow":["GET"]}}],"collection":[{"href":"https:\/\/www.europesays.com\/no\/wp-json\/wp\/v2\/posts"}],"about":[{"href":"https:\/\/www.europesays.com\/no\/wp-json\/wp\/v2\/types\/post"}],"author":[{"embeddable":true,"href":"https:\/\/www.europesays.com\/no\/wp-json\/wp\/v2\/users\/2"}],"replies":[{"embeddable":true,"href":"https:\/\/www.europesays.com\/no\/wp-json\/wp\/v2\/comments?post=138789"}],"version-history":[{"count":0,"href":"https:\/\/www.europesays.com\/no\/wp-json\/wp\/v2\/posts\/138789\/revisions"}],"wp:featuredmedia":[{"embeddable":true,"href":"https:\/\/www.europesays.com\/no\/wp-json\/wp\/v2\/media\/465"}],"wp:attachment":[{"href":"https:\/\/www.europesays.com\/no\/wp-json\/wp\/v2\/media?parent=138789"}],"wp:term":[{"taxonomy":"category","embeddable":true,"href":"https:\/\/www.europesays.com\/no\/wp-json\/wp\/v2\/categories?post=138789"},{"taxonomy":"post_tag","embeddable":true,"href":"https:\/\/www.europesays.com\/no\/wp-json\/wp\/v2\/tags?post=138789"}],"curies":[{"name":"wp","href":"https:\/\/api.w.org\/{rel}","templated":true}]}}