{"id":138797,"date":"2026-01-16T02:22:52","date_gmt":"2026-01-16T02:22:52","guid":{"rendered":"https:\/\/www.europesays.com\/no\/138797\/"},"modified":"2026-01-16T02:22:52","modified_gmt":"2026-01-16T02:22:52","slug":"verdal-ulykker-og-hendelser-fryktet-tap-av-bevis-avlyste-samling-tronder-avisa","status":"publish","type":"post","link":"https:\/\/www.europesays.com\/no\/138797\/","title":{"rendered":"Verdal, Ulykker og hendelser | Fryktet tap av bevis \u2013 avlyste samling &#8211; Tr\u00f8nder-Avisa"},"content":{"rendered":"<ol>\n<li><a href=\"https:\/\/news.google.com\/rss\/articles\/CBMinwFBVV95cUxOakZqRkFNakhxM1I5WEwxWWdhWlpmaEswNEpmekpmcmF3STBxQUNQTUVTcVV0WHJnUFRNZWRYVFdyZW5xaDByMnRZdnY5ZWFQbms1U3Rfb3hyNW9tXzRxVFU4ZlVNWUNBVXJPSHFQN2liYWxYVFZMbkdsVW5oNFJKcGRETWk5VDA5S1NGWDVoTGNQdGVKTXp6MjdGZl96NWs?oc=5\" target=\"_blank\" rel=\"nofollow noopener\">Verdal, Ulykker og hendelser | Fryktet tap av bevis \u2013 avlyste samling<\/a>&nbsp;&nbsp;Tr\u00f8nder-Avisa<\/li>\n<li><a href=\"https:\/\/news.google.com\/rss\/articles\/CBMioAFBVV95cUxPMFNGLWhKa1gzcDBoLTl4WkEtOWU3a29ETlZoSUdpWEVtclkzQTNCbkxNUUxpdWFTWlJsMGQ1R3AyTFgwNVZmREE4b253UlVLSEEtVk9teURKenZiRmc3bWNVVEZRMmJxQWhaNExHWFlVY0R3bnlNQUg2d3lXRjM5OHBDR3hFODFfRVd6NTZ1NzlqNjhrYjFselBRZjY1cWlz?oc=5\" target=\"_blank\" rel=\"nofollow noopener\">To r\u00f8ykdykkarar omkom \u2013 huseigar sikta for brannen i Verdal<\/a>&nbsp;&nbsp;NRK<\/li>\n<li><a href=\"https:\/\/news.google.com\/rss\/articles\/CBMid0FVX3lxTE1WdmNCTDRqNkQtSlI5eVVFYVdjc1BIYlg4SF9MYjNWUy1FenZEd3FtMGRHTTQ4ZlozX3YwdGlzNjNIRmNieU1WMTFlUUthaVpMLWlRbWZXT0YwRmZmemNXNVpIRGU1R0w5QnhHUXQzdTBDY0VhSjBB?oc=5\" target=\"_blank\" rel=\"nofollow noopener\">Verdal, TA-IV | Forsvarer om rykter: \u2013 Sv\u00e6rt uheldig<\/a>&nbsp;&nbsp;Tr\u00f8nder-Avisa<\/li>\n<li><a href=\"https:\/\/news.google.com\/rss\/articles\/CBMipAFBVV95cUxQbmtEZGFDUnVrdlRhVDdrclNJaWF5TnI2RWxCVVlEZzgzMVNBZXlfLXliWDBMaF9hMmQyb3JaNzE3UmNIbDN0NTE3ajIwTDEzSUFNR3FWWHRiLWxiSFJvbWxyYUZtOGZUNTdoakFpOXp1Um5zeGhJcHdPZHZzTi0tbFBKVXdzTlQxWHp4QTF1d1RiZnZramkxYzBkT2stbjc5UXpTaQ?oc=5\" target=\"_blank\" rel=\"nofollow noopener\">Kripos har bedt om mer slukking: \u2013 En debatt vi m\u00e5 t\u00e5le \u00e5 ta<\/a>&nbsp;&nbsp;innherred.no<\/li>\n<li><a href=\"https:\/\/news.google.com\/rss\/articles\/CBMihgFBVV95cUxQTkw0d1BBOUhkb2o4WjJpTUZpelNDZXRaQjZ5d1ozRFlhbzVlYkJTSlhUcFV0alA2aXVpaFZEUC04TzJGYWZBbU94MVR6Wml1UGV5RlVZdFFOODlpYm1Bdk13V21iYkowaDNKWTNPam5UTVY3ZWRsT0NDZE5nNWQ1aU9Qb05iQQ?oc=5\" target=\"_blank\" rel=\"nofollow noopener\">Huseier siktet: &#8211; Har det tungt<\/a>&nbsp;&nbsp;adressa.no<\/li>\n<\/ol>\n","protected":false},"excerpt":{"rendered":"Verdal, Ulykker og hendelser | Fryktet tap av bevis \u2013 avlyste samling&nbsp;&nbsp;Tr\u00f8nder-Avisa To r\u00f8ykdykkarar omkom \u2013 huseigar sikta&hellip;\n","protected":false},"author":2,"featured_media":138798,"comment_status":"","ping_status":"","sticky":false,"template":"","format":"standard","meta":{"footnotes":""},"categories":[10],"tags":[20,21,24,25,15,22,23,13,30,28,29,14,16,26,27],"class_list":{"0":"post-138797","1":"post","2":"type-post","3":"status-publish","4":"format-standard","5":"has-post-thumbnail","7":"category-norge","8":"tag-breaking-news","9":"tag-breakingnews","10":"tag-featured-news","11":"tag-featurednews","12":"tag-headlines","13":"tag-latest-news","14":"tag-latestnews","15":"tag-news","16":"tag-no","17":"tag-norge","18":"tag-norway","19":"tag-nyheter","20":"tag-overskrifter","21":"tag-top-stories","22":"tag-topstories"},"share_on_mastodon":{"url":"https:\/\/pubeurope.com\/@no\/115902401888925217","error":""},"_links":{"self":[{"href":"https:\/\/www.europesays.com\/no\/wp-json\/wp\/v2\/posts\/138797","targetHints":{"allow":["GET"]}}],"collection":[{"href":"https:\/\/www.europesays.com\/no\/wp-json\/wp\/v2\/posts"}],"about":[{"href":"https:\/\/www.europesays.com\/no\/wp-json\/wp\/v2\/types\/post"}],"author":[{"embeddable":true,"href":"https:\/\/www.europesays.com\/no\/wp-json\/wp\/v2\/users\/2"}],"replies":[{"embeddable":true,"href":"https:\/\/www.europesays.com\/no\/wp-json\/wp\/v2\/comments?post=138797"}],"version-history":[{"count":0,"href":"https:\/\/www.europesays.com\/no\/wp-json\/wp\/v2\/posts\/138797\/revisions"}],"wp:featuredmedia":[{"embeddable":true,"href":"https:\/\/www.europesays.com\/no\/wp-json\/wp\/v2\/media\/138798"}],"wp:attachment":[{"href":"https:\/\/www.europesays.com\/no\/wp-json\/wp\/v2\/media?parent=138797"}],"wp:term":[{"taxonomy":"category","embeddable":true,"href":"https:\/\/www.europesays.com\/no\/wp-json\/wp\/v2\/categories?post=138797"},{"taxonomy":"post_tag","embeddable":true,"href":"https:\/\/www.europesays.com\/no\/wp-json\/wp\/v2\/tags?post=138797"}],"curies":[{"name":"wp","href":"https:\/\/api.w.org\/{rel}","templated":true}]}}