{"id":138819,"date":"2026-01-16T05:20:08","date_gmt":"2026-01-16T05:20:08","guid":{"rendered":"https:\/\/www.europesays.com\/no\/138819\/"},"modified":"2026-01-16T05:20:08","modified_gmt":"2026-01-16T05:20:08","slug":"vapen-politiet-stoppet-tre-personer-ved-avsperret-hus-oppland-arbeiderblad","status":"publish","type":"post","link":"https:\/\/www.europesays.com\/no\/138819\/","title":{"rendered":"V\u00e5pen, Politiet | Stoppet tre personer ved avsperret hus &#8211; Oppland Arbeiderblad"},"content":{"rendered":"<ol>\n<li><a href=\"https:\/\/news.google.com\/rss\/articles\/CBMieEFVX3lxTE9teUpYbWc2dWgwMHp3Y0hqSmFpbktuSm53bnV4N3BfczZuZm9FVHcxaTZFbjc0MW0wWl9lM1Z2VWdOZVRtZElJZWpLd0tNNnhmOVlzdFhvRkh4bzZCeHM5MVFFb2xzelNpUnR4Q1hrRDhBeXU2VmtIeA?oc=5\" target=\"_blank\" rel=\"nofollow noopener\">V\u00e5pen, Politiet | Stoppet tre personer ved avsperret hus<\/a>&nbsp;&nbsp;Oppland Arbeiderblad<\/li>\n<li><a href=\"https:\/\/news.google.com\/rss\/articles\/CBMikwFBVV95cUxNcGY3aENjdFJ5S1k0S0FXdWljXzI3a29sNk1BSGlMc2Qtd1NkUzBZWWNvTmF3OFYxcENNbzV2OEVteW9IZUJsU3VkTmltczZhMi1wWnpsMC1aM3NwMFR3aktGOXdNLVJuV25MZ25PVHlDTkQwcl80RC16MVREWTVkXzlKQlEtbmN1b0pIczBGaW1ZM2M?oc=5\" target=\"_blank\" rel=\"nofollow noopener\">Gj\u00f8vik, Kriminalitet | Bombegruppa tilkalt for \u00e5 unders\u00f8ke to Gj\u00f8vik-eiendommer<\/a>&nbsp;&nbsp;Oppland Arbeiderblad<\/li>\n<li><a href=\"https:\/\/news.google.com\/rss\/articles\/CBMijgFBVV95cUxPUGs1d3RFSThMMXg5dTQxNUFmSnFQUGRRaS1ORkdwSEZyOWMxNnhDYlBmYXR5UXRyNV9lNVIzc2JpS0tBbDhyRkRvc0hsVWVpb2VCVVVKVnoyTXo5SXQ4bkc1ZHR1UjNTMVdvY21XRUdrWl96dVJKX090S3FFRWhTbWxwWXV4SmQ5ZUN2V2dn?oc=5\" target=\"_blank\" rel=\"nofollow noopener\">Gj\u00f8vik, Kriminalitet | Her slo politiet til i jakten p\u00e5 ulovlige skytev\u00e5pen<\/a>&nbsp;&nbsp;Oppland Arbeiderblad<\/li>\n<li><a href=\"https:\/\/news.google.com\/rss\/articles\/CBMigAFBVV95cUxNVW9NUnROMks5N2Qxc0djcDBfQVotRVJTV0V0YU9mNlFtNHdLcUE5b3pCYVdOQ0ZsWkNZZmI2UlRjUkdWMEQxNDY4WmZVOEVlY0NzMWdBaXVmaVlOczFYTTJGTjVwajlCY3BURXBnREJGSnA0a2pmRkJvdk12QXBwYQ?oc=5\" target=\"_blank\" rel=\"nofollow noopener\">Gj\u00f8vik, Kriminalitet | Mann p\u00e5grepet etter politiaksjon p\u00e5 Gj\u00f8vik<\/a>&nbsp;&nbsp;Oppland Arbeiderblad<\/li>\n<\/ol>\n","protected":false},"excerpt":{"rendered":"V\u00e5pen, Politiet | Stoppet tre personer ved avsperret hus&nbsp;&nbsp;Oppland Arbeiderblad Gj\u00f8vik, Kriminalitet | Bombegruppa tilkalt for \u00e5 unders\u00f8ke&hellip;\n","protected":false},"author":2,"featured_media":138820,"comment_status":"","ping_status":"","sticky":false,"template":"","format":"standard","meta":{"footnotes":""},"categories":[5],"tags":[20,21,24,25,15,19,22,23,17,18,13,30,28,29,14,16,26,27],"class_list":{"0":"post-138819","1":"post","2":"type-post","3":"status-publish","4":"format-standard","5":"has-post-thumbnail","7":"category-overskrifter","8":"tag-breaking-news","9":"tag-breakingnews","10":"tag-featured-news","11":"tag-featurednews","12":"tag-headlines","13":"tag-hovedoppslag","14":"tag-latest-news","15":"tag-latestnews","16":"tag-main-news","17":"tag-mainnews","18":"tag-news","19":"tag-no","20":"tag-norge","21":"tag-norway","22":"tag-nyheter","23":"tag-overskrifter","24":"tag-top-stories","25":"tag-topstories"},"share_on_mastodon":{"url":"https:\/\/pubeurope.com\/@no\/115903097955089644","error":""},"_links":{"self":[{"href":"https:\/\/www.europesays.com\/no\/wp-json\/wp\/v2\/posts\/138819","targetHints":{"allow":["GET"]}}],"collection":[{"href":"https:\/\/www.europesays.com\/no\/wp-json\/wp\/v2\/posts"}],"about":[{"href":"https:\/\/www.europesays.com\/no\/wp-json\/wp\/v2\/types\/post"}],"author":[{"embeddable":true,"href":"https:\/\/www.europesays.com\/no\/wp-json\/wp\/v2\/users\/2"}],"replies":[{"embeddable":true,"href":"https:\/\/www.europesays.com\/no\/wp-json\/wp\/v2\/comments?post=138819"}],"version-history":[{"count":0,"href":"https:\/\/www.europesays.com\/no\/wp-json\/wp\/v2\/posts\/138819\/revisions"}],"wp:featuredmedia":[{"embeddable":true,"href":"https:\/\/www.europesays.com\/no\/wp-json\/wp\/v2\/media\/138820"}],"wp:attachment":[{"href":"https:\/\/www.europesays.com\/no\/wp-json\/wp\/v2\/media?parent=138819"}],"wp:term":[{"taxonomy":"category","embeddable":true,"href":"https:\/\/www.europesays.com\/no\/wp-json\/wp\/v2\/categories?post=138819"},{"taxonomy":"post_tag","embeddable":true,"href":"https:\/\/www.europesays.com\/no\/wp-json\/wp\/v2\/tags?post=138819"}],"curies":[{"name":"wp","href":"https:\/\/api.w.org\/{rel}","templated":true}]}}