{"id":138823,"date":"2026-01-16T05:26:11","date_gmt":"2026-01-16T05:26:11","guid":{"rendered":"https:\/\/www.europesays.com\/no\/138823\/"},"modified":"2026-01-16T05:26:11","modified_gmt":"2026-01-16T05:26:11","slug":"nar-fjorden-fryser","status":"publish","type":"post","link":"https:\/\/www.europesays.com\/no\/138823\/","title":{"rendered":"N\u00e5r fjorden fryser"},"content":{"rendered":"\n<p aria-hidden=\"true\" class=\"_introduction_17m6h_13\">Lytt til saken<\/p>\n<p class=\"_paragraph_o9xde_4 _paragraph_xtcu6_10 layout-component text-serif-m layout-normal text-serif-m layout-padded _medium_xtcu6_25\">VGs fotojournalist har sett p\u00e5 isen fra fugleperspektiv, med drone. <\/p>\n<p><img alt=\"\" class=\"_image_qp4xg_65 layout-component layout-left\" data-fullscreen- data-track-element-type=\"Article image fullscreen\" data-track-name=\"ImageFullscreen\" decoding=\"async\" loading=\"lazy\" height=\"5538\" itemprop=\"image\"  src=\"https:\/\/www.europesays.com\/no\/wp-content\/uploads\/2026\/01\/4e79aea7-56ef-46b9-b643-f3741bbb0559.png\"  style=\"object-position:0% 0%\" width=\"7383\"\/><img alt=\"Alle foto: Hallgeir V\u00e5genes \/ VG\" class=\"_image_qp4xg_65 layout-component layout-right\" data-fullscreen- data-track-element-type=\"Article image fullscreen\" data-track-name=\"ImageFullscreen\" decoding=\"async\" loading=\"lazy\" height=\"5361\" itemprop=\"image\"  src=\"https:\/\/www.europesays.com\/no\/wp-content\/uploads\/2026\/01\/e486602d-3ba9-40ae-a75e-d6affd2414c1.jpeg\"  style=\"object-position:0% 0%\" width=\"7151\"\/>Alle foto: Hallgeir V\u00e5genes \/ VG<\/p>\n<p class=\"_paragraph_o9xde_4 _paragraph_xtcu6_10 layout-component text-serif-m layout-normal text-serif-m layout-padded _medium_xtcu6_25\">Isen varierer i tykkelse, men fremover vil det fortsatt v\u00e6re kuldegrader. <\/p>\n<p><img alt=\"\" class=\"_image_qp4xg_65 layout-component layout-left\" data-fullscreen- data-track-element-type=\"Article image fullscreen\" data-track-name=\"ImageFullscreen\" decoding=\"async\" loading=\"lazy\" height=\"5443\" itemprop=\"image\"  src=\"https:\/\/www.europesays.com\/no\/wp-content\/uploads\/2026\/01\/b95da510-f8bb-4d82-bd1b-04455320ab2e.jpeg\"  style=\"object-position:0% 0%\" width=\"7259\"\/><img alt=\"Foto: Hallgeir V\u00e5genes \/ VG\" class=\"_image_qp4xg_65 layout-component layout-right\" data-fullscreen- data-track-element-type=\"Article image fullscreen\" data-track-name=\"ImageFullscreen\" decoding=\"async\" loading=\"lazy\" height=\"6804\" itemprop=\"image\"  src=\"https:\/\/www.europesays.com\/no\/wp-content\/uploads\/2026\/01\/bc7bd3db-90c0-4ba8-8570-1665fa9ae3b0.jpeg\"  style=\"object-position:0% 0%\" width=\"4545\"\/>Foto: Hallgeir V\u00e5genes \/ VG<\/p>\n<p class=\"_paragraph_o9xde_4 _paragraph_xtcu6_10 layout-component text-serif-m layout-normal text-serif-m layout-padded _medium_xtcu6_25\">Kuldegradene har lokket mange ut p\u00e5 islagte vann. Med mildv\u00e6r p\u00e5 vei flere steder i landet kan is som ser trygg ut v\u00e6re livsfarlig, advarer Tryg Forsikring<\/p>\n<p><img alt=\"\" class=\"_image_qp4xg_65 layout-component layout-fullscreen\" data-fullscreen- data-track-element-type=\"Article image fullscreen\" data-track-name=\"ImageFullscreen\" decoding=\"async\" loading=\"lazy\" height=\"5810\" itemprop=\"image\"  src=\"https:\/\/www.europesays.com\/no\/wp-content\/uploads\/2026\/01\/a35baad1-43ba-4d3b-b082-6da392ba8ddb.jpeg\"  style=\"object-position:21.858674731921916% 57.271944922547334%\" width=\"7274\"\/><\/p>\n<p class=\"_paragraph_o9xde_4 _paragraph_xtcu6_10 layout-component text-serif-m layout-normal text-serif-m layout-padded _medium_xtcu6_25\">Fram mot helgen ventes det nedb\u00f8r i \u00d8stfold og mye av det sentrale \u00f8stlandsomr\u00e5det, men det varierer hvor nedb\u00f8ren vil komme i form av regn \u2013 og hvor det fortsatt vil v\u00e6re sn\u00f8.<\/p>\n<p><img alt=\"\" class=\"_image_qp4xg_65 layout-component layout-left\" data-fullscreen- data-track-element-type=\"Article image fullscreen\" data-track-name=\"ImageFullscreen\" decoding=\"async\" loading=\"lazy\" height=\"5881\" itemprop=\"image\"  src=\"https:\/\/www.europesays.com\/no\/wp-content\/uploads\/2026\/01\/b755192b-c1b3-4d73-a45e-02ccd48a8d5a.jpeg\"  style=\"object-position:0% 0%\" width=\"7842\"\/><img alt=\"\" class=\"_image_qp4xg_65 layout-component layout-right\" data-fullscreen- data-track-element-type=\"Article image fullscreen\" data-track-name=\"ImageFullscreen\" decoding=\"async\" loading=\"lazy\" height=\"5006\" itemprop=\"image\"  src=\"https:\/\/www.europesays.com\/no\/wp-content\/uploads\/2026\/01\/07b8f932-9452-4371-a4ec-26add1d53e2b.jpeg\"  style=\"object-position:0% 0%\" width=\"6678\"\/><\/p>\n<p class=\"_paragraph_o9xde_4 _paragraph_xtcu6_10 layout-component text-serif-m layout-normal text-serif-m layout-padded _medium_xtcu6_25\">Det vil v\u00e6re store lokale forskjeller, og fare for glatte veier, avhengig av hvor saltet blir liggende og hvor det renner vekk. <\/p>\n<p class=\"_paragraph_o9xde_4 _paragraph_xtcu6_10 layout-component text-serif-m layout-normal text-serif-m layout-padded _medium_xtcu6_25\">Det er ogs\u00e5 fare for overvann etter hvert som det blir mildere.<\/p>\n<p>Har du g\u00e5tt p\u00e5 isen i vinter?aJa!bNei, jeg bare spiser is.<\/p>\n<p> <a class=\"_link_1woao_14\" data-track-id=\"teaser:k0REb9\" data-track-impression=\"true\" data-track-name=\"Frelst av isbading: \u2013 Reddet livet mitt\" href=\"https:\/\/www.vg.no\/nyheter\/i\/k0REb9\/frelst-av-isbading-reddet-livet-mitt\" rel=\"nofollow noopener\" target=\"_blank\">Frelst av isbading: \u2013 Reddet livet mitt<img decoding=\"async\" alt=\"\" class=\"_image_1woao_6\" height=\"4690\" loading=\"lazy\"  src=\"https:\/\/www.europesays.com\/no\/wp-content\/uploads\/2026\/01\/1768541171_245_572f8e57-a760-48d4-8425-890a3c168ec9.jpeg\"  width=\"6236\"\/><\/a>    <\/p>\n","protected":false},"excerpt":{"rendered":"Lytt til saken VGs fotojournalist har sett p\u00e5 isen fra fugleperspektiv, med drone. Alle foto: Hallgeir V\u00e5genes \/&hellip;\n","protected":false},"author":2,"featured_media":138824,"comment_status":"","ping_status":"","sticky":false,"template":"","format":"standard","meta":{"footnotes":""},"categories":[10],"tags":[290,20,21,24,25,15,22,23,13,30,28,29,14,964,16,26,27],"class_list":{"0":"post-138823","1":"post","2":"type-post","3":"status-publish","4":"format-standard","5":"has-post-thumbnail","7":"category-norge","8":"tag-bildefortellingen","9":"tag-breaking-news","10":"tag-breakingnews","11":"tag-featured-news","12":"tag-featurednews","13":"tag-headlines","14":"tag-latest-news","15":"tag-latestnews","16":"tag-news","17":"tag-no","18":"tag-norge","19":"tag-norway","20":"tag-nyheter","21":"tag-oslofjorden","22":"tag-overskrifter","23":"tag-top-stories","24":"tag-topstories"},"share_on_mastodon":{"url":"https:\/\/pubeurope.com\/@no\/115903121642741056","error":""},"_links":{"self":[{"href":"https:\/\/www.europesays.com\/no\/wp-json\/wp\/v2\/posts\/138823","targetHints":{"allow":["GET"]}}],"collection":[{"href":"https:\/\/www.europesays.com\/no\/wp-json\/wp\/v2\/posts"}],"about":[{"href":"https:\/\/www.europesays.com\/no\/wp-json\/wp\/v2\/types\/post"}],"author":[{"embeddable":true,"href":"https:\/\/www.europesays.com\/no\/wp-json\/wp\/v2\/users\/2"}],"replies":[{"embeddable":true,"href":"https:\/\/www.europesays.com\/no\/wp-json\/wp\/v2\/comments?post=138823"}],"version-history":[{"count":0,"href":"https:\/\/www.europesays.com\/no\/wp-json\/wp\/v2\/posts\/138823\/revisions"}],"wp:featuredmedia":[{"embeddable":true,"href":"https:\/\/www.europesays.com\/no\/wp-json\/wp\/v2\/media\/138824"}],"wp:attachment":[{"href":"https:\/\/www.europesays.com\/no\/wp-json\/wp\/v2\/media?parent=138823"}],"wp:term":[{"taxonomy":"category","embeddable":true,"href":"https:\/\/www.europesays.com\/no\/wp-json\/wp\/v2\/categories?post=138823"},{"taxonomy":"post_tag","embeddable":true,"href":"https:\/\/www.europesays.com\/no\/wp-json\/wp\/v2\/tags?post=138823"}],"curies":[{"name":"wp","href":"https:\/\/api.w.org\/{rel}","templated":true}]}}