{"id":138829,"date":"2026-01-16T05:33:07","date_gmt":"2026-01-16T05:33:07","guid":{"rendered":"https:\/\/www.europesays.com\/no\/138829\/"},"modified":"2026-01-16T05:33:07","modified_gmt":"2026-01-16T05:33:07","slug":"amerikanske-soldater-usa-4000-amerikanske-soldater-til-vinterovelse-i-nord-norge","status":"publish","type":"post","link":"https:\/\/www.europesays.com\/no\/138829\/","title":{"rendered":"Amerikanske soldater, USA | 4000 amerikanske soldater til vinter\u00f8velse i Nord-Norge"},"content":{"rendered":"\n<p>Cold Response 2026 blir den st\u00f8rste vinter\u00f8velsen i Norge i \u00e5r. Rundt 25.000 soldater fra Nato-land deltar i \u00f8velsen \u2013 og USA har meldt inn et betydelig bidrag.<\/p>\n<p> \u2013 Det blir rundt 4000 amerikanske soldater, sier kommunikasjonssjef ved Forsvarets operative hovedkvarter Vegard Norstad Finberg til <a href=\"https:\/\/www.thebarentsobserver.com\/security\/4000-us-soldiers-deploy-to-norway-for-arctic-exercise\/443438?utm_source=sdrn:vg:article:3p9zE0\" rel=\"nofollow noopener\" target=\"_blank\">Barents Observer<\/a>.<\/p>\n<p> Til <a href=\"https:\/\/www.vg.no\/nyheter\/i\/3p9zE0\/vinteroevelsen-i-troms-usa-sender-4000-soldater\" rel=\"nofollow noopener\" target=\"_blank\">VG <\/a> sier Finberg at samarbeidet med amerikanerne fortsetter slik det har v\u00e6rt. <\/p>\n<p>\u2013 Det har vi f\u00e5tt bekreftet senest denne uken. USA er fortsatt v\u00e5r viktigste allierte. Vi har ikke mottatt noen andre signaler.<\/p>\n<p>Hoveddelen skjer 9.\u201319. mars i Troms, nordre Nordland og Nord-Finland.<\/p>\n<p> \u2013 For at Forsvaret og Nato skal v\u00e6re i stand til \u00e5 forsvare Norge, m\u00e5 vi \u00f8ve jevnlig. Med dagens sikkerhetsbilde, i Europa og ellers i verden, er god beredskap og godt trente milit\u00e6rstyrker viktigere enn noen gang. Det gjelder s\u00e6rlig for et langstrakt og strategisk plassert land som Norge, skriver <a href=\"https:\/\/www.forsvaret.no\/om-forsvaret\/operasjoner-og-ovelser\/ovelser\/cr26\" rel=\"nofollow noopener\" target=\"_blank\">Forsvaret <\/a> p\u00e5 sine nettsider.<\/p>\n<p><b>Les ogs\u00e5: <a id=\"_683704c5-1573-4688-8c97-83181a7c5623\" href=\"http:\/\/services-acp.api.no\/api\/acpece5\/v1\/document\/5-95-432982\" rel=\"nofollow noopener\" target=\"_blank\">S\u00e5 raskt kan Norges nye superv\u00e5pen klargj\u00f8res<\/a><\/b><\/p>\n","protected":false},"excerpt":{"rendered":"Cold Response 2026 blir den st\u00f8rste vinter\u00f8velsen i Norge i \u00e5r. Rundt 25.000 soldater fra Nato-land deltar i&hellip;\n","protected":false},"author":2,"featured_media":138830,"comment_status":"","ping_status":"","sticky":false,"template":"","format":"standard","meta":{"footnotes":""},"categories":[10],"tags":[20,21,24,25,15,22,23,13,30,28,29,14,16,26,27],"class_list":{"0":"post-138829","1":"post","2":"type-post","3":"status-publish","4":"format-standard","5":"has-post-thumbnail","7":"category-norge","8":"tag-breaking-news","9":"tag-breakingnews","10":"tag-featured-news","11":"tag-featurednews","12":"tag-headlines","13":"tag-latest-news","14":"tag-latestnews","15":"tag-news","16":"tag-no","17":"tag-norge","18":"tag-norway","19":"tag-nyheter","20":"tag-overskrifter","21":"tag-top-stories","22":"tag-topstories"},"share_on_mastodon":{"url":"https:\/\/pubeurope.com\/@no\/115903149054186681","error":""},"_links":{"self":[{"href":"https:\/\/www.europesays.com\/no\/wp-json\/wp\/v2\/posts\/138829","targetHints":{"allow":["GET"]}}],"collection":[{"href":"https:\/\/www.europesays.com\/no\/wp-json\/wp\/v2\/posts"}],"about":[{"href":"https:\/\/www.europesays.com\/no\/wp-json\/wp\/v2\/types\/post"}],"author":[{"embeddable":true,"href":"https:\/\/www.europesays.com\/no\/wp-json\/wp\/v2\/users\/2"}],"replies":[{"embeddable":true,"href":"https:\/\/www.europesays.com\/no\/wp-json\/wp\/v2\/comments?post=138829"}],"version-history":[{"count":0,"href":"https:\/\/www.europesays.com\/no\/wp-json\/wp\/v2\/posts\/138829\/revisions"}],"wp:featuredmedia":[{"embeddable":true,"href":"https:\/\/www.europesays.com\/no\/wp-json\/wp\/v2\/media\/138830"}],"wp:attachment":[{"href":"https:\/\/www.europesays.com\/no\/wp-json\/wp\/v2\/media?parent=138829"}],"wp:term":[{"taxonomy":"category","embeddable":true,"href":"https:\/\/www.europesays.com\/no\/wp-json\/wp\/v2\/categories?post=138829"},{"taxonomy":"post_tag","embeddable":true,"href":"https:\/\/www.europesays.com\/no\/wp-json\/wp\/v2\/tags?post=138829"}],"curies":[{"name":"wp","href":"https:\/\/api.w.org\/{rel}","templated":true}]}}