{"id":138836,"date":"2026-01-16T05:40:11","date_gmt":"2026-01-16T05:40:11","guid":{"rendered":"https:\/\/www.europesays.com\/no\/138836\/"},"modified":"2026-01-16T05:40:11","modified_gmt":"2026-01-16T05:40:11","slug":"verdal-ta-iv-forsvarer-om-rykter-svaert-uheldig","status":"publish","type":"post","link":"https:\/\/www.europesays.com\/no\/138836\/","title":{"rendered":"Verdal, TA-IV | Forsvarer om rykter: \u2013 Sv\u00e6rt uheldig"},"content":{"rendered":"\n<p><b>VERDAL: <\/b>Onsdag formiddag bekreftet politiet i en pressemelding at huseieren er siktet etter brannen i Verdal.<\/p>\n<p>Huseieren, en mann i 30-\u00e5rene, er siktet for uaktsomt \u00e5 ha fremkalt fare, etter straffelovens paragraf 356.<\/p>\n<p><b>Han er ikke siktet for \u00e5 ha p\u00e5satt brannen.<\/b><\/p>\n<p>\u2013 Det kan foreligge opplysninger som tyder p\u00e5 at det har skjedd en handling som ikke var tiltenkt, men som likevel har f\u00f8rt til at personen har f\u00e5tt status som mistenkt. Vi har per n\u00e5 ingen mistanke om at brannen er p\u00e5satt, fortalte etterforskningsleder Knut Grasvik til Tr\u00f8nder-Avisa onsdag.<\/p>\n<p>   <img decoding=\"async\" width=\"1772\" height=\"1181\" fetchpriority=\"low\"  loading=\"lazy\"  src=\"https:\/\/www.europesays.com\/no\/wp-content\/uploads\/2026\/01\/1768542009_719_JAomkom.jpg\" alt=\"\" class=\"brick-c-cFOWSL\" style=\"--brick-image-ratio: 1772 \/ 1181;\"\/><\/p>\n<p>      OMKOM: R\u00f8ykdykkerne Geir Otto Lein Johnson (58) og Roger Kvello Hansen (51) d\u00f8de i brannen p\u00e5 Vinne i Verdal 7. januar.<br \/>\n      Foto: Johan Arnt Nesg\u00e5rd\n    <\/p>\n<p>  \u2013 Tidlig \u00e5 konkludere<\/p>\n<p>Politiadvokat Kjetil Bruland S\u00f8rensen, som representerer p\u00e5talemyndigheten i saken, kunne ikke si noe om hva siktelsen bygger p\u00e5.<\/p>\n<p>\u2013 Det er tidlig \u00e5 konkludere, i og med at vi ikke vi har f\u00e5tt alle svarene fra \u00e5stedsunders\u00f8kelsen, annen informasjon eller andre bevis. Siktelsen inneholder en av hypotesene.<\/p>\n<p>   <img decoding=\"async\" width=\"8255\" height=\"5503\" fetchpriority=\"low\"  loading=\"lazy\"  src=\"https:\/\/www.europesays.com\/no\/wp-content\/uploads\/2026\/01\/5_116_1957697_aktor1+%282%29.jpg\" alt=\"Kjetil Bruland S\u00f8rensen\" class=\"brick-c-cFOWSL\" style=\"--brick-image-ratio: 8255 \/ 5503;\"\/><\/p>\n<p>      HYPOTESER: \u2013 Siktelsen baserer seg p\u00e5 en hypotese som vi etterforsker, uttalte Kjetil Bruland S\u00f8rensen til Tr\u00f8nder-Avisa onsdag.<br \/>\n      Foto: Bj\u00f8rn Tore Ness\n    <\/p>\n<p>  Avh\u00f8rt som siktet onsdag<\/p>\n<p>S\u00f8rensen bekreftet at siktede er avh\u00f8rt tre ganger etter brannen.<\/p>\n<ul>\n<li>P\u00e5 \u00e5stedet, samme natt som brannen<\/li>\n<li>I l\u00f8pet av helgen etter brannen<\/li>\n<li>Onsdag, en uke etter brannen<\/li>\n<\/ul>\n<p>   <img decoding=\"async\" width=\"5000\" height=\"3333\" fetchpriority=\"low\"  loading=\"lazy\"  src=\"https:\/\/www.europesays.com\/no\/wp-content\/uploads\/2026\/01\/JA200896.jpg\" alt=\"Kripos i brannruinene torsdag morgen.&#10;Brann i enebolig i Vinne i Verdal.\" class=\"brick-c-cFOWSL\" style=\"--brick-image-ratio: 5000 \/ 3333;\"\/><\/p>\n<p>      INTENSIV ETTERFORSKNING: \u2013 Det p\u00e5g\u00e5r en intensiv politietterforskning, forteller politiadvokat og p\u00e5taleansvarlig Kjetil Bruland S\u00f8rensen torsdag.<br \/>\n      Foto: Johan Arnt Nesg\u00e5rd\n    <\/p>\n<p>Advokat Per Ove S\u00f8rholt i Levangeradvokatene forsvarer den siktede huseieren.<\/p>\n<p>Han bekreftet overfor Tr\u00f8nder-Avisa at huseieren var i avh\u00f8r som siktet for f\u00f8rste gang onsdag denne uka.<\/p>\n<p>\u2013 Siktelsen har ikke v\u00e6rt et tema i avh\u00f8ret. Han er ikke spurt om han erkjenner straffskyld, uttalte S\u00f8rholt onsdag.<\/p>\n<p>Rykter om siktede<\/p>\n<p>S\u00f8rholt har av erfaring opplevd at det spres rykter som fremst\u00e5r mer alvorlige enn det hans klienter er siktet for.<\/p>\n<p>\u2013 Dette gjelder spesielt i saker som er sv\u00e6rt alvorlige og belastende. I denne saken har huseieren mistet huset sitt \u2013 og to brannmenn d\u00f8de i slukningsarbeidet. Det er en enorm belastning i seg selv. Slik sett er det sv\u00e6rt uheldig, sier S\u00f8rholt.<\/p>\n<p>Han mener det er viktig \u00e5 ikke danne seg en egen oppfatning av det man leser i media.<\/p>\n<p>\u2013 Dessverre er det lite man kan gj\u00f8re med det. Dette gj\u00f8r at man blir mer tilbakeholden med hva man informerer om, sier han.<\/p>\n<p>  <a href=\"https:\/\/www.t-a.no\/5-116-2287925\" class=\"related-teaser has-image default-story-teaser article--c-eRUmMG article--c-eRUmMG-jKCPdD-design-default\" rel=\"nofollow noopener\" target=\"_blank\"><\/p>\n<p>    <img decoding=\"async\" loading=\"lazy\"  src=\"https:\/\/www.europesays.com\/no\/wp-content\/uploads\/2026\/01\/1768542010_540_JAvinnebrannen02.jpg\" alt=\"\" class=\"brick-c-cFOWSL\" style=\"\"\/><\/p>\n<p>\n            Les ogs\u00e5<\/p>\n<p>              Tesla kan bli sentral i etterforskningen\n        <\/p>\n<p>  <\/a><\/p>\n<p>  <a href=\"https:\/\/www.t-a.no\/5-116-2287837\" class=\"related-teaser has-image default-story-teaser article--c-eRUmMG article--c-eRUmMG-jKCPdD-design-default\" rel=\"nofollow noopener\" target=\"_blank\"><\/p>\n<p>    <img decoding=\"async\" loading=\"lazy\"  src=\"https:\/\/www.europesays.com\/no\/wp-content\/uploads\/2026\/01\/1768542010_361_JAbranntomta07.jpg\" alt=\"\" class=\"brick-c-cFOWSL\" style=\"\"\/><\/p>\n<p>\n            Les ogs\u00e5<\/p>\n<p>              Nye opplysninger: Avh\u00f8rt tre ganger\n        <\/p>\n<p>  <\/a><\/p>\n<p>  <a href=\"https:\/\/www.t-a.no\/5-116-2287988\" class=\"related-teaser has-image default-story-teaser article--c-eRUmMG article--c-eRUmMG-jKCPdD-design-default\" rel=\"nofollow noopener\" target=\"_blank\"><\/p>\n<p>    <img decoding=\"async\" loading=\"lazy\"  src=\"https:\/\/www.europesays.com\/no\/wp-content\/uploads\/2026\/01\/JAbrann-vinne08+%281%29.jpg\" alt=\"\" class=\"brick-c-cFOWSL\" style=\"\"\/><\/p>\n<p>\n            Les ogs\u00e5<\/p>\n<p>              Fryktet tap av bevis \u2013 avlyste samling\n        <\/p>\n<p>  <\/a><\/p>\n","protected":false},"excerpt":{"rendered":"VERDAL: Onsdag formiddag bekreftet politiet i en pressemelding at huseieren er siktet etter brannen i Verdal. Huseieren, en&hellip;\n","protected":false},"author":2,"featured_media":138837,"comment_status":"","ping_status":"","sticky":false,"template":"","format":"standard","meta":{"footnotes":""},"categories":[10],"tags":[36,20,21,24,25,15,983,22,23,13,30,28,29,14,16,1510,6603,26,27,2133],"class_list":{"0":"post-138836","1":"post","2":"type-post","3":"status-publish","4":"format-standard","5":"has-post-thumbnail","7":"category-norge","8":"tag-art","9":"tag-breaking-news","10":"tag-breakingnews","11":"tag-featured-news","12":"tag-featurednews","13":"tag-headlines","14":"tag-krim","15":"tag-latest-news","16":"tag-latestnews","17":"tag-news","18":"tag-no","19":"tag-norge","20":"tag-norway","21":"tag-nyheter","22":"tag-overskrifter","23":"tag-story","24":"tag-ta-iv","25":"tag-top-stories","26":"tag-topstories","27":"tag-verdal"},"share_on_mastodon":{"url":"https:\/\/pubeurope.com\/@no\/115903176788439853","error":""},"_links":{"self":[{"href":"https:\/\/www.europesays.com\/no\/wp-json\/wp\/v2\/posts\/138836","targetHints":{"allow":["GET"]}}],"collection":[{"href":"https:\/\/www.europesays.com\/no\/wp-json\/wp\/v2\/posts"}],"about":[{"href":"https:\/\/www.europesays.com\/no\/wp-json\/wp\/v2\/types\/post"}],"author":[{"embeddable":true,"href":"https:\/\/www.europesays.com\/no\/wp-json\/wp\/v2\/users\/2"}],"replies":[{"embeddable":true,"href":"https:\/\/www.europesays.com\/no\/wp-json\/wp\/v2\/comments?post=138836"}],"version-history":[{"count":0,"href":"https:\/\/www.europesays.com\/no\/wp-json\/wp\/v2\/posts\/138836\/revisions"}],"wp:featuredmedia":[{"embeddable":true,"href":"https:\/\/www.europesays.com\/no\/wp-json\/wp\/v2\/media\/138837"}],"wp:attachment":[{"href":"https:\/\/www.europesays.com\/no\/wp-json\/wp\/v2\/media?parent=138836"}],"wp:term":[{"taxonomy":"category","embeddable":true,"href":"https:\/\/www.europesays.com\/no\/wp-json\/wp\/v2\/categories?post=138836"},{"taxonomy":"post_tag","embeddable":true,"href":"https:\/\/www.europesays.com\/no\/wp-json\/wp\/v2\/tags?post=138836"}],"curies":[{"name":"wp","href":"https:\/\/api.w.org\/{rel}","templated":true}]}}