{"id":138846,"date":"2026-01-16T05:55:14","date_gmt":"2026-01-16T05:55:14","guid":{"rendered":"https:\/\/www.europesays.com\/no\/138846\/"},"modified":"2026-01-16T05:55:14","modified_gmt":"2026-01-16T05:55:14","slug":"til-tyskland-for-a-representere-nord-norge-altaposten-no","status":"publish","type":"post","link":"https:\/\/www.europesays.com\/no\/138846\/","title":{"rendered":"(+) Til Tyskland for \u00e5 representere Nord-Norge &#8211; altaposten.no"},"content":{"rendered":"<ol>\n<li><a href=\"https:\/\/news.google.com\/rss\/articles\/CBMijwFBVV95cUxQQVhvS3pwNzdCaUsxQzJJeWNxRjU3VVN1NGc5TjJlc1VQMk8tZjFvUkhfX0szeFdnUkJhMV9BZ3FVNUh3VjkxZzFRejAtdnpFc0RoRExYSTRFQjZJWjFzeVFrZXJVQ0lZMjNYUWJlR25sUlhPMU9uWnd5bUpPenJOdzdrM3FpQmdWbk95ZkpNSQ?oc=5\" target=\"_blank\" rel=\"nofollow noopener\">(+) Til Tyskland for \u00e5 representere Nord-Norge<\/a>&nbsp;&nbsp;altaposten.no<\/li>\n<li><a href=\"https:\/\/news.google.com\/rss\/articles\/CBMiogFBVV95cUxOU2VtV090akpvSEFoLThqM0hwRWxva0trTnNyNkJORVVJRk1kV092V2VuZ2Z4QndBRGRqN1ozSExCNW1iNFpKdGE4ZG1DYmV4OHE4RWQxZ2xvUnk4WWxsV0dRVVR0MGhyOHB3ZFlsX0dtMTU2ek5UOGJqTzU3T0xMeDRRQ2ZJaUI1cnJrbHo1MkpNdFhRUjRldmpud2l5Z2I4V3c?oc=5\" target=\"_blank\" rel=\"nofollow noopener\">(+) Skal sette Harstad p\u00e5 kartet i Tyskland<\/a>&nbsp;&nbsp;ht.no<\/li>\n<li><a href=\"https:\/\/news.google.com\/rss\/articles\/CBMiggFBVV95cUxQZXhWM2VTX1BRbElJdGctbE42U3Y5YVR1SVo0VDlSS3ZqdnZvMjdkdGQxdFU2dEVhN25jN2dhR3NnZ0dyOHZfQTNDOG1EN1B5VmRYNUdnSEh6aXFDdWxBMm5ISVZiSEVpY19CekZJTEE4WXZHaFVDTXJsSjVobHREVDdn?oc=5\" target=\"_blank\" rel=\"nofollow noopener\">\u00d8konomi og n\u00e6ringsliv, Lokalmat | Klar tale: \u2013 Det er no arbeidet startar<\/a>&nbsp;&nbsp;Sogn Avis<\/li>\n<li><a href=\"https:\/\/news.google.com\/rss\/articles\/CBMilwFBVV95cUxPNTM3VmlVd3Q3dWtkM0FGdXlDSW1DR3NlcHUxVXZ4YUNSanByRFZkRGx2V0VVTVR3bDBVMWlqMHdjTVh0ZzJHUDZGQm5mUTdVVzFyN2RzWmVNWUdIbjF5MmprNFBfRnhCZmRfQ05hV1p6MUl3TkV0RDRoUlVRQ1Fvc1hmSjVtcTc0NGI1eWRIMm1IOHVRZTl3?oc=5\" target=\"_blank\" rel=\"nofollow noopener\">Norske r\u00e5varer skal bygge Matnasjonen Norge<\/a>&nbsp;&nbsp;Regjeringen.no<\/li>\n<li><a href=\"https:\/\/news.google.com\/rss\/articles\/CBMimwFBVV95cUxQRDdtcnAyTFJ4d3JEYS1RRkh4NmNad3h5d09nSGZSc3Zic3c1NTg4Q0gzWUxnWGZraHlHQ0Y5UU9JbDZXWVlOQVNKVmpucU9GRWFXOGM4TVRKX3lZU0VjRlZNZERsWnJ0cnFoaDcxLXBSdTY2TUF6TVFKWTE5WmpuUlZOQ1ZDWU1hVV9BdTY4c00yRjlsVE5oR3dwQQ?oc=5\" target=\"_blank\" rel=\"nofollow noopener\">(+) Stiller ut p\u00e5 Europas st\u00f8rste mat- og drikke\u00admesse<\/a>&nbsp;&nbsp;framtidinord.no<\/li>\n<\/ol>\n","protected":false},"excerpt":{"rendered":"(+) Til Tyskland for \u00e5 representere Nord-Norge&nbsp;&nbsp;altaposten.no (+) Skal sette Harstad p\u00e5 kartet i Tyskland&nbsp;&nbsp;ht.no \u00d8konomi og n\u00e6ringsliv,&hellip;\n","protected":false},"author":2,"featured_media":138847,"comment_status":"","ping_status":"","sticky":false,"template":"","format":"standard","meta":{"footnotes":""},"categories":[10],"tags":[20,21,24,25,32,15813,15,12131,22,23,13,30,28,29,14,16,26,27],"class_list":{"0":"post-138846","1":"post","2":"type-post","3":"status-publish","4":"format-standard","5":"has-post-thumbnail","7":"category-norge","8":"tag-breaking-news","9":"tag-breakingnews","10":"tag-featured-news","11":"tag-featurednews","12":"tag-finnmark","13":"tag-grune-woche","14":"tag-headlines","15":"tag-innovasjon-norge","16":"tag-latest-news","17":"tag-latestnews","18":"tag-news","19":"tag-no","20":"tag-norge","21":"tag-norway","22":"tag-nyheter","23":"tag-overskrifter","24":"tag-top-stories","25":"tag-topstories"},"share_on_mastodon":{"url":"https:\/\/pubeurope.com\/@no\/115903235525174786","error":""},"_links":{"self":[{"href":"https:\/\/www.europesays.com\/no\/wp-json\/wp\/v2\/posts\/138846","targetHints":{"allow":["GET"]}}],"collection":[{"href":"https:\/\/www.europesays.com\/no\/wp-json\/wp\/v2\/posts"}],"about":[{"href":"https:\/\/www.europesays.com\/no\/wp-json\/wp\/v2\/types\/post"}],"author":[{"embeddable":true,"href":"https:\/\/www.europesays.com\/no\/wp-json\/wp\/v2\/users\/2"}],"replies":[{"embeddable":true,"href":"https:\/\/www.europesays.com\/no\/wp-json\/wp\/v2\/comments?post=138846"}],"version-history":[{"count":0,"href":"https:\/\/www.europesays.com\/no\/wp-json\/wp\/v2\/posts\/138846\/revisions"}],"wp:featuredmedia":[{"embeddable":true,"href":"https:\/\/www.europesays.com\/no\/wp-json\/wp\/v2\/media\/138847"}],"wp:attachment":[{"href":"https:\/\/www.europesays.com\/no\/wp-json\/wp\/v2\/media?parent=138846"}],"wp:term":[{"taxonomy":"category","embeddable":true,"href":"https:\/\/www.europesays.com\/no\/wp-json\/wp\/v2\/categories?post=138846"},{"taxonomy":"post_tag","embeddable":true,"href":"https:\/\/www.europesays.com\/no\/wp-json\/wp\/v2\/tags?post=138846"}],"curies":[{"name":"wp","href":"https:\/\/api.w.org\/{rel}","templated":true}]}}