{"id":13885,"date":"2025-08-21T06:48:08","date_gmt":"2025-08-21T06:48:08","guid":{"rendered":"https:\/\/www.europesays.com\/no\/13885\/"},"modified":"2025-08-21T06:48:08","modified_gmt":"2025-08-21T06:48:08","slug":"hendelser-porsgrunn-ubuden-gjest-begynte-a-forsyne-seg-av-frokosten","status":"publish","type":"post","link":"https:\/\/www.europesays.com\/no\/13885\/","title":{"rendered":"Hendelser, Porsgrunn | Ubuden gjest begynte \u00e5 forsyne seg av frokosten"},"content":{"rendered":"\n<p>Klokken 06.25, torsdag morgen, ble politiet kontaktet av ansatte p\u00e5 et hotell i Porsgrunn sentrum. De hadde f\u00e5tt bes\u00f8k av en u\u00f8nsket gjest. <\/p>\n<p>Operasjonsleder Espen Reite hos S\u00f8r-\u00d8st politidistrikt opplyser at en mann hadde opps\u00f8kt hotellet og fors\u00f8kt \u00e5 forsyne seg av serveringen p\u00e5 stedet. <\/p>\n<p>Mannen, som ikke var en betalende gjest ved hotellet, var ogs\u00e5 til sjenanse for \u00f8vrige gjester.<\/p>\n<p>Politiet dro til stedet og kom i kontakt med en mann i 50-\u00e5rene. Han ble bortvist fra hotellet av patruljen, men valgte \u00e5 ikke etterf\u00f8lge politiet p\u00e5legg om \u00e5 fjerne seg. <\/p>\n<p>Da gikk turen videre til arresten og mannen vil bli anmeldt for forholdet.<\/p>\n<p>Les mer om: artikkelemnene<\/p>\n","protected":false},"excerpt":{"rendered":"Klokken 06.25, torsdag morgen, ble politiet kontaktet av ansatte p\u00e5 et hotell i Porsgrunn sentrum. De hadde f\u00e5tt&hellip;\n","protected":false},"author":2,"featured_media":1273,"comment_status":"","ping_status":"","sticky":false,"template":"","format":"standard","meta":{"footnotes":""},"categories":[12],"tags":[36,20,21,24,25,15,168,1097,22,23,13,30,28,29,14,16,254,1370,1510,26,27,42,43,44,45],"class_list":{"0":"post-13885","1":"post","2":"type-post","3":"status-publish","4":"format-standard","5":"has-post-thumbnail","7":"category-verden","8":"tag-art","9":"tag-breaking-news","10":"tag-breakingnews","11":"tag-featured-news","12":"tag-featurednews","13":"tag-headlines","14":"tag-hendelser","15":"tag-hotell","16":"tag-latest-news","17":"tag-latestnews","18":"tag-news","19":"tag-no","20":"tag-norge","21":"tag-norway","22":"tag-nyheter","23":"tag-overskrifter","24":"tag-politi","25":"tag-porsgrunn","26":"tag-story","27":"tag-top-stories","28":"tag-topstories","29":"tag-verden","30":"tag-world","31":"tag-world-news","32":"tag-worldnews"},"share_on_mastodon":{"url":"","error":""},"_links":{"self":[{"href":"https:\/\/www.europesays.com\/no\/wp-json\/wp\/v2\/posts\/13885","targetHints":{"allow":["GET"]}}],"collection":[{"href":"https:\/\/www.europesays.com\/no\/wp-json\/wp\/v2\/posts"}],"about":[{"href":"https:\/\/www.europesays.com\/no\/wp-json\/wp\/v2\/types\/post"}],"author":[{"embeddable":true,"href":"https:\/\/www.europesays.com\/no\/wp-json\/wp\/v2\/users\/2"}],"replies":[{"embeddable":true,"href":"https:\/\/www.europesays.com\/no\/wp-json\/wp\/v2\/comments?post=13885"}],"version-history":[{"count":0,"href":"https:\/\/www.europesays.com\/no\/wp-json\/wp\/v2\/posts\/13885\/revisions"}],"wp:featuredmedia":[{"embeddable":true,"href":"https:\/\/www.europesays.com\/no\/wp-json\/wp\/v2\/media\/1273"}],"wp:attachment":[{"href":"https:\/\/www.europesays.com\/no\/wp-json\/wp\/v2\/media?parent=13885"}],"wp:term":[{"taxonomy":"category","embeddable":true,"href":"https:\/\/www.europesays.com\/no\/wp-json\/wp\/v2\/categories?post=13885"},{"taxonomy":"post_tag","embeddable":true,"href":"https:\/\/www.europesays.com\/no\/wp-json\/wp\/v2\/tags?post=13885"}],"curies":[{"name":"wp","href":"https:\/\/api.w.org\/{rel}","templated":true}]}}