{"id":138851,"date":"2026-01-16T06:02:07","date_gmt":"2026-01-16T06:02:07","guid":{"rendered":"https:\/\/www.europesays.com\/no\/138851\/"},"modified":"2026-01-16T06:02:07","modified_gmt":"2026-01-16T06:02:07","slug":"utenriksminister-barth-eide-besokte-skjold-og-bardufoss-med-sin-britiske-kollega-vi-tar-det-til-et-nytt-niva-na-nye-troms","status":"publish","type":"post","link":"https:\/\/www.europesays.com\/no\/138851\/","title":{"rendered":"Utenriksminister Barth Eide bes\u00f8kte Skjold og Bardufoss med sin britiske kollega: \u2013 Vi tar det til et nytt niv\u00e5 n\u00e5 &#8211; Nye Troms"},"content":{"rendered":"<ol>\n<li><a href=\"https:\/\/news.google.com\/rss\/articles\/CBMi5AFBVV95cUxPOElpc2Y3LWlIYWVPTkFRNnZvQm5DNm5PUTBpSWJ1aldPdExJMU5pQlRidUVudUZxTzR0SC1JaW8yeFRHQ3FWZUwwN3d0WXZWcF8tUVJMUTg2YzI4M3Y0bWgzMGkyZFo4YnYtM0ZsUUpJa1IzZENvbzVfbVNpOGtKOXJjTjRqYmRsbmxGcC0zaUR0RWdfNjRZRmRzWEJxR1JrelpKdkNJYUxvWG1OOGZIZmROVThOZmpXa3BPZi1TN3pCSmpiOVc2d05RaFlJUkZwc1VrWFJKT2E1cktMTklldG40Zmk?oc=5\" target=\"_blank\" rel=\"nofollow noopener\">Utenriksminister Barth Eide bes\u00f8kte Skjold og Bardufoss med sin britiske kollega: \u2013 Vi tar det til et nytt niv\u00e5 n\u00e5<\/a>&nbsp;&nbsp;Nye Troms<\/li>\n<li><a href=\"https:\/\/news.google.com\/rss\/articles\/CBMilgFBVV95cUxOTWE4WlN0dGRaNkE5Y25PN1BrT1RuZllIMU0tSlhNUWtpM0FicGlqM0ZvUkNQcmt5Tjl6RmVRX3VDdUtlU1FIMlpsUlpqVmkwX2lPRjFGQjRQY1VMR3B2Rm5CTU5YWjF2NHVpLTh2MVR0Zldza2NheXVkV21Fa2xXeTBqYnA1QmpMSVM4dmxaSGhCa2o1RVE?oc=5\" target=\"_blank\" rel=\"nofollow noopener\">Storbritannias utenriksminister p\u00e5 plass i Troms: \u2013 S\u00e6rlig kritiske sp\u00f8rsm\u00e5l rundt Nord-Norge<\/a>&nbsp;&nbsp;NRK<\/li>\n<li><a href=\"https:\/\/news.google.com\/rss\/articles\/CBMivAFBVV95cUxQMUJNSDF6VXlyVFhCZVVWRWdBZV9EaWF6R2VNTDk4T0hhMG1fdlNZTUlKODRBZHVPYVBaZ2lwYVpROEdENUVyaXpHdGhta0o4a1NabkhqT1dPaVlSak5WalZzVi1ra3NRWXp4d1VEV2JOdm9Dc1lYUW94UklNU2pOaWNHUmxRVmJMZ0N1ZU5pU3hNTFdyWWpvSWY3UWNkckp0SGhzMUx0aEtmM3A4RmJrTlNmbi1GZGo1SEp4VA?oc=5\" target=\"_blank\" rel=\"nofollow noopener\">Utenriksministerm\u00f8te i M\u00e5lselv: Norge styrker samarbeidet med Storbritannia<\/a>&nbsp;&nbsp;folkebladet.no<\/li>\n<li><a href=\"https:\/\/news.google.com\/rss\/articles\/CBMitAFBVV95cUxPektxU2FLekJ5aWx4WlJNQWdxbHluRVpKU3Y1akFTTldKVG80NTdDUDczTFVoVWQ1QnRjbDFFLVY3WTd1a29LdmdqQ2ExVWlIcF9sZl9tTjZ4d3gzMUhRUWtqYTBrWkdqY0hvdkpvQ3FLSmxiU1FIZHlDdjYwckNQSV9SOVluR1pRZ0s5aGhtdlhtb3JXTkktb0RHbzlQRmM2dlpjSlcwNWdReVdjYzkyNjhEanU?oc=5\" target=\"_blank\" rel=\"nofollow noopener\">Storbritannias utenriksminister bes\u00f8ker Indre Troms<\/a>&nbsp;&nbsp;forsvaretsforum<\/li>\n<li><a href=\"https:\/\/news.google.com\/rss\/articles\/CBMivgFBVV95cUxQQUV2bV9lZTZ2ME9uSEllckRrQkVoNlNQQXY1dWNmLW9mY3dNNXJvYXdmbXpZbEJBdm1kTHBvOWFnYnZLRFBYNTJwNXJfcG80cjZaa0VDOTBVV29aS3IwR1JTbk1yNkREVVkzbnBZaTNUcG1Kbk5tcTItd0FTUFBXRkZnZEg0NEpRTDQ1Y0ZvTWlmajNxM0ZzOWR1MGdGakJaalc5RHEyaXpnazZFaDEtWktRMUxQY212d2FRNUl3?oc=5\" target=\"_blank\" rel=\"nofollow noopener\">Utenriksminister Espen Barth Eide m\u00f8tte sin britiske kollega i Bardufoss<\/a>&nbsp;&nbsp;Regjeringen.no<\/li>\n<\/ol>\n","protected":false},"excerpt":{"rendered":"Utenriksminister Barth Eide bes\u00f8kte Skjold og Bardufoss med sin britiske kollega: \u2013 Vi tar det til et nytt&hellip;\n","protected":false},"author":2,"featured_media":138852,"comment_status":"","ping_status":"","sticky":false,"template":"","format":"standard","meta":{"footnotes":""},"categories":[10],"tags":[20,21,24,25,15,22,23,13,30,28,29,14,16,26,27],"class_list":{"0":"post-138851","1":"post","2":"type-post","3":"status-publish","4":"format-standard","5":"has-post-thumbnail","7":"category-norge","8":"tag-breaking-news","9":"tag-breakingnews","10":"tag-featured-news","11":"tag-featurednews","12":"tag-headlines","13":"tag-latest-news","14":"tag-latestnews","15":"tag-news","16":"tag-no","17":"tag-norge","18":"tag-norway","19":"tag-nyheter","20":"tag-overskrifter","21":"tag-top-stories","22":"tag-topstories"},"share_on_mastodon":{"url":"https:\/\/pubeurope.com\/@no\/115903263043087760","error":""},"_links":{"self":[{"href":"https:\/\/www.europesays.com\/no\/wp-json\/wp\/v2\/posts\/138851","targetHints":{"allow":["GET"]}}],"collection":[{"href":"https:\/\/www.europesays.com\/no\/wp-json\/wp\/v2\/posts"}],"about":[{"href":"https:\/\/www.europesays.com\/no\/wp-json\/wp\/v2\/types\/post"}],"author":[{"embeddable":true,"href":"https:\/\/www.europesays.com\/no\/wp-json\/wp\/v2\/users\/2"}],"replies":[{"embeddable":true,"href":"https:\/\/www.europesays.com\/no\/wp-json\/wp\/v2\/comments?post=138851"}],"version-history":[{"count":0,"href":"https:\/\/www.europesays.com\/no\/wp-json\/wp\/v2\/posts\/138851\/revisions"}],"wp:featuredmedia":[{"embeddable":true,"href":"https:\/\/www.europesays.com\/no\/wp-json\/wp\/v2\/media\/138852"}],"wp:attachment":[{"href":"https:\/\/www.europesays.com\/no\/wp-json\/wp\/v2\/media?parent=138851"}],"wp:term":[{"taxonomy":"category","embeddable":true,"href":"https:\/\/www.europesays.com\/no\/wp-json\/wp\/v2\/categories?post=138851"},{"taxonomy":"post_tag","embeddable":true,"href":"https:\/\/www.europesays.com\/no\/wp-json\/wp\/v2\/tags?post=138851"}],"curies":[{"name":"wp","href":"https:\/\/api.w.org\/{rel}","templated":true}]}}