{"id":138862,"date":"2026-01-16T06:16:07","date_gmt":"2026-01-16T06:16:07","guid":{"rendered":"https:\/\/www.europesays.com\/no\/138862\/"},"modified":"2026-01-16T06:16:07","modified_gmt":"2026-01-16T06:16:07","slug":"advarer-om-glatte-veier-romerikes-blad","status":"publish","type":"post","link":"https:\/\/www.europesays.com\/no\/138862\/","title":{"rendered":"Advarer om glatte veier &#8211; Romerikes Blad"},"content":{"rendered":"<ol>\n<li><a href=\"https:\/\/news.google.com\/rss\/articles\/CBMiZ0FVX3lxTE15X1JieGtBMHNUWGpGN29leDVsbElDdHFCSnJ1M3BUN3RISm5VenUzQW1EQXEzUUFjY3NaYVNnbFVlc3QtNGlLNFNYaVR0Uk4yWnJyc0xhYmNoV0RMN0JWMkpTV3FhS00?oc=5\" target=\"_blank\" rel=\"nofollow noopener\">Advarer om glatte veier<\/a>&nbsp;&nbsp;Romerikes Blad<\/li>\n<li><a href=\"https:\/\/news.google.com\/rss\/articles\/CBMikAFBVV95cUxOWDR4U29IVVg5alZlYjZoTldYdkpCd2RwWE1hYmUyUXlwWlIyZnJIMEJSRXRweHNrVGNwZnF0RG1Pa1NPNnNOdXo3ekpsLUFuRkJZcjVDS0hPZnpoTlVFTzZUdGNSVHpHMlZYUmtqOEtqQU9jQk1sY0dxSlEyYVduODh3MERSa0M5VWxTcXZVMzU?oc=5\" target=\"_blank\" rel=\"nofollow noopener\">Advarer om krevende forhold<\/a>&nbsp;&nbsp;VG<\/li>\n<li><a href=\"https:\/\/news.google.com\/rss\/articles\/CBMiigFBVV95cUxOd0JXYmZqemtqWkpoV3NYeno0NnJfOUxCeUlBSHZmUDNYREpOLVo0bl9IR3gxSkZjX0JxT1dWaDZYZGVPVHpPXzZBd3RHa0tiMTVzQ1B3bVV6REdvM2ZqSXo2SUNpYTVsbEVkVkhrQUNqTGF3RnlNV2lESUZOMFk1T05TdGNfZHVsT0E?oc=5\" target=\"_blank\" rel=\"nofollow noopener\">V\u00e6r, Trafikk | Frykter speilblanke veger: Kan komme 15 centimeter<\/a>&nbsp;&nbsp;Gudbrandsd\u00f8len Dagningen<\/li>\n<li><a href=\"https:\/\/news.google.com\/rss\/articles\/CBMiggFBVV95cUxNcTNFczZYaTRrWmJhN3Y2X1diNmRiVnlldGpmRnJEUnZud1NsZzdjSzhzZmlZSERWX09vSkR6T1FNdmF0N3hFd19mRE1NZ3Z6SGhSZllwN1drN3VqYWRTSjNnYV9tMjVySUZNYmUxRmRpS1Ywdkk2LTUzNENCbUZUOFVB?oc=5\" target=\"_blank\" rel=\"nofollow noopener\">Regn, V\u00e6r | Meldt regn: \u2013 Det kommer til \u00e5 bli utfordrende<\/a>&nbsp;&nbsp;Oppland Arbeiderblad<\/li>\n<li><a href=\"https:\/\/news.google.com\/rss\/articles\/CBMigAFBVV95cUxPT1JCYnZNMEdxTlprYkc0N2MxQ0lVUWVSNXpQN2ZlZkZjOTVsUEdQVjR2UlhNalJOOFlpRzFGbE1QVTBuclB0SWxlZVZHMHM0VUF5MFFTZlVuc005cXdMd05rcFQyNnVnY3R6RHVuOWtUeWlKOHNQVnRBMjVib1lfZg?oc=5\" target=\"_blank\" rel=\"nofollow noopener\">Trafikk, V\u00e6r | N\u00e5 er regnet her: Slik ser det ut p\u00e5 veiene<\/a>&nbsp;&nbsp;Telemarksavisa<\/li>\n<\/ol>\n","protected":false},"excerpt":{"rendered":"Advarer om glatte veier&nbsp;&nbsp;Romerikes Blad Advarer om krevende forhold&nbsp;&nbsp;VG V\u00e6r, Trafikk | Frykter speilblanke veger: Kan komme 15&hellip;\n","protected":false},"author":2,"featured_media":138863,"comment_status":"","ping_status":"","sticky":false,"template":"","format":"standard","meta":{"footnotes":""},"categories":[10],"tags":[20,21,24,25,15,22,23,13,30,28,29,14,16,26,27],"class_list":{"0":"post-138862","1":"post","2":"type-post","3":"status-publish","4":"format-standard","5":"has-post-thumbnail","7":"category-norge","8":"tag-breaking-news","9":"tag-breakingnews","10":"tag-featured-news","11":"tag-featurednews","12":"tag-headlines","13":"tag-latest-news","14":"tag-latestnews","15":"tag-news","16":"tag-no","17":"tag-norge","18":"tag-norway","19":"tag-nyheter","20":"tag-overskrifter","21":"tag-top-stories","22":"tag-topstories"},"share_on_mastodon":{"url":"https:\/\/pubeurope.com\/@no\/115903318094102906","error":""},"_links":{"self":[{"href":"https:\/\/www.europesays.com\/no\/wp-json\/wp\/v2\/posts\/138862","targetHints":{"allow":["GET"]}}],"collection":[{"href":"https:\/\/www.europesays.com\/no\/wp-json\/wp\/v2\/posts"}],"about":[{"href":"https:\/\/www.europesays.com\/no\/wp-json\/wp\/v2\/types\/post"}],"author":[{"embeddable":true,"href":"https:\/\/www.europesays.com\/no\/wp-json\/wp\/v2\/users\/2"}],"replies":[{"embeddable":true,"href":"https:\/\/www.europesays.com\/no\/wp-json\/wp\/v2\/comments?post=138862"}],"version-history":[{"count":0,"href":"https:\/\/www.europesays.com\/no\/wp-json\/wp\/v2\/posts\/138862\/revisions"}],"wp:featuredmedia":[{"embeddable":true,"href":"https:\/\/www.europesays.com\/no\/wp-json\/wp\/v2\/media\/138863"}],"wp:attachment":[{"href":"https:\/\/www.europesays.com\/no\/wp-json\/wp\/v2\/media?parent=138862"}],"wp:term":[{"taxonomy":"category","embeddable":true,"href":"https:\/\/www.europesays.com\/no\/wp-json\/wp\/v2\/categories?post=138862"},{"taxonomy":"post_tag","embeddable":true,"href":"https:\/\/www.europesays.com\/no\/wp-json\/wp\/v2\/tags?post=138862"}],"curies":[{"name":"wp","href":"https:\/\/api.w.org\/{rel}","templated":true}]}}