{"id":138868,"date":"2026-01-16T06:29:45","date_gmt":"2026-01-16T06:29:45","guid":{"rendered":"https:\/\/www.europesays.com\/no\/138868\/"},"modified":"2026-01-16T06:29:45","modified_gmt":"2026-01-16T06:29:45","slug":"hvem-eier-gronland-steigan-no","status":"publish","type":"post","link":"https:\/\/www.europesays.com\/no\/138868\/","title":{"rendered":"Hvem eier Gr\u00f8nland? | steigan.no"},"content":{"rendered":"<p>            <img loading=\"lazy\" decoding=\"async\" width=\"696\" height=\"463\" class=\"entry-thumb\" src=\"https:\/\/www.europesays.com\/no\/wp-content\/uploads\/2026\/01\/gronland-demo.jpg\"   alt=\"\" title=\"Protesters,Hold,Placards,As,They,Participate,In,A,Demonstration,In\"\/>Demonstrasjon i forbindelse med bes\u00f8ket til visepresident JD Vance i K\u00f8benhavn i mars 2025.<\/p>\n<p>Historisk rett, kolonial arv \u2013 og USAs dobbeltmoral<\/p>\n<p>Debatten om Gr\u00f8nland blusser opp med jevne mellomrom \u2013 sist da Donald Trump luftet tanken om at USA burde \u00abkj\u00f8pe\u00bb verdens st\u00f8rste \u00f8y. Utsagnet ble latterliggjort i offentligheten, men det avsl\u00f8rte noe langt mer alvorlig: En imperial tankegang som USA ellers ford\u00f8mmer n\u00e5r den ut\u00f8ves av andre. For \u00e5 forst\u00e5 hvorfor Trumps utspill er b\u00e5de historisk feil og politisk hyklersk, m\u00e5 vi rydde i fakta \u2013 ikke i Facebook-myter.<\/p>\n<p><img loading=\"lazy\" data-recalc-dims=\"1\" decoding=\"async\" width=\"220\" height=\"220\" src=\"https:\/\/www.europesays.com\/no\/wp-content\/uploads\/2026\/01\/arnt-remy.png\" alt=\"\" class=\"wp-image-149932\"  \/>Av Arnt Remy \u00c5vik-Langstrand.<\/p>\n<p>Gr\u00f8nland f\u00f8r kolonimaktene<\/p>\n<p>Gr\u00f8nland \u2013 Kalaallit Nunaat \u2013 har v\u00e6rt bebodd av inuitter i tusenvis av \u00e5r. Samfunnene var selvorganiserte, tilpasset naturen og uten noen tilknytning til europeiske statsdannelser. Det finnes ingen \u00abtom\u00bb \u00f8y i historisk forstand. Ethvert eierskapskrav m\u00e5 forholde seg til dette grunnleggende faktum.<\/p>\n<p>Norsk middelalderkrav \u2013 og dets fall<\/p>\n<p>Norr\u00f8n bosetting p\u00e5 Gr\u00f8nland startet rundt \u00e5r 985 under Eirik Raude. \u00d8ya ble knyttet til den norske kronen p\u00e5 1200-tallet og fulgte Norge frem til Kalmarunionen. Da Danmark og Norge ble delt i 1814, beholdt Danmark Gr\u00f8nland.<\/p>\n<p>Norge fors\u00f8kte i 1931 \u00e5 gjenreise et krav gjennom okkupasjonen av \u00d8st-Gr\u00f8nland (Eirik Raudes Land). Saken ble avgjort i Den internasjonale domstolen i Haag i 1933, som slo fast at Danmark hadde suvereniteten. Norge aksepterte dommen. Juridisk sett var sp\u00f8rsm\u00e5let dermed avgjort.<\/p>\n<p>Dette er viktig: Ingen vestlige stater bestrider i dag Danmarks formelle suverenitet.<\/p>\n<p>Dansk kolonistyre \u2013 og overgrepene<\/p>\n<p>Danmarks eierskap betyr ikke moralsk legitimitet. Gr\u00f8nland var koloni frem til 1953. Assimilasjonspolitikk, tvangsflytting og den dokumenterte tvangssteriliseringen av gr\u00f8nlandske jenter og kvinner \u2013 i enkelte tilfeller helt ned i 12-\u00e5rsalderen \u2013 er overgrep som fortsatt preger forholdet mellom Gr\u00f8nland og Danmark.<\/p>\n<p>Dette er ikke \u00abhistoriske bagateller\u00bb, men reelle menneskerettighetsbrudd.<\/p>\n<p>Selvstyre og retten til \u00e5 g\u00e5 videre<\/p>\n<p>I 1979 fikk Gr\u00f8nland hjemmestyre, og i 2009 ble selvstyreloven vedtatt. Den sl\u00e5r fast at:<\/p>\n<ul class=\"wp-block-list\">\n<li>\u2013 Gr\u00f8nland er et folk i folkerettslig forstand.<\/li>\n<li>\u2013 Gr\u00f8nland har rett til selvbestemmelse.<\/li>\n<li>\u2013 Eventuell l\u00f8srivelse fra Danmark skal avgj\u00f8res av gr\u00f8nlenderne selv.<\/li>\n<\/ul>\n<p>Dette er n\u00f8kkelen: Fremtiden til Gr\u00f8nland avgj\u00f8res ikke i Washington, K\u00f8benhavn \u2013 eller Oslo \u2013 men i Nuuk.<\/p>\n<p>USA p\u00e5 Gr\u00f8nland: \u00abSikkerhet\u00bb, ikke suverenitet<\/p>\n<p>USA har v\u00e6rt milit\u00e6rt til stede p\u00e5 Gr\u00f8nland siden andre verdenskrig. Thule-basen (i dag Pituffik Space Base) er etablert gjennom avtaler med Danmark, ikke gjennom eierskap.<\/p>\n<p>USA har aldri hatt \u2013 og har ingen rettslig basis for \u2013 suverenitetskrav over Gr\u00f8nland.<\/p>\n<p>Likevel opptrer amerikanske politikere som om \u00f8ya er et strategisk objekt p\u00e5 linje med en oljekonsesjon.<\/p>\n<p>Trump og imperialismens sanne spr\u00e5k<\/p>\n<p>Da Trump foreslo \u00e5 kj\u00f8pe Gr\u00f8nland, avsl\u00f8rte han en logikk USA ellers ford\u00f8mmer:<\/p>\n<p>\u2013 N\u00e5r Russland eller Kina hevder interessesf\u00e6rer \u2192 \u00abaggressiv imperialisme\u00bb.<\/p>\n<p>\u2013 N\u00e5r USA gj\u00f8r det samme \u2192 \u00absikkerhetspolitikk\u00bb.<\/p>\n<p>Dette er ren dobbeltmoral.<\/p>\n<p>USA ford\u00f8mmer annektering, men forbeholder seg retten til \u00e5 kj\u00f8pe, presse, isolere eller destabilisere stater som st\u00e5r i veien for amerikanske interesser. Gr\u00f8nland ble i Trumps spr\u00e5k redusert til et kartobjekt med ressurser \u2013 ikke et folk med rettigheter.<\/p>\n<p>Hva vil gr\u00f8nlenderne selv?<\/p>\n<p>P\u00e5stander om at \u00abde fleste gr\u00f8nlendere vil bli amerikanske\u00bb er direkte feil. Meningsm\u00e5linger over tid viser:<\/p>\n<ul class=\"wp-block-list\">\n<li>\u2013 Et klart flertall avviser \u00e5 bli del av USA.<\/li>\n<li>\u2013 Mange \u00f8nsker \u00f8kt selvstendighet fra Danmark.<\/li>\n<li>\u2013 Nesten ingen \u00f8nsker amerikansk statsborgerskap.<\/li>\n<\/ul>\n<p>Gr\u00f8nlendere er fullt klar over hvordan USA behandler urfolk, ressurser og suverenitet \u2013 fra Alaska til Latin-Amerika.<\/p>\n<p>Konklusjon: Gr\u00f8nland er ikke til salgs<\/p>\n<p>Gr\u00f8nland er:<\/p>\n<ul class=\"wp-block-list\">\n<li>\u2013 Ikke norsk,<\/li>\n<li>\u2013 Ikke amerikansk,<\/li>\n<li>\u2013 Ikke dansk eiendom i moralsk forstand.<\/li>\n<\/ul>\n<p>Gr\u00f8nland er gr\u00f8nlendernes land.<\/p>\n<p>USAs utspill om Gr\u00f8nland avsl\u00f8rer ikke styrke, men imperial arroganse. Samme tankegang som Washington kritiserer hos andre stormakter, brukes uten skam n\u00e5r egne interesser st\u00e5r p\u00e5 spill.<\/p>\n<p>Det er ikke Russland eller Kina som truer Gr\u00f8nlands selvbestemmelse. Det er ideen om at sm\u00e5 folk og store ressurser alltid m\u00e5 underordnes imperier.<\/p>\n<p>Og den ideen b\u00f8r begraves \u2013 permanent.<\/p>\n<p>Vi skrev i 2019:<\/p>\n<blockquote class=\"twitter-tweet\" data-width=\"550\" data-dnt=\"true\">\n<p lang=\"en\" dir=\"ltr\">Denmark and the US will form a high-level working group to talk about the future of Greenland.  Danish Foreign Minister Lars Lokke Rasmussen says there is a &laquo;fundamental disagreement&raquo; with the Trump administration. He speaks in Washington <a href=\"https:\/\/t.co\/aVoLfJCnCN\" rel=\"nofollow\">https:\/\/t.co\/aVoLfJCnCN<\/a> <a href=\"https:\/\/t.co\/4HebxjYpT3\" rel=\"nofollow\">pic.twitter.com\/4HebxjYpT3<\/a><\/p>\n<p>\u2014 Bloomberg TV (@BloombergTV) <a href=\"https:\/\/twitter.com\/BloombergTV\/status\/2011574921156083886?ref_src=twsrc%5Etfw\" rel=\"nofollow noopener\" target=\"_blank\">January 14, 2026<\/a><\/p><\/blockquote>\n<p>        <script async src=\"https:\/\/platform.twitter.com\/widgets.js\" charset=\"utf-8\"><\/script><\/p>\n","protected":false},"excerpt":{"rendered":"Demonstrasjon i forbindelse med bes\u00f8ket til visepresident JD Vance i K\u00f8benhavn i mars 2025. Historisk rett, kolonial arv&hellip;\n","protected":false},"author":2,"featured_media":138869,"comment_status":"","ping_status":"","sticky":false,"template":"","format":"standard","meta":{"footnotes":""},"categories":[12],"tags":[20,21,24,25,15,22,23,13,30,28,29,14,16,26,27,42,43,44,45],"class_list":{"0":"post-138868","1":"post","2":"type-post","3":"status-publish","4":"format-standard","5":"has-post-thumbnail","7":"category-verden","8":"tag-breaking-news","9":"tag-breakingnews","10":"tag-featured-news","11":"tag-featurednews","12":"tag-headlines","13":"tag-latest-news","14":"tag-latestnews","15":"tag-news","16":"tag-no","17":"tag-norge","18":"tag-norway","19":"tag-nyheter","20":"tag-overskrifter","21":"tag-top-stories","22":"tag-topstories","23":"tag-verden","24":"tag-world","25":"tag-world-news","26":"tag-worldnews"},"share_on_mastodon":{"url":"https:\/\/pubeurope.com\/@no\/115903369361330412","error":""},"_links":{"self":[{"href":"https:\/\/www.europesays.com\/no\/wp-json\/wp\/v2\/posts\/138868","targetHints":{"allow":["GET"]}}],"collection":[{"href":"https:\/\/www.europesays.com\/no\/wp-json\/wp\/v2\/posts"}],"about":[{"href":"https:\/\/www.europesays.com\/no\/wp-json\/wp\/v2\/types\/post"}],"author":[{"embeddable":true,"href":"https:\/\/www.europesays.com\/no\/wp-json\/wp\/v2\/users\/2"}],"replies":[{"embeddable":true,"href":"https:\/\/www.europesays.com\/no\/wp-json\/wp\/v2\/comments?post=138868"}],"version-history":[{"count":0,"href":"https:\/\/www.europesays.com\/no\/wp-json\/wp\/v2\/posts\/138868\/revisions"}],"wp:featuredmedia":[{"embeddable":true,"href":"https:\/\/www.europesays.com\/no\/wp-json\/wp\/v2\/media\/138869"}],"wp:attachment":[{"href":"https:\/\/www.europesays.com\/no\/wp-json\/wp\/v2\/media?parent=138868"}],"wp:term":[{"taxonomy":"category","embeddable":true,"href":"https:\/\/www.europesays.com\/no\/wp-json\/wp\/v2\/categories?post=138868"},{"taxonomy":"post_tag","embeddable":true,"href":"https:\/\/www.europesays.com\/no\/wp-json\/wp\/v2\/tags?post=138868"}],"curies":[{"name":"wp","href":"https:\/\/api.w.org\/{rel}","templated":true}]}}