{"id":138870,"date":"2026-01-16T06:30:09","date_gmt":"2026-01-16T06:30:09","guid":{"rendered":"https:\/\/www.europesays.com\/no\/138870\/"},"modified":"2026-01-16T06:30:09","modified_gmt":"2026-01-16T06:30:09","slug":"krim-ulykker-og-hendelser-fyll-utforkjoring-og-mer-campingbrak","status":"publish","type":"post","link":"https:\/\/www.europesays.com\/no\/138870\/","title":{"rendered":"Krim, Ulykker og hendelser | Fyll, utforkj\u00f8ring \u2013 og mer campingbr\u00e5k"},"content":{"rendered":"\n<p>Det har v\u00e6rt en del styr p\u00e5 campingplassen i Levanger den siste tiden. Sent torsdag kveld rykket politiet igjen ut til Moan camping, etter melding om br\u00e5k fra en campingvogn.<\/p>\n<p>Ved politiets ankomst hadde situasjonen roet seg. Patruljen ble m\u00f8tt av tre berusede personer som hadde hatt en uoverensstemmelse.<\/p>\n<p>\u2013 Alle tre hadde egne campingvogner p\u00e5 stedet og de dro hver til sitt. De skulle ordne opp seg imellom n\u00e5r de hadde blitt edru, opplyser operasjonsleder Einar Larsen R\u00f8stum i Tr\u00f8ndelag politidistrikt.<\/p>\n<p>Tre hendelser p\u00e5 kort tid<\/p>\n<p>De involverte er i 40 og 50 \u00e5rene.<\/p>\n<p>Senest i helgen ble det meldt om sl\u00e5ssing p\u00e5 campingen \u2013 og i slutten av oktober registrerte Tr\u00f8nder-Avisa ogs\u00e5 en voldshendelse p\u00e5 stedet.<\/p>\n<p>  <a href=\"https:\/\/www.t-a.no\/5-116-2285899\" class=\"related-teaser has-image default-story-teaser article--c-eRUmMG article--c-eRUmMG-jKCPdD-design-default\" rel=\"nofollow noopener\" target=\"_blank\"><\/p>\n<p>    <img decoding=\"async\" loading=\"lazy\"  src=\"https:\/\/www.europesays.com\/no\/wp-content\/uploads\/2026\/01\/1768545008_864_IMG_3480_1.jpeg\" alt=\"\" class=\"brick-c-cFOWSL\" style=\"\"\/><\/p>\n<p>\n            Les ogs\u00e5<\/p>\n<p>              Tre vogntog i ulykke p\u00e5 E6: \u2013 Sv\u00e6rt glatt\n        <\/p>\n<p>  <\/a><\/p>\n<p>  <a href=\"https:\/\/www.t-a.no\/5-116-2240460\" class=\"related-teaser default-story-teaser article--c-eRUmMG article--c-eRUmMG-jKCPdD-design-default article--c-eRUmMG-kpKLOW-cv\" rel=\"nofollow noopener\" target=\"_blank\"><\/p>\n<p>\n            Les ogs\u00e5<\/p>\n<p>              Vinglet p\u00e5 E6 \u2013 tatt etter tips\n        <\/p>\n<p>  <\/a><br \/>\n  Havnet i fyllearresten<\/p>\n<p>Klokken 23.26 torsdag kveld m\u00e5tte politiet ta turen til Radisson Blue Hotel p\u00e5 V\u00e6rnes etter melding om en overstadig beruset person p\u00e5 stedet.<\/p>\n<p>\u2013 En mann i 50 \u00e5rene er innbragt til drukkenskapsarresten, sier R\u00f8stum. Mannen blir i arresten til han blir edru.<\/p>\n<p>Utforkj\u00f8ring i Lierne<\/p>\n<p>Like f\u00f8r midnatt, klokken 2353, rykket politiet ut til Litl-Tunnsj\u00f8en i Lierne kommune, etter melding om en bil som hadde kj\u00f8rt av veien.<\/p>\n<p>\u2013 Bilen hadde materielle skader og var ikke kj\u00f8rbar etter utforkj\u00f8ringen. F\u00f8rer av bilen var uskadet, opplyser R\u00f8stum.<\/p>\n<p>Politipatruljen bisto med \u00e5 kj\u00f8re f\u00f8rer av bilen til Grong hvor han fikk ta toget videre p\u00e5 sin ferd.<\/p>\n<p>Regn i kveld<\/p>\n<p>P\u00e5 Innherred er det ventet en mild dag. Temperaturen kan n\u00e5 tre plussgrader, og i ettermiddag og kveld kan det komme noen regndr\u00e5per.<\/p>\n<p>Yrs tekstvarsel for Tr\u00f8ndelag lyder slik: S\u00f8r og s\u00f8r\u00f8st liten kuling utsatte steder, i kveld dreiende s\u00f8rvest p\u00e5 kysten i s\u00f8r. Skyet eller delvis skyet. For det meste oppholdsv\u00e6r. Fra i ettermiddag litt sludd eller sn\u00f8 i indre str\u00f8k, i kveld ogs\u00e5 i ytre str\u00f8k, nedb\u00f8r som regn i lavlandet i ytre str\u00f8k.<\/p>\n<p>    Trafikken g\u00e5r som normalt<\/p>\n<p>Trafikken ser ut til \u00e5 flyte fint p\u00e5 veiene p\u00e5 Innherred fredag morgen. Vegtrafikksentralen har ingen nye meldinger. Men v\u00e6r obs: V\u00e6romslaget kan f\u00f8re til glatte veger utover dagen.<\/p>\n<p>Slik ser det ut p\u00e5 vegene i v\u00e5rt omr\u00e5de akkurat n\u00e5:<\/p>\n<p>Dette er status p\u00e5 flytrafikken p\u00e5 V\u00e6rnes:<\/p>\n<p>    Fortsatt dyr str\u00f8m<\/p>\n<p>Etter en ordentlig topp torsdag ettermiddag er str\u00f8mprisen lavere \u2013 men fortsatt h\u00f8y fredag.<\/p>\n<p>    P\u00e5 T-A.no<\/p>\n<p>Her er noe av det du kan lese om p\u00e5 Tr\u00f8nder-Avisas nettsider fredag:<\/p>\n<p>Onsdag formiddag bekreftet politiet i en pressemelding at huseieren er siktet etter brannen i Verdal. N\u00e5 g\u00e5r forsvareren ut mot ryktene.<\/p>\n<p>  <a href=\"https:\/\/www.t-a.no\/5-116-2288449\" class=\"related-teaser has-image default-story-teaser article--c-eRUmMG article--c-eRUmMG-jKCPdD-design-default\" rel=\"nofollow noopener\" target=\"_blank\"><\/p>\n<p>    <img decoding=\"async\" loading=\"lazy\"  src=\"https:\/\/www.europesays.com\/no\/wp-content\/uploads\/2026\/01\/Kopi+av+Montasje+to+bilder.jpg\" alt=\"\" class=\"brick-c-cFOWSL\" style=\"\"\/><\/p>\n<p>\n            Les ogs\u00e5<\/p>\n<p>              Rykter: \u2013 Sv\u00e6rt uheldig\n        <\/p>\n<p>  <\/a><\/p>\n<p>Kritikken har haglet og antall parkeringsb\u00f8ter har \u00f8kt kraftig. Men butikkdrivere i sentrum er storforn\u00f8yde med den nye parkeringsordningen.<\/p>\n<p>  <a href=\"https:\/\/www.t-a.no\/5-116-2286315\" class=\"related-teaser has-image default-story-teaser article--c-eRUmMG article--c-eRUmMG-jKCPdD-design-default\" rel=\"nofollow noopener\" target=\"_blank\"><\/p>\n<p>    <img decoding=\"async\" loading=\"lazy\"  src=\"https:\/\/www.europesays.com\/no\/wp-content\/uploads\/2026\/01\/TJFkriz.JPG\" alt=\"\" class=\"brick-c-cFOWSL\" style=\"\"\/><\/p>\n<p>\n            Les ogs\u00e5<\/p>\n<p>              Dobbelt s\u00e5 mange b\u00f8ter \u2013 men butikk-drivere jubler\n        <\/p>\n<p>  <\/a><\/p>\n<p>  <a data-static=\"\" href=\"#skip-\" class=\"brick-c-fgNmNC\">Hopp over karusellen.<\/a><\/p>\n<p data-static=\"\" class=\"brick-c-fgNmNC\" id=\"carousel-title-\">Innholdskarusell med 6 artikler.<\/p>\n<ul data-static=\"\" aria-label=\"Navigasjon for innholdskarusell\" class=\"carousel-nav\">\n<li>\n<\/li>\n<li>\n<\/li>\n<\/ul>\n","protected":false},"excerpt":{"rendered":"Det har v\u00e6rt en del styr p\u00e5 campingplassen i Levanger den siste tiden. Sent torsdag kveld rykket politiet&hellip;\n","protected":false},"author":2,"featured_media":3842,"comment_status":"","ping_status":"","sticky":false,"template":"","format":"standard","meta":{"footnotes":""},"categories":[10],"tags":[36,20,21,24,25,15,983,22,23,13,30,28,29,14,16,782,1510,26,27,941],"class_list":{"0":"post-138870","1":"post","2":"type-post","3":"status-publish","4":"format-standard","5":"has-post-thumbnail","7":"category-norge","8":"tag-art","9":"tag-breaking-news","10":"tag-breakingnews","11":"tag-featured-news","12":"tag-featurednews","13":"tag-headlines","14":"tag-krim","15":"tag-latest-news","16":"tag-latestnews","17":"tag-news","18":"tag-no","19":"tag-norge","20":"tag-norway","21":"tag-nyheter","22":"tag-overskrifter","23":"tag-politiloggen","24":"tag-story","25":"tag-top-stories","26":"tag-topstories","27":"tag-ulykker-og-hendelser"},"share_on_mastodon":{"url":"https:\/\/pubeurope.com\/@no\/115903373270273546","error":""},"_links":{"self":[{"href":"https:\/\/www.europesays.com\/no\/wp-json\/wp\/v2\/posts\/138870","targetHints":{"allow":["GET"]}}],"collection":[{"href":"https:\/\/www.europesays.com\/no\/wp-json\/wp\/v2\/posts"}],"about":[{"href":"https:\/\/www.europesays.com\/no\/wp-json\/wp\/v2\/types\/post"}],"author":[{"embeddable":true,"href":"https:\/\/www.europesays.com\/no\/wp-json\/wp\/v2\/users\/2"}],"replies":[{"embeddable":true,"href":"https:\/\/www.europesays.com\/no\/wp-json\/wp\/v2\/comments?post=138870"}],"version-history":[{"count":0,"href":"https:\/\/www.europesays.com\/no\/wp-json\/wp\/v2\/posts\/138870\/revisions"}],"wp:featuredmedia":[{"embeddable":true,"href":"https:\/\/www.europesays.com\/no\/wp-json\/wp\/v2\/media\/3842"}],"wp:attachment":[{"href":"https:\/\/www.europesays.com\/no\/wp-json\/wp\/v2\/media?parent=138870"}],"wp:term":[{"taxonomy":"category","embeddable":true,"href":"https:\/\/www.europesays.com\/no\/wp-json\/wp\/v2\/categories?post=138870"},{"taxonomy":"post_tag","embeddable":true,"href":"https:\/\/www.europesays.com\/no\/wp-json\/wp\/v2\/tags?post=138870"}],"curies":[{"name":"wp","href":"https:\/\/api.w.org\/{rel}","templated":true}]}}