{"id":138871,"date":"2026-01-16T06:31:08","date_gmt":"2026-01-16T06:31:08","guid":{"rendered":"https:\/\/www.europesays.com\/no\/138871\/"},"modified":"2026-01-16T06:31:08","modified_gmt":"2026-01-16T06:31:08","slug":"en-okende-tendens-stor-oslo","status":"publish","type":"post","link":"https:\/\/www.europesays.com\/no\/138871\/","title":{"rendered":"\u2013 En \u00f8kende tendens \u2013 Stor-Oslo"},"content":{"rendered":"<p>I starten av januar ble en mann stansa for \u00e5 ha kj\u00f8rt mot kj\u00f8reretninga p\u00e5 Gr\u00f8nland i Oslo.<\/p>\n<p>Mannen var p\u00e5 vei for \u00e5 levere mat for Wolt da han ble stoppa av en politipatrulje.<\/p>\n<p>\u2013 De gjorde unders\u00f8kelser om hvorvidt vedkommende hadde gyldig arbeidstillatelse i Norge, sier leder Rune Solberg Swahn for utlendingsenheten i Oslo politidistrikt.<\/p>\n<p>Det hadde han ikke.<\/p>\n<p>\u2013 Personen var fra et nordafrikansk land. Han hadde oppholdstillatelse i Romania, men ikke arbeidstillatelse i Norge, sier Swahn.<\/p>\n<p><strong>N\u00e5 er han utvist. Og han er ikke den eneste.<\/strong><\/p>\n<p>    <img decoding=\"async\" class=\"dh-video-videoLoop__fallbackImage\" src=\"https:\/\/www.europesays.com\/no\/wp-content\/uploads\/2026\/01\/c0c31009-d281-4d46-8310-09d281ad46d7_360.jpg\" alt=\"\"\/><video preload=\"none\" muted=\"\" poster=\"https:\/\/www.europesays.com\/no\/wp-content\/uploads\/2026\/01\/c0c31009-d281-4d46-8310-09d281ad46d7_360.jpg\" style=\"--poster:url(https:\/\/www.europesays.com\/no\/wp-content\/uploads\/2026\/01\/c0c31009-d281-4d46-8310-09d281ad46d7_360.jpg);\"><\/video><img decoding=\"async\" class=\"dh-video-videoLoop__fallbackImage\" src=\"https:\/\/www.europesays.com\/no\/wp-content\/uploads\/2026\/01\/c0c31009-d281-4d46-8310-09d281ad46d7_720.jpg\" alt=\"\"\/><video preload=\"none\" muted=\"\" poster=\"https:\/\/www.europesays.com\/no\/wp-content\/uploads\/2026\/01\/c0c31009-d281-4d46-8310-09d281ad46d7_720.jpg\" style=\"--poster:url(https:\/\/www.europesays.com\/no\/wp-content\/uploads\/2026\/01\/c0c31009-d281-4d46-8310-09d281ad46d7_720.jpg);\"><\/video><img decoding=\"async\" class=\"dh-video-videoLoop__fallbackImage\" src=\"https:\/\/www.europesays.com\/no\/wp-content\/uploads\/2026\/01\/c0c31009-d281-4d46-8310-09d281ad46d7_1080.jpg\" alt=\"\"\/><video preload=\"none\" muted=\"\" poster=\"https:\/\/www.europesays.com\/no\/wp-content\/uploads\/2026\/01\/c0c31009-d281-4d46-8310-09d281ad46d7_1080.jpg\" style=\"--poster:url(https:\/\/www.europesays.com\/no\/wp-content\/uploads\/2026\/01\/c0c31009-d281-4d46-8310-09d281ad46d7_1080.jpg);\"><\/video><\/p>\n<p>Mannen kj\u00f8rte mot kj\u00f8reretninga i denne gata da han ble stoppa av politiet.<\/p>\n<p>Foto: B\u00e5rd Nafstad<\/p>\n<p>Tilbake i Romania<\/p>\n<p>For saken stoppa ikke der. Etter videre unders\u00f8kelser fant politiet tre personer til i samme situasjon. Alle fra samme land i Nord-Afrika. Alle med rumensk oppholdstillatelse, som gj\u00f8r at de kan reise til Norge. Men uten rett til \u00e5 jobbe her.<\/p>\n<p><strong>De har jobba for og levert mat for Wolt via andres konto, tror politiet. To av dem ble tatt i samme bil, og jobba for den samme kontoen.<\/strong><\/p>\n<p>\u2013 Det er et nordafrikansk kj\u00f8relag som jobber for noen andre, for at de skal tjene penger. Det er det vi tror vi ser her.<\/p>\n<p><img decoding=\"async\"   src=\"data:image\/gif;base64,R0lGODlhAQABAIAAAAAAAP\/\/\/yH5BAEAAAAALAAAAAABAAEAAAIBRAA7\" loading=\"eager\" alt=\"En mann i politiuniform\" title=\"Foto: B\u00e5rd Nafstad \/ NRK\"\/><\/p>\n<p class=\"\">Rune Solberg Swahn er leder for utlendingsenheten i Oslo politidistrikt. Han sier de ser en \u00f8kning i matbud som jobber ulovlig.<\/p>\n<p>Foto: B\u00e5rd Nafstad \/ NRK<\/p>\n<p>\u2013 En av disse hadde jo bare p\u00e5 fire-fem dager 222 matutleveringer p\u00e5 Wolt-brukeren han brukte.<\/p>\n<p>Alle de fire er utvist fra landet. En av dem &#8211; mannen som ble stoppa p\u00e5 Gr\u00f8nland &#8211; er tvangsreturnert. De andre m\u00e5tte forlate landet n\u00e5 i januar, og politiet har mottatt bildebevis p\u00e5 at de er tilbake i Romania.<\/p>\n<p>Tre av de fire f\u00e5r ogs\u00e5 innreiseforbud til Norge i to \u00e5r.<\/p>\n<p>Wolt er takknemlige for at budene er blitt utvist. Se selskapets svar <a href=\"#Tilsvar\">lenger ned i saken<\/a><\/p>\n<p>Ulovlig arbeid<\/p>\n<p>I fjor skrev NRK at politiet mistenker at kriminelle st\u00e5r for en <a href=\"https:\/\/www.nrk.no\/stor-oslo\/mener-at-rumenske-kriminelle-organiserer-foodora--og-woltbud-i-oslo-1.17413912\" ec-id=\"pp:article:1.17413912\" ec-name=\"organisert \u00abimport\u00bb av matbud til Oslo\" rel=\"nofollow noopener\" target=\"_blank\">organisert \u00abimport\u00bb av matbud til Oslo<\/a>.<\/p>\n<p><strong>De mistenkte at flere var utsatt for l\u00f8nnstyveri og kanskje til og med menneskehandel.<\/strong><\/p>\n<p><a href=\"https:\/\/www.nrk.no\/stor-oslo\/_alexandru_-jobba-15-timer-i-dognet-som-bud-i-oslo_-_-en-person-i-romania-som-styrte-alt-1.17427747\" ec-id=\"pp:article:1.17427747\" ec-name=\"NRK intervjua \u00abAlexandru\u00bb\" rel=\"nofollow noopener\" target=\"_blank\">NRK intervjua \u00abAlexandru\u00bb<\/a>, en rumensk mann som var henta hit av bakmenn i hjemlandet.<\/p>\n<p>N\u00e5, et halvt \u00e5r etter, ser politiet en lignende utvikling. Men n\u00e5 er de som blir henta hit ikke rumenere, men gjerne innvandrere fra land utenfor EU.<\/p>\n<p>Det typiske er at en som har rett til \u00e5 jobbe i Norge &#8211; for eksempel en E\u00d8S-borger &#8211; l\u00e5ner ut eller selger Wolt- og Foodora-brukeren sin til andre.<\/p>\n<p>\u2013 Et eksempel er en rumensk borger som kan jobbe her helt lovlig. Som oppretter en konto og selger eller l\u00e5ner ut den kontoen til en borger fra Nord-Afrika, for eksempel, sier Swahn.<\/p>\n<p>Ber om innstramming<\/p>\n<p>Og tallet g\u00e5r ikke ned, men opp.<\/p>\n<p><strong>\u2013 I det siste synes vi i Oslo politidistrikt \u00e5 ha sett en trend med \u00f8kende ulovlig arbeid i matbudbransjen, sier Swahn.<\/strong><\/p>\n<p>Utviklinga skjer til tross for at <a href=\"https:\/\/www.nrk.no\/stor-oslo\/slik-vil-matleveringsappene-wolt-og-foodora-stoppe-de-kriminelle-aktorene-1.17659369\" ec-id=\"pp:article:1.17659369\" ec-name=\"bud-bransjen har tatt flere grep\" rel=\"nofollow noopener\" target=\"_blank\">bud-bransjen har tatt flere grep<\/a>.<\/p>\n<p>\u2013 Har da tiltakene ikke fungert? <\/p>\n<p>\u2013 De virker, men det er dessverre ikke tilstrekkelig til \u00e5 l\u00f8se utfordringa, sier Swahn.<\/p>\n<p>Han foresl\u00e5r mer bruk av ansiktsgjenkjenning i appene som et mulig grep.<\/p>\n<p>\u2013 Og s\u00e5 kan man jo se p\u00e5 andre tiltak p\u00e5 samfunnsniv\u00e5 og hvordan hele bransjen er regulert.<\/p>\n<p>Han understreker at de ikke har noen holdepunkter for \u00e5 tro at de fire som nylig ble utvist har blitt utnytta eller er ofre for menneskehandel.<\/p>\n<p><a id=\"Tilsvar\" name=\"Tilsvar\"\/>\u2013 Glade for at politiet sjekker<\/p>\n<p>Kommunikasjonssjef Christian Kamhaug i Wolt er glade for politiets aksjon.<\/p>\n<p>\u2013 De sjekkene som politiet gj\u00f8r, syns vi er supre, sier han.<\/p>\n<p>Kamhaug sier de jobber sammen med politiet, og straks utestenger kontoer som misbrukes p\u00e5 denne m\u00e5ten.<\/p>\n<p><img decoding=\"async\"   src=\"data:image\/gif;base64,R0lGODlhAQABAIAAAAAAAP\/\/\/yH5BAEAAAAALAAAAAABAAEAAAIBRAA7\" loading=\"eager\" alt=\"En skalla mann med skjegg smiler mot kameraet. Det er Christian Kamhaug, kommunikasjonssjef i Wolt. Han har p\u00e5 seg svart t-skjorte med firmaets logo og p\u00e5 veggen bak ser man deler av Wolts logo.\" title=\"Foto: Jenny Dahl Bakken \/ NRK\"\/><\/p>\n<p class=\"\">\u2013 Det er et lite mindretall som er kjeltringene som \u00f8delegger. Og de skal vi gj\u00f8re alt vi kan for \u00e5 f\u00e5 ut, sier Christian Kamhaug i Wolt.\n<\/p>\n<p>Foto: Jenny Dahl Bakken \/ NRK<\/p>\n<p>De har krav om b\u00e5de arbeidstillatelse og oppholdstillatelse for sine bud, understreker han.<\/p>\n<p><strong>\u2013 Vi har rutiner p\u00e5 plass, vi gj\u00f8r ID -sjekker. Men vi er ogs\u00e5 glade for at politiet sjekker ute p\u00e5 gata, og kan avsl\u00f8re der hvor det finnes juks.<\/strong><\/p>\n<p>Ansiktsgjenkjenning, som Swahn etterlyser, brukes allerede, sier Kamhaug.<\/p>\n<p>\u2013 Vi har jevnlig \u00f8kt antallet ganger vi ber folk ta ansiktsbilde for \u00e5 identifisere seg, sier han. Og understreker at de som misbruker Wolts kontoer er et lite mindretall.<\/p>\n<p>\u2013 S\u00e5 vi m\u00e5 passe p\u00e5 at vi ikke, for \u00e5 ta en liten gruppe med kjeltringer, gj\u00f8r arbeidsdagen veldig vanskelig for alle de andre som er lovlydige og flinke.<\/p>\n<p>Publisert<\/p>\n<p>16.01.2026, kl. 06.00<\/p>\n","protected":false},"excerpt":{"rendered":"I starten av januar ble en mann stansa for \u00e5 ha kj\u00f8rt mot kj\u00f8reretninga p\u00e5 Gr\u00f8nland i Oslo.&hellip;\n","protected":false},"author":2,"featured_media":138872,"comment_status":"","ping_status":"","sticky":false,"template":"","format":"standard","meta":{"footnotes":""},"categories":[5],"tags":[20,21,24,25,15,19,22,23,17,18,13,30,28,29,14,16,26,27],"class_list":{"0":"post-138871","1":"post","2":"type-post","3":"status-publish","4":"format-standard","5":"has-post-thumbnail","7":"category-overskrifter","8":"tag-breaking-news","9":"tag-breakingnews","10":"tag-featured-news","11":"tag-featurednews","12":"tag-headlines","13":"tag-hovedoppslag","14":"tag-latest-news","15":"tag-latestnews","16":"tag-main-news","17":"tag-mainnews","18":"tag-news","19":"tag-no","20":"tag-norge","21":"tag-norway","22":"tag-nyheter","23":"tag-overskrifter","24":"tag-top-stories","25":"tag-topstories"},"share_on_mastodon":{"url":"https:\/\/pubeurope.com\/@no\/115903377165881089","error":""},"_links":{"self":[{"href":"https:\/\/www.europesays.com\/no\/wp-json\/wp\/v2\/posts\/138871","targetHints":{"allow":["GET"]}}],"collection":[{"href":"https:\/\/www.europesays.com\/no\/wp-json\/wp\/v2\/posts"}],"about":[{"href":"https:\/\/www.europesays.com\/no\/wp-json\/wp\/v2\/types\/post"}],"author":[{"embeddable":true,"href":"https:\/\/www.europesays.com\/no\/wp-json\/wp\/v2\/users\/2"}],"replies":[{"embeddable":true,"href":"https:\/\/www.europesays.com\/no\/wp-json\/wp\/v2\/comments?post=138871"}],"version-history":[{"count":0,"href":"https:\/\/www.europesays.com\/no\/wp-json\/wp\/v2\/posts\/138871\/revisions"}],"wp:featuredmedia":[{"embeddable":true,"href":"https:\/\/www.europesays.com\/no\/wp-json\/wp\/v2\/media\/138872"}],"wp:attachment":[{"href":"https:\/\/www.europesays.com\/no\/wp-json\/wp\/v2\/media?parent=138871"}],"wp:term":[{"taxonomy":"category","embeddable":true,"href":"https:\/\/www.europesays.com\/no\/wp-json\/wp\/v2\/categories?post=138871"},{"taxonomy":"post_tag","embeddable":true,"href":"https:\/\/www.europesays.com\/no\/wp-json\/wp\/v2\/tags?post=138871"}],"curies":[{"name":"wp","href":"https:\/\/api.w.org\/{rel}","templated":true}]}}