{"id":138877,"date":"2026-01-16T06:38:11","date_gmt":"2026-01-16T06:38:11","guid":{"rendered":"https:\/\/www.europesays.com\/no\/138877\/"},"modified":"2026-01-16T06:38:11","modified_gmt":"2026-01-16T06:38:11","slug":"verdal-levanger-varsler-trondersk-industrieventyr-krever-stans-i-koreansk-vapenkjop-tronder-avisa","status":"publish","type":"post","link":"https:\/\/www.europesays.com\/no\/138877\/","title":{"rendered":"Verdal, Levanger | Varsler tr\u00f8ndersk industrieventyr \u2013 krever stans i koreansk v\u00e5penkj\u00f8p &#8211; Tr\u00f8nder-Avisa"},"content":{"rendered":"<ol>\n<li><a href=\"https:\/\/news.google.com\/rss\/articles\/CBMipAFBVV95cUxPYjVEczZCSHlMdVpHeVJNRkNSNENIa2lHWWJFdDBtVE1UQ1l3ektSbmJIdWlhc2dLNnd5ejVfeVRqXzNVeDN6bWNfNGh5Z2h6WmZ1UjJMSll0QVVvbWV4YmsyMnVob3dCSV8zT0JuSXRENl9VTDM5WXlvS3RvZzFOenN6ZC1rbHhVV095Wnd1bGROMTRzdGtWeVZTTUxvWDVHMVpmMA?oc=5\" target=\"_blank\" rel=\"nofollow noopener\">Verdal, Levanger | Varsler tr\u00f8ndersk industrieventyr \u2013 krever stans i koreansk v\u00e5penkj\u00f8p<\/a>&nbsp;&nbsp;Tr\u00f8nder-Avisa<\/li>\n<li><a href=\"https:\/\/news.google.com\/rss\/articles\/CBMi3AFBVV95cUxQcjF2N2JBLWt4SU00YjFmaHktak1FS0xPaUd2Z3JrNmhzeUxJVk1ybk94UFNDeGh5ZkNOQVhpcUlDeS1oTkstUFIzbmF4MXp4bzZFZ1JKd29iOGtlMExSSG5WMkJ2VGJ3NDlqRG4tVW5xbkVoSXozRjZOYzRfRmRmRlQ4eE02em1GTlkwT1RTMk1wQWRJWThLZzBEVXN1ekY1YzkycVFRQWlSR2FIMnE3ck1BZFl2OXlwaWQwMlJKbE1qSkRGQ3Y4WURHLVVzNzNPeUZHb3NYR2RfR3BI?oc=5\" target=\"_blank\" rel=\"nofollow noopener\">MDG sikrer flertall for kj\u00f8p av koreanske raketter: \u2013 Forsvarspolitikk er ikke distriktspolitikk<\/a>&nbsp;&nbsp;adressa.no<\/li>\n<li><a href=\"https:\/\/news.google.com\/rss\/articles\/CBMipAFBVV95cUxOLVozRUFpMi1TMXBPZ3Z2RUxJc19FV2FzOGQwZ3ZPM1hjcUxYTGd6S0ROOVhCNEh5TkgxWlZENXpuU3RDZ1hOcGoySXE2b1NkWW9KaDV5TmtXTFlQalJVOGdYTkRlWm52d09aanZDZmVUMUFHZXFjUS1tTjV4LUxkNVBFS1ZNcmRMdWlpRUlielBNRy1SUmMtTjNra2phclZlMHJDMA?oc=5\" target=\"_blank\" rel=\"nofollow noopener\">Et \u00e5pent sikkerhetspolitisk s\u00e5r<\/a>&nbsp;&nbsp;ABC Nyheter<\/li>\n<li><a href=\"https:\/\/news.google.com\/rss\/articles\/CBMiywFBVV95cUxNM3ZZOUMycFZ3QjdDN043SXZJaUN1eUZOS1gwLWszdnpiSlNJM0VCSUVEZ2l0VHgyZWIxOWhFWVhXMFQxWHBKajdhUU1xZkFlNktZdnBDN05qTk5rRjNVWlMycVJUVU1EMXJoUEVjTldwNFNNWkYteUVBM0dGNHVqMVRCcEFLV3h1WHlQZmpIVURQMXZaQi1WZnZoT1R0V0ZCZTgtaWxnNDNRamU4RTBIMGRfNDdQX1NIeWN2STNhQ0ZLWEg4empFZXVFdw?oc=5\" target=\"_blank\" rel=\"nofollow noopener\">Strid p\u00e5 Stortinget om kj\u00f8p av koreanske raketter: \u2013 Altfor s\u00e5rbart<\/a>&nbsp;&nbsp;MSN<\/li>\n<li><a href=\"https:\/\/news.google.com\/rss\/articles\/CBMiowFBVV95cUxOaktQbGN3aXBCVlJkWTlSUmV6XzROQWd5Q3dPZ1hSeE5Td1lsaGhfSVA2ckF6RDZIZWdUd2FPcHBJT2hfVE9faFZicnNNR1haMk1xZ1NRajBvYWN4NDlzeUVMYzM2a2xnSm5CZnlYMmRWQ3htRzNXS1VZRGZvWWY0RzV2emNnQWotR0NYblExOHVrT0RoX1JBclJuTTJBenRpMkIw?oc=5\" target=\"_blank\" rel=\"nofollow noopener\">Forsvaret, N\u00e6ringsliv | Milliardkamp om nytt superv\u00e5pen: 150 lokale arbeidsplasser i potten<\/a>&nbsp;&nbsp;Tr\u00f8nder-Avisa<\/li>\n<\/ol>\n","protected":false},"excerpt":{"rendered":"Verdal, Levanger | Varsler tr\u00f8ndersk industrieventyr \u2013 krever stans i koreansk v\u00e5penkj\u00f8p&nbsp;&nbsp;Tr\u00f8nder-Avisa MDG sikrer flertall for kj\u00f8p av&hellip;\n","protected":false},"author":2,"featured_media":138878,"comment_status":"","ping_status":"","sticky":false,"template":"","format":"standard","meta":{"footnotes":""},"categories":[10],"tags":[20,21,24,25,15,22,23,13,30,28,29,14,16,26,27],"class_list":{"0":"post-138877","1":"post","2":"type-post","3":"status-publish","4":"format-standard","5":"has-post-thumbnail","7":"category-norge","8":"tag-breaking-news","9":"tag-breakingnews","10":"tag-featured-news","11":"tag-featurednews","12":"tag-headlines","13":"tag-latest-news","14":"tag-latestnews","15":"tag-news","16":"tag-no","17":"tag-norge","18":"tag-norway","19":"tag-nyheter","20":"tag-overskrifter","21":"tag-top-stories","22":"tag-topstories"},"share_on_mastodon":{"url":"https:\/\/pubeurope.com\/@no\/115903404514585877","error":""},"_links":{"self":[{"href":"https:\/\/www.europesays.com\/no\/wp-json\/wp\/v2\/posts\/138877","targetHints":{"allow":["GET"]}}],"collection":[{"href":"https:\/\/www.europesays.com\/no\/wp-json\/wp\/v2\/posts"}],"about":[{"href":"https:\/\/www.europesays.com\/no\/wp-json\/wp\/v2\/types\/post"}],"author":[{"embeddable":true,"href":"https:\/\/www.europesays.com\/no\/wp-json\/wp\/v2\/users\/2"}],"replies":[{"embeddable":true,"href":"https:\/\/www.europesays.com\/no\/wp-json\/wp\/v2\/comments?post=138877"}],"version-history":[{"count":0,"href":"https:\/\/www.europesays.com\/no\/wp-json\/wp\/v2\/posts\/138877\/revisions"}],"wp:featuredmedia":[{"embeddable":true,"href":"https:\/\/www.europesays.com\/no\/wp-json\/wp\/v2\/media\/138878"}],"wp:attachment":[{"href":"https:\/\/www.europesays.com\/no\/wp-json\/wp\/v2\/media?parent=138877"}],"wp:term":[{"taxonomy":"category","embeddable":true,"href":"https:\/\/www.europesays.com\/no\/wp-json\/wp\/v2\/categories?post=138877"},{"taxonomy":"post_tag","embeddable":true,"href":"https:\/\/www.europesays.com\/no\/wp-json\/wp\/v2\/tags?post=138877"}],"curies":[{"name":"wp","href":"https:\/\/api.w.org\/{rel}","templated":true}]}}