{"id":13888,"date":"2025-08-21T06:51:11","date_gmt":"2025-08-21T06:51:11","guid":{"rendered":"https:\/\/www.europesays.com\/no\/13888\/"},"modified":"2025-08-21T06:51:11","modified_gmt":"2025-08-21T06:51:11","slug":"kvaefjord-sport-venter-storinnrykk-hadde-aldri-trodd-det-skulle-bli-over-hundre","status":"publish","type":"post","link":"https:\/\/www.europesays.com\/no\/13888\/","title":{"rendered":"Kv\u00e6fjord, Sport | Venter storinnrykk: \u2013 Hadde aldri trodd det skulle bli over hundre"},"content":{"rendered":"\n<p>I tillegg er det et barnel\u00f8p, og alle l\u00f8pene starter ved grendehuset p\u00e5 Kve\u00f8ya.<\/p>\n<p>\u2013 Vi hadde aldri trodd det skulle bli over 100 p\u00e5meldte, n\u00e5 er vi overraska og veldig nerv\u00f8s, sier Lise Kokkim-Vebostad og Venke Hundstad.<\/p>\n<p>De har 40 frivillige fra \u00f8ya som er med og arrangerer selve l\u00f8pet. I tillegg er det frivillige som arrangerer kaf\u00e9 ved grendehuset.<\/p>\n<p>\u2013 Folk kommer langveisfra og noen er lokalt fra, som omr\u00e5der rundt Harstad og fra Vester\u00e5len. Rundt ti personer fra Kve\u00f8ya har meldt seg p\u00e5 l\u00f8p, deriblant 83-\u00e5rige Hagbart Vebostad, sier Lise.<\/p>\n<p>   <img decoding=\"async\" width=\"4176\" height=\"2784\" fetchpriority=\"low\"  loading=\"lazy\"  src=\"https:\/\/www.europesays.com\/no\/wp-content\/uploads\/2025\/08\/DSC_0411.JPG\" alt=\"\" class=\"brick-c-cFOWSL\" style=\"--brick-image-ratio: 4176 \/ 2784;\"\/><\/p>\n<p>    Over brua: Kve\u00f8ybrua er en del av l\u00f8ypenettet for Kve\u00f8y halvmaraton.<br \/>\n    Foto: Hilde J\u00f8rgensen\n  <\/p>\n<p>  I rute<\/p>\n<p>Det er meldt mye regn p\u00e5 l\u00f8rdag, men if\u00f8lge Wenche Hundstad, ser ikke det ut til \u00e5 bry l\u00f8perne. Nylig meldte seks nye deltakere seg p\u00e5, sier hun.<\/p>\n<p>L\u00f8ypa g\u00e5r fra grendehuset og mot Sk\u00e5rgruva p\u00e5 Kve\u00f8ya, og s\u00e5 tilbake, over bruforbindelsen og videre s\u00f8rover langs hovedveien. P\u00e5 10-kilometeren snur l\u00f8perne p\u00e5 fyllinga f\u00f8r brua.<\/p>\n<p>Arrang\u00f8rene er i rute, selv om de sier at de er nerv\u00f8se. De har ordnet med b\u00e5de medaljer \u2013 og premier som trekkes p\u00e5 startnumrene. De har ogs\u00e5 et samarbeid med friidrettsgruppa i Kv\u00e6fjord IL, om gjennomf\u00f8ringa av l\u00f8pet.<\/p>\n<p>      \u2013 Startet noe positivt<\/p>\n<p>I hele sommer har det v\u00e6rt joggeaktivitet langs veiene i omr\u00e5det ved Kve\u00f8ya.<\/p>\n<p>\u2013 Det er flere som er ute og jogger. Vi tror vi har startet noe positivt, at folk vil holde vil seg i form. Vi h\u00e5per at dette kan bli et l\u00f8p vi kan arrangere \u00e5rlig. Vi f\u00e5r h\u00f8re hva tilbakemeldinga fra l\u00f8perne er, sier Wenche.<\/p>\n<p>\u2013 Vi grugleder oss n\u00e5, men tror det blir kjempeg\u00f8y. Og vi er spente fordi vi ikke har gjort dette f\u00f8r, sier Lise.<\/p>\n<p>Det var datteren hennes Caroline, som er en ivrig l\u00f8per, som kom med ideen om maraton, og som n\u00e5 snart g\u00e5r av stabelen som historiens f\u00f8rste p\u00e5 Kve\u00f8ya.<\/p>\n<p>  <a href=\"https:\/\/www.blv.no\/5-9-842293\" class=\"related-teaser has-image default-story-teaser article--c-eRUmMG article--c-eRUmMG-jKCPdD-design-default\" rel=\"nofollow noopener\" target=\"_blank\"><\/p>\n<p>    <img decoding=\"async\" loading=\"lazy\"  src=\"https:\/\/www.europesays.com\/no\/wp-content\/uploads\/2025\/08\/IMG_9478.JPG\" alt=\"\" class=\"brick-c-cFOWSL\" style=\"\"\/><\/p>\n<p>\n            Les ogs\u00e5<\/p>\n<p>              Kaster seg p\u00e5 l\u00f8peb\u00f8lgen: \u2013 N\u00e5 er det mange som \u00f8ver langs veien \u2013 dette blir kjempeartig\n        <\/p>\n<p>  <\/a><\/p>\n<p>Les mer om: artikkelemnene<\/p>\n","protected":false},"excerpt":{"rendered":"I tillegg er det et barnel\u00f8p, og alle l\u00f8pene starter ved grendehuset p\u00e5 Kve\u00f8ya. \u2013 Vi hadde aldri&hellip;\n","protected":false},"author":2,"featured_media":13889,"comment_status":"","ping_status":"","sticky":false,"template":"","format":"standard","meta":{"footnotes":""},"categories":[59],"tags":[36,2705,726,30,28,29,14,83,82,1510],"class_list":{"0":"post-13888","1":"post","2":"type-post","3":"status-publish","4":"format-standard","5":"has-post-thumbnail","7":"category-sport","8":"tag-art","9":"tag-kvaefjord","10":"tag-maraton","11":"tag-no","12":"tag-norge","13":"tag-norway","14":"tag-nyheter","15":"tag-sport","16":"tag-sports","17":"tag-story"},"share_on_mastodon":{"url":"","error":""},"_links":{"self":[{"href":"https:\/\/www.europesays.com\/no\/wp-json\/wp\/v2\/posts\/13888","targetHints":{"allow":["GET"]}}],"collection":[{"href":"https:\/\/www.europesays.com\/no\/wp-json\/wp\/v2\/posts"}],"about":[{"href":"https:\/\/www.europesays.com\/no\/wp-json\/wp\/v2\/types\/post"}],"author":[{"embeddable":true,"href":"https:\/\/www.europesays.com\/no\/wp-json\/wp\/v2\/users\/2"}],"replies":[{"embeddable":true,"href":"https:\/\/www.europesays.com\/no\/wp-json\/wp\/v2\/comments?post=13888"}],"version-history":[{"count":0,"href":"https:\/\/www.europesays.com\/no\/wp-json\/wp\/v2\/posts\/13888\/revisions"}],"wp:featuredmedia":[{"embeddable":true,"href":"https:\/\/www.europesays.com\/no\/wp-json\/wp\/v2\/media\/13889"}],"wp:attachment":[{"href":"https:\/\/www.europesays.com\/no\/wp-json\/wp\/v2\/media?parent=13888"}],"wp:term":[{"taxonomy":"category","embeddable":true,"href":"https:\/\/www.europesays.com\/no\/wp-json\/wp\/v2\/categories?post=13888"},{"taxonomy":"post_tag","embeddable":true,"href":"https:\/\/www.europesays.com\/no\/wp-json\/wp\/v2\/tags?post=13888"}],"curies":[{"name":"wp","href":"https:\/\/api.w.org\/{rel}","templated":true}]}}