{"id":138883,"date":"2026-01-16T06:52:08","date_gmt":"2026-01-16T06:52:08","guid":{"rendered":"https:\/\/www.europesays.com\/no\/138883\/"},"modified":"2026-01-16T06:52:08","modified_gmt":"2026-01-16T06:52:08","slug":"ukraina-russland-ukrainsk-utover-fordommer-russland-avgjorelsen","status":"publish","type":"post","link":"https:\/\/www.europesays.com\/no\/138883\/","title":{"rendered":"Ukraina, Russland | Ukrainsk ut\u00f8ver ford\u00f8mmer Russland-avgj\u00f8relsen"},"content":{"rendered":"\n<p>UNITY ARENA, FORNEBU (Nettavisen): Norge har akkurat kjempet seg til sin f\u00f8rste seier i EM.<\/p>\n<p>\u00c5pningskampen p\u00e5 hjemmebane var aldri truet, til tross p\u00e5 tapre ukrainere som kjempet til siste slutt.<\/p>\n<p>Flere av de st\u00e5r i uvirkelige situasjoner utenfor h\u00e5ndballbanen.<\/p>\n<p><b>Les ogs\u00e5: <\/b><a href=\"https:\/\/www.nettavisen.no\/sport\/norge-herjer-med-ukraina-faller-fra-hverandre\/s\/5-95-2827736\" rel=\"Follow nofollow noopener\" target=\"_blank\">Norge herjet, men: \u2013 Bekymret<\/a><\/p>\n<p>Mesterskapet i Norge blir som en liten pause fra alt det tragiske i hjemlandet, selv om du fortsetter \u00e5 holde kontakten med familie og venner.<\/p>\n<p>Lagets store stjerne, Ihor Turchenko, pr\u00f8ver \u00e5 sette ord p\u00e5 f\u00f8lelsene spillerne st\u00e5r i:<\/p>\n<p>\u2013 Det er veldig t\u00f8ft. Hver dag er vanskelig. Folket mitt kjemper hver dag, forteller han til Nettavisen.<\/p>\n<p>   <img decoding=\"async\" width=\"8224\" height=\"4626\" fetchpriority=\"low\"  loading=\"lazy\"  src=\"https:\/\/www.europesays.com\/no\/wp-content\/uploads\/2026\/01\/NTB_jYbh8jyR6ls.jpg\" alt=\"\" class=\"brick-c-cFOWSL\" style=\"--brick-image-ratio: 8224 \/ 4626;\"\/><\/p>\n<p>      STJERNEN: Ihor Turchenko ble Ukrainas toppscorer i kampen.<br \/>\n      Foto: Stian Lysberg Solum (NTB)\n    <\/p>\n<p>  Borte fra Ukraina i fire \u00e5r<\/p>\n<p>25-\u00e5ringen spilte i flere sesonger for den ukrainske klubben HC Motor, fra byen Zaporizjzja s\u00f8r\u00f8st i landet.<\/p>\n<p>For fire \u00e5r siden, etter at krigen br\u00f8t ut, forlot han landet og startet et nytt liv i Frankrike.<\/p>\n<p>Han har ikke returnert siden:<\/p>\n<p>\u2013 Jeg har ikke sett faren min p\u00e5 fire \u00e5r. Moren min kom etter meg, men pappa ble v\u00e6rende. Det har og er veldig t\u00f8ft.<\/p>\n<p><b>Les ogs\u00e5: <\/b><a href=\"https:\/\/www.nettavisen.no\/sport\/sagosen-svarer-etter-hoglund-tirade-respektlost\/s\/5-95-2805262\" rel=\"Follow nofollow noopener\" target=\"_blank\">Sagosen reagerer p\u00e5 Wille-sp\u00f8rsm\u00e5l: \u2013 Det er respektl\u00f8st<\/a><\/p>\n<p>\u2013 De har ikke str\u00f8m, ofte har de ikke vann. Hver dag er det bombing, selv om natten. N\u00e5 er det vinter, da blir det veldig kaldt i Kyiv \u2026<\/p>\n<p>\u2013 Hvordan har familien det? <\/p>\n<p>\u2013 Familien har det greit, men det er t\u00f8ft.<\/p>\n<p>   <img decoding=\"async\" width=\"8151\" height=\"5434\" fetchpriority=\"low\"  loading=\"lazy\"  src=\"https:\/\/www.europesays.com\/no\/wp-content\/uploads\/2026\/01\/NTB_VCSWsk_gQgI.jpg\" alt=\"Volunteer Yevgen Gutman cooks baursak, a traditional Central Asian bread, on a potbelly stove at a heating point in a park in Kyiv on January 15, 2026, amid the Russian invasion of Ukraine. (Photo by Sergei GAPON \/ AFP)\" class=\"brick-c-cFOWSL\" style=\"--brick-image-ratio: 8151 \/ 5434;\"\/><\/p>\n<p>      KULDE: Vinteren har truffet Ukraina og Kyiv.<br \/>\n      Foto: Sergei Gapon (AFP)\n    <\/p>\n<p>  Ford\u00f8mmer OL-avgj\u00f8relse<\/p>\n<p>Debatten har rast de siste m\u00e5nedene, etter at IOC har tillatt russiske ut\u00f8vere \u00e5 konkurrere under n\u00f8ytralt flagg i det kommende vinter-OL.<\/p>\n<p>Vi har allerede sett russere p\u00e5 start i blant annet Tour de Ski. Enn s\u00e5 lenge har det ikke blitt tillatt med russisk deltakelse i lagidrettene.<\/p>\n<p>\u2013 Hvordan ser du p\u00e5 det at idretten \u00e5pner mer og mer for Russland igjen?<\/p>\n<p>\u2013 Hva skal jeg si? Jeg h\u00e5per det ikke skjer. Jeg vil ikke at det skal skje.<\/p>\n<p>   <img decoding=\"async\" width=\"2695\" height=\"1516\" fetchpriority=\"low\"  loading=\"lazy\"  src=\"https:\/\/www.europesays.com\/no\/wp-content\/uploads\/2026\/01\/NTB_9oKcw0a7WLA.jpg\" alt=\"\" class=\"brick-c-cFOWSL\" style=\"--brick-image-ratio: 2695 \/ 1516;\"\/><\/p>\n<p>      LETTELSER: Internasjonal idretter har begynt \u00e5 \u00e5pne for russiske ut\u00f8vere i konkurranser igjen.<br \/>\n      Foto: Mikhail Metzel (AP)\n    <\/p>\n<p>\u2013 Opplever du at det har blitt en st\u00f8rre aksept for Russland den siste tiden? <\/p>\n<p>\u2013 Jeg virker som de aksepterer det mer og mer. Men jeg h\u00e5per virkelig ikke det skjer, sier han avslutningsvis.<\/p>\n","protected":false},"excerpt":{"rendered":"UNITY ARENA, FORNEBU (Nettavisen): Norge har akkurat kjempet seg til sin f\u00f8rste seier i EM. \u00c5pningskampen p\u00e5 hjemmebane&hellip;\n","protected":false},"author":2,"featured_media":138884,"comment_status":"","ping_status":"","sticky":false,"template":"","format":"standard","meta":{"footnotes":""},"categories":[12],"tags":[20,21,24,25,15,22,23,13,30,28,29,14,16,26,27,42,43,44,45],"class_list":{"0":"post-138883","1":"post","2":"type-post","3":"status-publish","4":"format-standard","5":"has-post-thumbnail","7":"category-verden","8":"tag-breaking-news","9":"tag-breakingnews","10":"tag-featured-news","11":"tag-featurednews","12":"tag-headlines","13":"tag-latest-news","14":"tag-latestnews","15":"tag-news","16":"tag-no","17":"tag-norge","18":"tag-norway","19":"tag-nyheter","20":"tag-overskrifter","21":"tag-top-stories","22":"tag-topstories","23":"tag-verden","24":"tag-world","25":"tag-world-news","26":"tag-worldnews"},"share_on_mastodon":{"url":"https:\/\/pubeurope.com\/@no\/115903459776791450","error":""},"_links":{"self":[{"href":"https:\/\/www.europesays.com\/no\/wp-json\/wp\/v2\/posts\/138883","targetHints":{"allow":["GET"]}}],"collection":[{"href":"https:\/\/www.europesays.com\/no\/wp-json\/wp\/v2\/posts"}],"about":[{"href":"https:\/\/www.europesays.com\/no\/wp-json\/wp\/v2\/types\/post"}],"author":[{"embeddable":true,"href":"https:\/\/www.europesays.com\/no\/wp-json\/wp\/v2\/users\/2"}],"replies":[{"embeddable":true,"href":"https:\/\/www.europesays.com\/no\/wp-json\/wp\/v2\/comments?post=138883"}],"version-history":[{"count":0,"href":"https:\/\/www.europesays.com\/no\/wp-json\/wp\/v2\/posts\/138883\/revisions"}],"wp:featuredmedia":[{"embeddable":true,"href":"https:\/\/www.europesays.com\/no\/wp-json\/wp\/v2\/media\/138884"}],"wp:attachment":[{"href":"https:\/\/www.europesays.com\/no\/wp-json\/wp\/v2\/media?parent=138883"}],"wp:term":[{"taxonomy":"category","embeddable":true,"href":"https:\/\/www.europesays.com\/no\/wp-json\/wp\/v2\/categories?post=138883"},{"taxonomy":"post_tag","embeddable":true,"href":"https:\/\/www.europesays.com\/no\/wp-json\/wp\/v2\/tags?post=138883"}],"curies":[{"name":"wp","href":"https:\/\/api.w.org\/{rel}","templated":true}]}}