{"id":138885,"date":"2026-01-16T06:53:07","date_gmt":"2026-01-16T06:53:07","guid":{"rendered":"https:\/\/www.europesays.com\/no\/138885\/"},"modified":"2026-01-16T06:53:07","modified_gmt":"2026-01-16T06:53:07","slug":"sverre-diesen-usa-tidligere-forsvarssjef-sverre-diesen-advarer-mot-a-kjope-amerikansk-forsvarsmateriell","status":"publish","type":"post","link":"https:\/\/www.europesays.com\/no\/138885\/","title":{"rendered":"Sverre Diesen, USA | Tidligere forsvarssjef Sverre Diesen advarer mot \u00e5 kj\u00f8pe amerikansk forsvarsmateriell"},"content":{"rendered":"\n<p>Tidligere forsvarssjef Sverre Diesen mener Norge ikke b\u00f8r kj\u00f8pe amerikansk forsvarsmateriell under r\u00e5dende forhold, etter president Trumps siste utspill om Gr\u00f8nland.<\/p>\n<p>Den tidligere forsvarssjefen advarte i fjor mot \u00e5 kj\u00f8pe inn nye fregatter fra USA, men etter president Donald Trumps siste uttalelser om Gr\u00f8nland er han enda tydeligere, skriver <a href=\"https:\/\/www.tu.no\/artikler\/diesen-vi-bor-ikke-kjope-amerikansk-forsvarsmateriell\/567003\" rel=\"nofollow noopener\" target=\"_blank\">Teknisk Ukeblad<\/a>.<\/p>\n<p><b>Les ogs\u00e5:<\/b> <a href=\"https:\/\/www.nettavisen.no\/nyheter\/sverre-diesen-slakter-trumps-fredsplan-han-avskyr-europa\/s\/5-95-2743842\" rel=\"Follow nofollow noopener\" target=\"_blank\">Slakter Trumps fredsplan<\/a><\/p>\n<p>\u2013 Under de r\u00e5dende forhold, b\u00f8r vi ikke vurdere \u00e5 kj\u00f8pe noe amerikansk forsvarsmateriell, uansett, sier Diesen \u2013 som i dag er sjefforsker ved Forsvarets forskningsinstitutt (FFI).<\/p>\n<p>Amerikanske alternativer blir vurdert av myndighetene i flere planlagte milliardkj\u00f8p til det norske forsvaret.<\/p>\n<p>\u2013 Under denne administrasjonen kan vi ikke se p\u00e5 Amerika som v\u00e5r allierte. USA er en fiendtlig innstilt akt\u00f8r, som vil v\u00e6re mer tilb\u00f8yelig til \u00e5 alliere seg med Russland i en konfliktsituasjon i Europa enn med oss og andre europeiske land, sier Diesen.<\/p>\n<p><b>Les ogs\u00e5:<\/b> <a href=\"https:\/\/www.nettavisen.no\/nyheter\/tidligere-forsvarssjef-forbloffet-risikerer-a-fornarme-trump\/s\/5-95-2482063\" rel=\"Follow nofollow noopener\" target=\"_blank\">Tidligere forsvarssjef forbl\u00f8ffet: \u2013 Risikerer \u00e5 forn\u00e6rme Trump<\/a><\/p>\n<p>Han legger til at man b\u00f8r ta forbehold om at vi ikke vet hvordan dette regimet vil utvikle seg p\u00e5 sikt.<\/p>\n<p>Forsvarsmateriell opplyser at de anbefaler den leverand\u00f8ren som de mener best tilfredsstiller Forsvarets behov innenfor tid, kost og ytelse. De vurderer ikke politiske forhold, og viser til Forsvarsdepartementet \u2013 som ikke har kommentert saken.<\/p>\n<p>(\u00a9NTB)<\/p>\n","protected":false},"excerpt":{"rendered":"Tidligere forsvarssjef Sverre Diesen mener Norge ikke b\u00f8r kj\u00f8pe amerikansk forsvarsmateriell under r\u00e5dende forhold, etter president Trumps siste&hellip;\n","protected":false},"author":2,"featured_media":138886,"comment_status":"","ping_status":"","sticky":false,"template":"","format":"standard","meta":{"footnotes":""},"categories":[10],"tags":[20,21,24,25,15,22,23,13,30,28,29,14,16,26,27],"class_list":{"0":"post-138885","1":"post","2":"type-post","3":"status-publish","4":"format-standard","5":"has-post-thumbnail","7":"category-norge","8":"tag-breaking-news","9":"tag-breakingnews","10":"tag-featured-news","11":"tag-featurednews","12":"tag-headlines","13":"tag-latest-news","14":"tag-latestnews","15":"tag-news","16":"tag-no","17":"tag-norge","18":"tag-norway","19":"tag-nyheter","20":"tag-overskrifter","21":"tag-top-stories","22":"tag-topstories"},"share_on_mastodon":{"url":"https:\/\/pubeurope.com\/@no\/115903463599714370","error":""},"_links":{"self":[{"href":"https:\/\/www.europesays.com\/no\/wp-json\/wp\/v2\/posts\/138885","targetHints":{"allow":["GET"]}}],"collection":[{"href":"https:\/\/www.europesays.com\/no\/wp-json\/wp\/v2\/posts"}],"about":[{"href":"https:\/\/www.europesays.com\/no\/wp-json\/wp\/v2\/types\/post"}],"author":[{"embeddable":true,"href":"https:\/\/www.europesays.com\/no\/wp-json\/wp\/v2\/users\/2"}],"replies":[{"embeddable":true,"href":"https:\/\/www.europesays.com\/no\/wp-json\/wp\/v2\/comments?post=138885"}],"version-history":[{"count":0,"href":"https:\/\/www.europesays.com\/no\/wp-json\/wp\/v2\/posts\/138885\/revisions"}],"wp:featuredmedia":[{"embeddable":true,"href":"https:\/\/www.europesays.com\/no\/wp-json\/wp\/v2\/media\/138886"}],"wp:attachment":[{"href":"https:\/\/www.europesays.com\/no\/wp-json\/wp\/v2\/media?parent=138885"}],"wp:term":[{"taxonomy":"category","embeddable":true,"href":"https:\/\/www.europesays.com\/no\/wp-json\/wp\/v2\/categories?post=138885"},{"taxonomy":"post_tag","embeddable":true,"href":"https:\/\/www.europesays.com\/no\/wp-json\/wp\/v2\/tags?post=138885"}],"curies":[{"name":"wp","href":"https:\/\/api.w.org\/{rel}","templated":true}]}}