{"id":138912,"date":"2026-01-16T07:32:53","date_gmt":"2026-01-16T07:32:53","guid":{"rendered":"https:\/\/www.europesays.com\/no\/138912\/"},"modified":"2026-01-16T07:32:53","modified_gmt":"2026-01-16T07:32:53","slug":"mona-grudt-ma-trekke-seg-fra-vokteren","status":"publish","type":"post","link":"https:\/\/www.europesays.com\/no\/138912\/","title":{"rendered":"Mona Grudt m\u00e5 trekke seg fra Vokteren"},"content":{"rendered":"<p class=\"kicker \" style=\"\">Vokteren<\/p>\n<p>    Mona Grudt forteller hva som skjedde under Vokteren.<\/p>\n<p>\n    VOKTEREN: \u00c9n av deltakerne m\u00e5 trekke seg. Foto: Haakon Lundkvist\n  <\/p>\n<p>I dagens episode av \u00abVokteren\u00bb er det en av deltakerne som<br \/>\nf\u00e5r problemer.\u00a0<\/p>\n<p>Etter \u00e5 ha g\u00e5tt med smerter en god stund, skj\u00f8nner tidligere modell<br \/>\nog journalist Mona Grudt (54) at hun er n\u00f8dt til \u00e5 v\u00e6re fornuftig, og hun m\u00e5<br \/>\nbryte midt i turen. Hun hadde store smerter i kneet.<\/p>\n<p>&#8211; Jeg har ikke hatt problemer med kn\u00e6r tidligere, men n\u00e5r<br \/>\njeg tenker tilbake, tror jeg det startet den f\u00f8rste morgenen. Cengiz og jeg tok<br \/>\nen liten svingom utenfor teltet, og jeg kjente at det rykket litt i kneet. Jeg<br \/>\ntror faktisk ikke det var mer som skulle til, forteller hun til KK.<\/p>\n<p>    <a itemprop=\"url\" href=\"https:\/\/www.kk.no\/underholdning\/det-er-mange-som-er-gode-pa-a-vaere-midtpunkt\/83970775\" rel=\"nofollow noopener\" target=\"_blank\"><\/p>\n<p>        <img loading=\"lazy\" decoding=\"async\" src=\"https:\/\/www.europesays.com\/no\/wp-content\/uploads\/2026\/01\/83970905.webp.webp\" width=\"980\" height=\"441\" title=\"- Det er mange som er gode p\u00e5 \u00e5 v\u00e6re midtpunkt\" alt=\"\" class=\"lazyload\" style=\"--aspect-ratio-image: 2.22; \"\/><\/p>\n<p>        &#8211; Det er mange som er gode p\u00e5 \u00e5 v\u00e6re midtpunkt<\/p>\n<p>    <\/a><\/p>\n<p>Smertene kom gradvis, og dag to ble det uutholdelig vondt,<br \/>\nforteller Mona. Hun fikk snakke med en lege, som sa at det ville v\u00e6re veldig<br \/>\ndumt \u00e5 fortsette \u00e5 g\u00e5, da det var risiko for at hun ville slite med det lenge<br \/>\netterp\u00e5.<\/p>\n<p class=\"font-weight-bold m-font-weight-bold\" data-lab-font_weight=\"font-weight-bold\">&#8211; Det var ordentlig kjipt. Skikkelig kjedelig n\u00e5r man f\u00f8rst<br \/>\nvelger \u00e5 kaste seg ut i noe s\u00e5nt.<\/p>\n<p>        <img loading=\"lazy\" decoding=\"async\" src=\"https:\/\/www.europesays.com\/no\/wp-content\/uploads\/2026\/01\/84091236.webp.webp\" width=\"667\" height=\"481\" title=\"SKADE: Mona fikk store smerter. Foto: Haakon Lundkvist\" alt=\"\" class=\"\" style=\"--aspect-ratio-image: 1.39; \"\/><\/p>\n<p>\n        SKADE: Mona fikk store smerter. Foto: Haakon Lundkvist\n    <\/p>\n<p>    <a itemprop=\"url\" href=\"https:\/\/www.kk.no\/underholdning\/derfor-sammenlignes-han-med-kristus\/84047425\" rel=\"nofollow noopener\" target=\"_blank\"><\/p>\n<p>        <img loading=\"lazy\" decoding=\"async\" src=\"https:\/\/www.europesays.com\/no\/wp-content\/uploads\/2026\/01\/1768548766_888_84047619.webp.webp\" width=\"980\" height=\"441\" title=\"Derfor sammenlignes han med Kristus\" alt=\"\" class=\"lazyload\" style=\"--aspect-ratio-image: 2.22; \"\/><\/p>\n<p>        Derfor sammenlignes han med Kristus<\/p>\n<p>    <\/a><\/p>\n<p>Avbryter\t<\/p>\n<p>I tredje episode, hvor deltakerne skulle g\u00e5 en lang tur,<br \/>\nvelger Mona derfor \u00e5 trekke seg. <\/p>\n<p>Det viste seg at Mona hadde f\u00e5tt en senebetennelse. Hun<br \/>\nm\u00e5tte derfor hvile og s\u00f8rge for \u00e5 ikke belaste kneet. <\/p>\n<p>&#8211; Etter en uke med mye hvile begynte det \u00e5 bli betraktelig bedre.<br \/>\nS\u00e5 det tok ikke lang tid, men hadde jeg pushet p\u00e5 videre med smertestillende og<br \/>\n25 kilo p\u00e5 ryggen, ville det tatt mye lenger tid. S\u00e5 det ville neppe v\u00e6rt verdt<br \/>\ndet.<\/p>\n<p>    <a itemprop=\"url\" href=\"https:\/\/www.kk.no\/underholdning\/synes-det-er-ganske-alvorlig\/84065958\" rel=\"nofollow noopener\" target=\"_blank\"><\/p>\n<p>        <img loading=\"lazy\" decoding=\"async\" src=\"https:\/\/www.europesays.com\/no\/wp-content\/uploads\/2026\/01\/1768548767_758_84066378.webp.webp\" width=\"980\" height=\"441\" title=\"- Synes det er ganske alvorlig\" alt=\"\" class=\"lazyload\" style=\"--aspect-ratio-image: 2.22; \"\/><\/p>\n<p>        &#8211; Synes det er ganske alvorlig<\/p>\n<p>    <\/a><\/p>\n<p>Gode relasjoner<\/p>\n<p>Allerede da hadde Mona rukket \u00e5 f\u00e5 flere veldig gode<br \/>\nrelasjoner med noen av de andre deltakerne.<\/p>\n<p>&#8211; Jeg har s\u00e5 vidt truffet Mariann i noen jobbsammenhenger<br \/>\ntidligere, men vi fant tonen fort. Cengiz ogs\u00e5, han er veldig lett \u00e5 \u00abconnecte\u00bb<br \/>\nmed. S\u00e5 de to fikk jeg raskt god kjemi med. <\/p>\n<p>Mariann fikk seg en knekk da Mona sa hun m\u00e5tte reise derfra,<br \/>\nog t\u00e5rene trillet.<\/p>\n<p>&#8211; Mariann og jeg bodde i samme telt, s\u00e5 vi gikk p\u00e5 do<br \/>\nsammen, og jeg l\u00e5nte henne kryssord-bladet mitt. Slik er teltlivet, ler hun, og fortsetter:<\/p>\n<p>&#8211; Jeg sov overraskende godt i telt! For jeg er jo ikke en fjellgeit,<br \/>\nselv om vi var p\u00e5 en del campingturer og sov i telt da jeg var liten. Jeg har<br \/>\nveldig gode barndomsminner fra det.<\/p>\n<p>    <a itemprop=\"url\" href=\"https:\/\/www.kk.no\/underholdning\/for-forste-gang-i-livet-kjente-jeg-pa-dette\/83984297\" rel=\"nofollow noopener\" target=\"_blank\"><\/p>\n<p>        <img loading=\"lazy\" decoding=\"async\" src=\"https:\/\/www.europesays.com\/no\/wp-content\/uploads\/2026\/01\/1768548769_662_83984429.webp.webp\" width=\"980\" height=\"441\" title=\"- For f\u00f8rste gang i livet kjente jeg p\u00e5 dette\" alt=\"\" class=\"lazyload\" style=\"--aspect-ratio-image: 2.22; \"\/><\/p>\n<p>        &#8211; For f\u00f8rste gang i livet kjente jeg p\u00e5 dette<\/p>\n<p>    <\/a><\/p>\n<p class=\"italic m-italic\" data-lab-italic=\"italic\">&#8211; Frister det \u00e5 g\u00e5 mer p\u00e5 tur n\u00e5?<\/p>\n<p>&#8211; Ja! utbryter Mona.<\/p>\n<p>&#8211; N\u00e5 er jeg s\u00e5 godt utstyrt, s\u00e5 n\u00e5 har jeg virkelig ingen<br \/>\nunnskyldning. Yngste datteren min er ivrig p\u00e5 \u00e5 dra p\u00e5 telttur, s\u00e5 vi gjorde det<br \/>\ni etterkant av Vokteren \u2013 bare hun og meg. Hun ville v\u00e6re der i flere d\u00f8gn, men<br \/>\njeg tenkte at det fristet \u00e5 dra hjem etter en natt, ler hun.<\/p>\n<p>        <img loading=\"lazy\" decoding=\"async\" src=\"https:\/\/www.europesays.com\/no\/wp-content\/uploads\/2026\/01\/1768548770_698_83970905.webp.webp\" width=\"667\" height=\"514\" title=\"VOKTEREN: Mona Grudt fikk en skade og m\u00e5tte reise hjem. Foto: Ida Bergersen\" alt=\"\" class=\"\" style=\"--aspect-ratio-image: 1.30; \"\/><\/p>\n<p>\n        VOKTEREN: Mona Grudt fikk en skade og m\u00e5tte reise hjem. Foto: Ida Bergersen\n    <\/p>\n<p>    <a itemprop=\"url\" href=\"https:\/\/www.kk.no\/underholdning\/jeg-sa-alt-annet-enn-ja\/83975235\" rel=\"nofollow noopener\" target=\"_blank\"><\/p>\n<p>        <img loading=\"lazy\" decoding=\"async\" src=\"https:\/\/www.europesays.com\/no\/wp-content\/uploads\/2026\/01\/1768548771_398_83975276.webp.webp\" width=\"980\" height=\"441\" title=\"- Jeg sa alt annet enn ja\" alt=\"\" class=\"lazyload\" style=\"--aspect-ratio-image: 2.22; \"\/><\/p>\n<p>        &#8211; Jeg sa alt annet enn ja<\/p>\n<p>    <\/a><\/p>\n<p>Mestring<\/p>\n<p>Vokteren var utelukkende en positiv opplevelse for Mona.<\/p>\n<p>&#8211; Jeg angrer ikke p\u00e5 noe \u2013 jeg skulle bare \u00f8nske jeg kunne v\u00e6rt<br \/>\nmed lenger. Det var utrolig kjipt med betennelsen. Men til tross for at jeg kun<br \/>\nble i fire dager, opplevde jeg mestring og det gode samholdet. \u00c5 gj\u00f8re noe nytt,<br \/>\nog utfordre seg selv, er noe man virkelig trenger. <\/p>\n<p>Men det er \u00e9n ting hun kunne v\u00e6rt foruten:<\/p>\n<p>&#8211; Det var masse regn, og jeg ble helt oppspist av knott. Jeg<br \/>\nholdt p\u00e5 \u00e5 bli spr\u00f8!<\/p>\n<p>    <a itemprop=\"url\" href=\"https:\/\/www.kk.no\/underholdning\/den-mannen-er-ikke-frisk\/83976375\" rel=\"nofollow noopener\" target=\"_blank\"><\/p>\n<p>        <img loading=\"lazy\" decoding=\"async\" src=\"https:\/\/www.europesays.com\/no\/wp-content\/uploads\/2026\/01\/1768548773_29_83976832.webp.webp\" width=\"980\" height=\"441\" title=\"- Den mannen er ikke frisk\" alt=\"\" class=\"lazyload\" style=\"--aspect-ratio-image: 2.22; \"\/><\/p>\n<p>        &#8211; Den mannen er ikke frisk<\/p>\n<p>    <\/a><\/p>\n<p>        <img loading=\"lazy\" decoding=\"async\" src=\"https:\/\/www.europesays.com\/no\/wp-content\/uploads\/2026\/01\/1768548773_95_81859885.webp.webp\" width=\"196\" height=\"155\" title=\"Har du et tips?\" alt=\"\" class=\"\" style=\"--aspect-ratio-image: 1.26; \"\/><\/p>\n<p>        Har du et tips?<\/p>\n<p class=\"subtitle\">Hei, jeg heter Ida Bergersen, og er journalist i KK. Har du et tips, en historie du vil fortelle eller et felt du mener vi b\u00f8r skrive om?<\/p>\n","protected":false},"excerpt":{"rendered":"Vokteren Mona Grudt forteller hva som skjedde under Vokteren. VOKTEREN: \u00c9n av deltakerne m\u00e5 trekke seg. Foto: Haakon&hellip;\n","protected":false},"author":2,"featured_media":138913,"comment_status":"","ping_status":"","sticky":false,"template":"","format":"standard","meta":{"footnotes":""},"categories":[5],"tags":[20,21,24,25,15,19,22,23,17,18,12375,13,30,28,29,14,16,26,27,72,13220],"class_list":{"0":"post-138912","1":"post","2":"type-post","3":"status-publish","4":"format-standard","5":"has-post-thumbnail","7":"category-overskrifter","8":"tag-breaking-news","9":"tag-breakingnews","10":"tag-featured-news","11":"tag-featurednews","12":"tag-headlines","13":"tag-hovedoppslag","14":"tag-latest-news","15":"tag-latestnews","16":"tag-main-news","17":"tag-mainnews","18":"tag-mona-grudt","19":"tag-news","20":"tag-no","21":"tag-norge","22":"tag-norway","23":"tag-nyheter","24":"tag-overskrifter","25":"tag-top-stories","26":"tag-topstories","27":"tag-underholdning","28":"tag-vokteren"},"share_on_mastodon":{"url":"https:\/\/pubeurope.com\/@no\/115903620973681080","error":""},"_links":{"self":[{"href":"https:\/\/www.europesays.com\/no\/wp-json\/wp\/v2\/posts\/138912","targetHints":{"allow":["GET"]}}],"collection":[{"href":"https:\/\/www.europesays.com\/no\/wp-json\/wp\/v2\/posts"}],"about":[{"href":"https:\/\/www.europesays.com\/no\/wp-json\/wp\/v2\/types\/post"}],"author":[{"embeddable":true,"href":"https:\/\/www.europesays.com\/no\/wp-json\/wp\/v2\/users\/2"}],"replies":[{"embeddable":true,"href":"https:\/\/www.europesays.com\/no\/wp-json\/wp\/v2\/comments?post=138912"}],"version-history":[{"count":0,"href":"https:\/\/www.europesays.com\/no\/wp-json\/wp\/v2\/posts\/138912\/revisions"}],"wp:featuredmedia":[{"embeddable":true,"href":"https:\/\/www.europesays.com\/no\/wp-json\/wp\/v2\/media\/138913"}],"wp:attachment":[{"href":"https:\/\/www.europesays.com\/no\/wp-json\/wp\/v2\/media?parent=138912"}],"wp:term":[{"taxonomy":"category","embeddable":true,"href":"https:\/\/www.europesays.com\/no\/wp-json\/wp\/v2\/categories?post=138912"},{"taxonomy":"post_tag","embeddable":true,"href":"https:\/\/www.europesays.com\/no\/wp-json\/wp\/v2\/tags?post=138912"}],"curies":[{"name":"wp","href":"https:\/\/api.w.org\/{rel}","templated":true}]}}