{"id":138933,"date":"2026-01-16T08:10:17","date_gmt":"2026-01-16T08:10:17","guid":{"rendered":"https:\/\/www.europesays.com\/no\/138933\/"},"modified":"2026-01-16T08:10:17","modified_gmt":"2026-01-16T08:10:17","slug":"morgenrapport-trafikk-mann-i-30-arene-kjorte-utfor-og-vraket-bilen-sokte-tilflukt-i-hus","status":"publish","type":"post","link":"https:\/\/www.europesays.com\/no\/138933\/","title":{"rendered":"Morgenrapport, Trafikk | Mann i 30-\u00e5rene kj\u00f8rte utfor og vraket bilen \u2013 s\u00f8kte tilflukt i hus"},"content":{"rendered":"\n<p><b>LIERNE<\/b>: \u2013 Vi fikk melding like f\u00f8r midnatt om en bil som hadde kj\u00f8rt av vegen ved Litl-Tunnsj\u00f8en i <b>Lierne<\/b>, opplyser operasjonsleder i Tr\u00f8ndelag politidistrikt, Einar R\u00f8stum.<\/p>\n<p>Til tross for store materielle skader p\u00e5 kj\u00f8ret\u00f8yet, slapp f\u00f8reren fra det hele uten fysiske skader. Bilen derimot var ikke kj\u00f8rbar, men det ble ikke registrert drivstofflekkasje. Bilberging vil bli ordnet i l\u00f8pet av fredagen. Den st\u00e5r ikke til hinder for \u00f8vrig trafikk.<\/p>\n<p>\u2013 Det tok noe tid f\u00f8r politiet ankom ulykkesstedet, men de oppn\u00e5dde kontakt med f\u00f8reren undervegs. Mannen i 30-\u00e5rene hadde s\u00f8kt ly i et hus i n\u00e6rheten, forteller operasjonsleder R\u00f8stum, som legger til:<\/p>\n<p>\u2013 \u00c5rsaken til utforkj\u00f8ringa ser ut til \u00e5 v\u00e6re vanskelige kj\u00f8reforhold, og at det var veldig glatt p\u00e5 stedet. Politiet opprette derfor ikke noe sak.<\/p>\n<p>Siden bilen var totalvraket, bisto politipatruljen med transport for den uheldige sj\u00e5f\u00f8ren.<\/p>\n<p>\u2013 Patruljen kj\u00f8rte vedkommende til Grong, slik at han fikk tatt kollektiv videre p\u00e5 sin ferd, sier operasjonslederen.<\/p>\n<p>R\u00f8stum legger til at det var hell i uhell at politiet var s\u00e5 raskt tilgjengelig i akkurat dette omr\u00e5det.<\/p>\n<p>\u2013 Det er ikke ofte vi har patrulje i Lierne, men akkurat da var det en patrulje der, s\u00e5 det var flaks at vi var i n\u00e6rheten, avslutter R\u00f8stum.<\/p>\n<p>V\u00e6ret og trafikken<\/p>\n<p>I indre Namdal meldes det om minusgrader, oppholds og noe solglimt p\u00e5 starten av dagen, f\u00f8r det mot ettermiddagen g\u00e5r over til mildv\u00e6r og nedb\u00f8r i form av b\u00e5de regn, sludd og sn\u00f8. Temperaturen vil ligge p\u00e5 \u00e9n grad p\u00e5 det varmeste, med vindkast opptil 14 m\/s.<\/p>\n<p>I midtre og ytre str\u00f8k blir det ogs\u00e5 nedb\u00f8r p\u00e5 slutten av dagen. Temperaturen vil ligge p\u00e5 4 plussgrader p\u00e5 det varmeste, med vindkast opptil 10 m\/s.<\/p>\n<p>Slik blir fredagsv\u00e6ret i Tr\u00f8ndelag if\u00f8lge Meteorologisk institutt: S\u00f8r og s\u00f8raust liten kuling utsette steder, i kveld dreiande s\u00f8rvest p\u00e5 kysten i s\u00f8r. Skya eller delvis skya. For det meste opphaldsver. Fr\u00e5 i ettermiddag litt sludd eller sn\u00f8 i indre strok, i kveld ogs\u00e5 i ytre strok, nedb\u00f8r som regn i l\u00e5glandet i ytre strok.<\/p>\n<p>Overgangen fra minusgrader til plussgrader i kombinasjon med regn kan f\u00f8re til glatte veger, og det kan v\u00e6re lurt \u00e5 ta det ekstra rolig langs vegen i dag.<\/p>\n<p><b>Her er dagens trafikkmeldinger<\/b>:<\/p>\n<p>            Trafikkmeldinger fredag 16. januar<\/p>\n<ul>\n<li>P\u00e5 fylkesveg 17 mellom Bj\u00f8nnskardet p\u00e5 H\u00f8ylandet og fylkesveg 7126 ved Bj\u00f8rge i <b>N\u00e6r\u00f8ysund<\/b>, er det bevegelig vegarbeid.<\/li>\n<li>P\u00e5 E6 mellom Stein\u00e5moen og Aunet i <b>Namsskogan<\/b> er det vegarbeid. Regulert trafikk og manuell dirigering p\u00e5 stedet.<\/li>\n<li>P\u00e5 fylkesveg 776 i Skr\u00f8yvstadtunnelen i <b>Namsos<\/b> er det vegarbeid og manuell dirigering.<\/li>\n<li>Det p\u00e5g\u00e5r fortsatt arbeid p\u00e5 Fv. 6928 ved Utvorda i <b>Flatanger<\/b> etter raset. Omkj\u00f8ring er fremdeles skiltet, og fartsgrensa er satt til 30 km\/t.<\/li>\n<\/ul>\n<p>Kilde: <a rel=\"Follow nofollow noopener\" target=\"_self\" href=\"https:\/\/www.vegvesen.no\/trafikk\/hvaskjer?layers=all&amp;tmsort=priorityScore&amp;lat=64.78847&amp;lng=12.90238&amp;zoom=6\">Statens vegvesen<\/a><\/p>\n<p>  NA i dag<\/p>\n<p>Ekteparet Berte og John Hegge (begge 66) har solgt seg ut av Namsos Begravelsesbyr\u00e5, men skal v\u00e6re med og drive byr\u00e5et inntil ny daglig ledelse er p\u00e5 plass.<\/p>\n<p>  <a href=\"https:\/\/www.namdalsavisa.no\/5-121-1524610\" class=\"related-teaser has-image default-story-teaser article--c-eRUmMG article--c-eRUmMG-jKCPdD-design-default\" rel=\"nofollow noopener\" target=\"_blank\"><\/p>\n<p>    <img decoding=\"async\" loading=\"lazy\"  src=\"https:\/\/www.europesays.com\/no\/wp-content\/uploads\/2026\/01\/DSC_0639.jpg\" alt=\"\" class=\"brick-c-cFOWSL\" style=\"\"\/><\/p>\n<p>\n            Les ogs\u00e5<\/p>\n<p>              Har solgt seg ut av begravelsesbyr\u00e5et: \u2013 Like mye en livsstil som en jobb\n        <\/p>\n<p>  <\/a><\/p>\n<p>Roar Smaaberg havnet i gr\u00f8fta i lysl\u00f8ypa og kom seg ikke l\u00f8s. Heldigvis kom en reddende engel, i form av en skig\u00e5ende jordmor, ham til unnsetning.<\/p>\n<p>  <a href=\"https:\/\/www.namdalsavisa.no\/5-121-1524937\" class=\"related-teaser has-image default-story-teaser article--c-eRUmMG article--c-eRUmMG-jKCPdD-design-default\" rel=\"nofollow noopener\" target=\"_blank\"><\/p>\n<p>    <img decoding=\"async\" loading=\"lazy\"  src=\"https:\/\/www.europesays.com\/no\/wp-content\/uploads\/2026\/01\/DSC_0667.jpg\" alt=\"\" class=\"brick-c-cFOWSL\" style=\"\"\/><\/p>\n<p>\n            Les ogs\u00e5<\/p>\n<p>              \u00abTrang f\u00f8dsel\u00bb i skibakken: Roar (80) satt bom fast i sn\u00f8en \u2013 s\u00e5 kom jordmor Sonny som en reddende engel\n        <\/p>\n<p>  <\/a><\/p>\n<p>Mange nordmenn bekymrer seg, og tallene er h\u00f8yest blant de unge. NA har spurt ungdommer i Namdalen hva de er urolig for, og hvordan de takler bekymring i hverdagen.<\/p>\n<p>  <a href=\"https:\/\/www.namdalsavisa.no\/5-121-1524077\" class=\"related-teaser has-image default-story-teaser article--c-eRUmMG article--c-eRUmMG-jKCPdD-design-default\" rel=\"nofollow noopener\" target=\"_blank\"><\/p>\n<p>    <img decoding=\"async\" loading=\"lazy\"  src=\"https:\/\/www.europesays.com\/no\/wp-content\/uploads\/2026\/01\/4xungd_Olav+Duun.png\" alt=\"\" class=\"brick-c-cFOWSL\" style=\"\"\/><\/p>\n<p>\n            Les ogs\u00e5<\/p>\n<p>              \u00c5tte av ti unge bekymrer seg: \u2013 Det Trump holder p\u00e5 med uroer oss\n        <\/p>\n<p>  <\/a><br \/>\n  Ellers i landet og verden<\/p>\n<p><b>Machado ga fredsprismedaljen til Trump<\/b><\/p>\n<p>Fredsprisvinner Mar\u00eda Corina Machado ga Trump Nobels fredspris-medaljen da hun m\u00f8tte den amerikanske presidenten torsdag. <a href=\"https:\/\/www.nrk.no\/urix\/donald-trump-moter-venezuelas-maria-machado-1.17729050\" rel=\"Follow nofollow noopener\" target=\"_blank\">Det skriver NRK.<\/a><\/p>\n<p>Trump har tidligere hevdet \u00e5 fortjene prisen for sin rolle i konfliktoppl\u00f8sning.<\/p>\n<p>I forrige uke understreket Nobelkomiteen i en <a href=\"https:\/\/www.nobelpeaceprize.org\/presse\/pressemeldinger\/a-nobel-prize-cannot-be-revoked-shared-or-transferred-1\" rel=\"nofollow noopener\" target=\"_blank\">pressemelding<\/a> at det ikke er mulig \u00e5 gi prisen videre til andre etter at den er delt ut.<\/p>\n<p><b>R\u00f8dt vil sende det norske milit\u00e6ret til Gr\u00f8nland for \u00e5 avskrekke USA<\/b><\/p>\n<p>Torsdag ble det kjent at Norge sender to personer fra Forsvaret til Gr\u00f8nland. R\u00f8dt mener det ikke er nok, og at regjeringa b\u00f8r sende flere. <a href=\"https:\/\/www.tv2.no\/direkte\/jpybz\/siste-nytt\/69698472eeaca5f8b8b642eb\/rodt-vil-sende-det-norske-militaeret-til-gronland-for-a-avskrekke-usa\" rel=\"Follow nofollow noopener\" target=\"_blank\">Det skriver TV2<\/a>.<\/p>\n<p>\u2013 N\u00e5 handler det om \u00e5 avskrekke konkrete trusler fra USA og hindre en videre eskalering. Da m\u00e5 Norge stille opp med det som trengs, sier utenrikspolitisk talsperson i R\u00f8dt Bj\u00f8rnar Moxnes til <a href=\"https:\/\/klassekampen.no\/artikkel\/2026-01-16\/dersom-me-er-ettergjevne-overfor-trump-gar-han-lenger\" rel=\"nofollow noopener\" target=\"_blank\">Klassekampen<\/a>.<\/p>\n<p>Blant annet mener han at det b\u00f8r v\u00e6re aktuelt \u00e5 sende norske fregatter til Gr\u00f8nland.<\/p>\n","protected":false},"excerpt":{"rendered":"LIERNE: \u2013 Vi fikk melding like f\u00f8r midnatt om en bil som hadde kj\u00f8rt av vegen ved Litl-Tunnsj\u00f8en&hellip;\n","protected":false},"author":2,"featured_media":3063,"comment_status":"","ping_status":"","sticky":false,"template":"","format":"standard","meta":{"footnotes":""},"categories":[10],"tags":[36,20,21,24,25,15,22,23,8354,739,13,30,28,29,14,16,1510,26,27,224,941,387],"class_list":{"0":"post-138933","1":"post","2":"type-post","3":"status-publish","4":"format-standard","5":"has-post-thumbnail","7":"category-norge","8":"tag-art","9":"tag-breaking-news","10":"tag-breakingnews","11":"tag-featured-news","12":"tag-featurednews","13":"tag-headlines","14":"tag-latest-news","15":"tag-latestnews","16":"tag-lierne","17":"tag-morgenrapport","18":"tag-news","19":"tag-no","20":"tag-norge","21":"tag-norway","22":"tag-nyheter","23":"tag-overskrifter","24":"tag-story","25":"tag-top-stories","26":"tag-topstories","27":"tag-trafikk","28":"tag-ulykker-og-hendelser","29":"tag-vaeret"},"share_on_mastodon":{"url":"https:\/\/pubeurope.com\/@no\/115903766419377625","error":""},"_links":{"self":[{"href":"https:\/\/www.europesays.com\/no\/wp-json\/wp\/v2\/posts\/138933","targetHints":{"allow":["GET"]}}],"collection":[{"href":"https:\/\/www.europesays.com\/no\/wp-json\/wp\/v2\/posts"}],"about":[{"href":"https:\/\/www.europesays.com\/no\/wp-json\/wp\/v2\/types\/post"}],"author":[{"embeddable":true,"href":"https:\/\/www.europesays.com\/no\/wp-json\/wp\/v2\/users\/2"}],"replies":[{"embeddable":true,"href":"https:\/\/www.europesays.com\/no\/wp-json\/wp\/v2\/comments?post=138933"}],"version-history":[{"count":0,"href":"https:\/\/www.europesays.com\/no\/wp-json\/wp\/v2\/posts\/138933\/revisions"}],"wp:featuredmedia":[{"embeddable":true,"href":"https:\/\/www.europesays.com\/no\/wp-json\/wp\/v2\/media\/3063"}],"wp:attachment":[{"href":"https:\/\/www.europesays.com\/no\/wp-json\/wp\/v2\/media?parent=138933"}],"wp:term":[{"taxonomy":"category","embeddable":true,"href":"https:\/\/www.europesays.com\/no\/wp-json\/wp\/v2\/categories?post=138933"},{"taxonomy":"post_tag","embeddable":true,"href":"https:\/\/www.europesays.com\/no\/wp-json\/wp\/v2\/tags?post=138933"}],"curies":[{"name":"wp","href":"https:\/\/api.w.org\/{rel}","templated":true}]}}