{"id":138940,"date":"2026-01-16T08:24:12","date_gmt":"2026-01-16T08:24:12","guid":{"rendered":"https:\/\/www.europesays.com\/no\/138940\/"},"modified":"2026-01-16T08:24:12","modified_gmt":"2026-01-16T08:24:12","slug":"reiner-sonn-var-under-vergemal","status":"publish","type":"post","link":"https:\/\/www.europesays.com\/no\/138940\/","title":{"rendered":"Reiner-s\u00f8nn var under vergem\u00e5l"},"content":{"rendered":"\n<p class=\"_lead_o9xde_2 _lead_xtcu6_50 layout-component text-serif-m layout-normal text-serif-l layout-component layout-wide layout-padded _wide_17hqh_1 layout-padded\">Fem \u00e5r f\u00f8r han ble siktet for \u00e5 ha drept foreldrene Rob og Michele Reiner, var Nick Reiner under psykisk helsevergem\u00e5l.<\/p>\n<p><img alt=\"Nick Reiner viste seg offentlig da han ankom premieren p\u00e5 \u00abSpinal Tap II: The End Continues\u00bb i Los Angeles 9. september 2025. Bare noen m\u00e5neder senere ble han tiltalt for drapet p\u00e5 sine foreldre. Foto: Richard Shotwell \/ AP \/ NTB\" class=\"_image_qp4xg_65 layout-component layout-wide\" data-fullscreen- data-track-element-type=\"Article image fullscreen\" data-track-name=\"ImageFullscreen\" fetchpriority=\"high\" decoding=\"sync\" loading=\"eager\" height=\"1065\" itemprop=\"image\"  src=\"https:\/\/www.europesays.com\/no\/wp-content\/uploads\/2026\/01\/0e1d54d0-537a-452f-ab9a-b2274a523ba5.jpeg\"  style=\"object-position:0% 0%\" width=\"1421\"\/>Nick Reiner viste seg offentlig da han ankom premieren p\u00e5 \u00abSpinal Tap II: The End Continues\u00bb i Los Angeles 9. september 2025. Bare noen m\u00e5neder senere ble han tiltalt for drapet p\u00e5 sine foreldre. Foto: Richard Shotwell \/ AP \/ NTB<\/p>\n<ul aria-hidden=\"true\" class=\"_images_ntbth_112\">\n<li><a class=\"_link_ntbth_117\" href=\"https:\/\/www.vg.no\/forfatter\/ingrid-storeboe\" style=\"z-index:1\" title=\"Ingrid Storeb\u00f8\" rel=\"nofollow noopener\" target=\"_blank\"><img alt=\"Bilde av Ingrid Storeb\u00f8\" class=\"_image_ntbth_93\" fetchpriority=\"low\" loading=\"lazy\" decoding=\"async\" itemprop=\"image\"  src=\"https:\/\/www.europesays.com\/no\/wp-content\/uploads\/2026\/01\/1768551847_528_b3fc896d-536d-4041-8257-79b6b2cd3323.jpeg\"  width=\"480\"\/><\/a><\/li>\n<\/ul>\n<p> Oppdatert fredag 16. januar kl. 08:24    <\/p>\n<ul class=\"_list_o9xde_3 _list_64s2r_85 _unordered_o9xde_106 text-sans-m\">\n<li class=\"_item_o9xde_30\">Nick Reiner har blitt siktet for \u00e5 ha drept foreldrene Rob og Michele Reiner i desember 2025.<\/li>\n<li class=\"_item_o9xde_30\">Nick har tidligere v\u00e6rt under psykisk helsevergem\u00e5l og diagnostisert med schizofreni og schizoaffektiv lidelse.<\/li>\n<li class=\"_item_o9xde_30\">Han har en historie med rusproblemer og var \u00e5pen om dette i den selvbiografiske filmen \u00abBeing Charlie\u00bb.<\/li>\n<\/ul>\n<p>Vis mer <\/p>\n<p class=\"_paragraph_o9xde_4 _paragraph_xtcu6_10 layout-component text-serif-m layout-normal text-serif-m layout-padded\">Den 32 \u00e5r gamle s\u00f8nnen til den ber\u00f8mte filmskaperen Rob Reiner var plassert under et s\u00e5kalt LPS-vergem\u00e5lLPS-vergem\u00e5lLPS-vergem\u00e5l st\u00e5r for vergem\u00e5l etter Lov om psykisk helsevern (LPS), og inneb\u00e6rer at en person er satt under vergem\u00e5l p\u00e5 grunn av alvorlige psykiske lidelser og redusert evne til \u00e5 ivareta egne interesser. fra 2020 til 2021, if\u00f8lge <a href=\"https:\/\/www.nytimes.com\/\" class=\"_link_o9xde_39\" rel=\"nofollow noopener\" target=\"_blank\">The New York Times<\/a>.<\/p>\n<p class=\"_paragraph_o9xde_4 _paragraph_xtcu6_10 layout-component text-serif-m layout-normal text-serif-m layout-padded\">Nick Reiner er siktet for drapene p\u00e5 foreldrene sine, Rob (78) og Michele (70) Reiner, som ble funnet d\u00f8de i familiens hjem i <a href=\"https:\/\/www.vg.no\/tag\/los-angeles?utm_source=vg-article&amp;utm_medium=auto-tagger&amp;utm_campaign=Bxld8Q\" class=\"_link_o9xde_39\" rel=\"nofollow noopener\" target=\"_blank\">Los Angeles<\/a> den 14. desember 2025.<\/p>\n<p><img alt=\"Nicks s\u00f8sken Jake (34) og Romy (28) uttalte 17. desember at de hadde opplevd et \u00abforferdelig og \u00f8deleggende tap\u00bb.  Foto: Charles Sykes \/ AP \/ NTB\" class=\"_image_qp4xg_65 layout-component layout-normal\" data-fullscreen- data-track-element-type=\"Article image fullscreen\" data-track-name=\"ImageFullscreen\" decoding=\"async\" loading=\"lazy\" height=\"3313\" itemprop=\"image\"  src=\"https:\/\/www.europesays.com\/no\/wp-content\/uploads\/2026\/01\/2529fbce-8857-4efd-823d-6353f457a38f.png\"  style=\"object-position:0% 0%\" width=\"4970\"\/>Nicks s\u00f8sken Jake (34) og Romy (28) uttalte 17. desember at de hadde opplevd et \u00abforferdelig og \u00f8deleggende tap\u00bb.  Foto: Charles Sykes \/ AP \/ NTB<\/p>\n<p class=\"_paragraph_o9xde_4 _paragraph_xtcu6_10 layout-component text-serif-m layout-normal text-serif-m layout-padded\">Ekteparet ble funnet av datteren Romy Reiner (28) etter at en massasjeterapeut, som kom til en avtalt time i familiens hjem i Brentwood, ikke fikk svar og varslet henne. Da Romy ankom, fant hun foreldrene d\u00f8de.<\/p>\n<p class=\"_paragraph_o9xde_4 _paragraph_xtcu6_10 layout-component text-serif-m layout-normal text-serif-m layout-padded\">Foreldrene ble drept med kniv, og if\u00f8lge TMZ, som siterer rettsmedisinere i Los Angeles, s\u00e5 skal de ha blitt p\u00e5f\u00f8rt flere stikk.<\/p>\n<p class=\"_paragraph_o9xde_4 _paragraph_xtcu6_10 layout-component text-serif-m layout-normal text-serif-m layout-padded\">I California har \u00e9n enkelt domfellelse p\u00e5 denne siktelsen normalt en maksimalstraff p\u00e5 livstid i fengsel med mulighet for pr\u00f8vel\u00f8slatelse etter 25 \u00e5r.<\/p>\n<ul class=\"_gallery_1qa3s_23\" tabindex=\"0\">\n<li class=\"_item_1qa3s_37\" data-index=\"0\"><img decoding=\"async\" class=\"_image_foru8_23 _articleGallery_foru8_39\" data-fullscreen- width=\"8370\" height=\"5835\" itemprop=\"image\" loading=\"lazy\"  src=\"https:\/\/www.europesays.com\/no\/wp-content\/uploads\/2026\/01\/236e6f86-d7eb-4601-935a-606ff65d9b74.jpeg\"  style=\"object-position:50% 50%;aspect-ratio:var(--gallery-aspect-ratio, 16 \/ 9)\"\/>Foto: MARIO TAMA \/ AFP \/ NTB<\/li>\n<li class=\"_item_1qa3s_37\" data-index=\"1\"><img decoding=\"async\" class=\"_image_foru8_23 _articleGallery_foru8_39\" data-fullscreen- width=\"7779\" height=\"5189\" itemprop=\"image\" loading=\"lazy\"  src=\"https:\/\/www.europesays.com\/no\/wp-content\/uploads\/2026\/01\/c4091498-7b64-420d-b1e2-81bec43557c2.png\"  style=\"object-position:50% 50%;aspect-ratio:var(--gallery-aspect-ratio, 16 \/ 9)\"\/>Foto: CAROLINE BREHMAN \/ AFP \/ NTB<\/li>\n<li class=\"_item_1qa3s_37\" data-index=\"2\"><img decoding=\"async\" class=\"_image_foru8_23 _articleGallery_foru8_39\" data-fullscreen- width=\"4060\" height=\"2707\" itemprop=\"image\" loading=\"lazy\"  src=\"https:\/\/www.europesays.com\/no\/wp-content\/uploads\/2026\/01\/2cc9c941-93aa-47ea-8fe0-36cf9015b8c6.jpeg\"  style=\"object-position:50% 50%;aspect-ratio:var(--gallery-aspect-ratio, 16 \/ 9)\"\/>Foto: CAROLINE BREHMAN \/ AFP \/ NTB<\/li>\n<li class=\"_item_1qa3s_37\" data-index=\"3\"><img decoding=\"async\" class=\"_image_foru8_23 _articleGallery_foru8_39\" data-fullscreen- width=\"4911\" height=\"3274\" itemprop=\"image\" loading=\"lazy\"  src=\"https:\/\/www.europesays.com\/no\/wp-content\/uploads\/2026\/01\/9599c73e-0d11-4c8f-ac31-77353f32b782.jpeg\"  style=\"object-position:50% 50%;aspect-ratio:var(--gallery-aspect-ratio, 16 \/ 9)\"\/>Foto: Chris Pizzello \/ AP \/ NTB<\/li>\n<\/ul>\n<p>Foto: MARIO TAMA \/ AFP \/ NTB<\/p>\n<p class=\"_paragraph_o9xde_4 _paragraph_xtcu6_10 layout-component text-serif-m layout-normal text-serif-m layout-padded\">Steven Baer, som var utnevnt som verge for Nick, bekrefter overfor avisen at han hadde ansvaret for den unge mannen.<\/p>\n<p class=\"_paragraph_o9xde_4 _paragraph_xtcu6_10 layout-component text-serif-m layout-normal text-serif-m layout-padded\"><strong class=\"_strong_o9xde_25\">\u2013 Psykisk sykdom er en epidemi som er mye misforst\u00e5tt, og dette er en forferdelig tragedie, sier Baer til <a href=\"https:\/\/www.nytimes.com\/\" class=\"_link_o9xde_39\" rel=\"nofollow noopener\" target=\"_blank\">The New York Times<\/a>.<\/strong><\/p>\n<p><img alt=\"En person deltar i en lysvake til minne om skuespiller, regiss\u00f8r og aktivist Rob Reiner og hans kone, Michele Singer Reiner, utenfor Trump Tower p\u00e5 Fifth Avenue i New York City, USA, 18. desember 2025.  Foto: Eduardo Munoz \/ Reuters \/ NTB\" class=\"_image_qp4xg_65 layout-component layout-normal\" data-fullscreen- data-track-element-type=\"Article image fullscreen\" data-track-name=\"ImageFullscreen\" decoding=\"async\" loading=\"lazy\" height=\"4000\" itemprop=\"image\"  src=\"https:\/\/www.europesays.com\/no\/wp-content\/uploads\/2026\/01\/a58ae9a4-745f-43dd-8466-d97cc00e0087.png\"  style=\"object-position:0% 0%\" width=\"6000\"\/>En person deltar i en lysvake til minne om skuespiller, regiss\u00f8r og aktivist Rob Reiner og hans kone, Michele Singer Reiner, utenfor Trump Tower p\u00e5 Fifth Avenue i New York City, USA, 18. desember 2025.  Foto: Eduardo Munoz \/ Reuters \/ NTB<\/p>\n<p class=\"_paragraph_o9xde_4 _paragraph_xtcu6_10 layout-component text-serif-m layout-normal text-serif-m layout-padded\">Et LPS-vergem\u00e5l er en spesiell type vergem\u00e5l som vanligvis f\u00f8lger etter en ufrivillig psykiatrisk innleggelse, if\u00f8lge <a href=\"https:\/\/www.tmz.com\/2026\/01\/15\/nick-reiner-mental-health-conservatorship\/\" class=\"_link_o9xde_39\" rel=\"nofollow noopener\" target=\"_blank\">TMZ<\/a>. Dette er forskjellig fra vergem\u00e5let vergem\u00e5let Britney Spears var under det som i USA kalles en legal conservatorship (p\u00e5 norsk: vergem\u00e5l eller forvaltning), n\u00e6rmere bestemt en conservatorship of the person and the estate. Det betyr at noen andre hadde kontroll over b\u00e5de hennes personlige forhold og hennes \u00f8konomi.som artisten Britney Spears har v\u00e6rt under.<\/p>\n<p class=\"_paragraph_o9xde_4 _paragraph_xtcu6_10 layout-component text-serif-m layout-normal text-serif-m layout-padded\">Det er ikke kjent hvorfor Nick Reiners vergem\u00e5l ikke ble fornyet etter den f\u00f8rste ett\u00e5rsperioden.<\/p>\n<p><img alt=\"Blomster er lagt ned p\u00e5 regiss\u00f8r Rob Reiners stjerne p\u00e5 Hollywood Walk of Fame 15. desember 2025 i Los Angeles. Politiet i Los Angeles (LAPD) bekreftet at Rob Reiner og hans kone, Michele Singer Reiner, ble funnet d\u00f8de i sitt hjem i Brentwood.  Foto: MARIO TAMA \/ AFP \/ NTB\" class=\"_image_qp4xg_65 layout-component layout-normal\" data-fullscreen- data-track-element-type=\"Article image fullscreen\" data-track-name=\"ImageFullscreen\" decoding=\"async\" loading=\"lazy\" height=\"5078\" itemprop=\"image\"  src=\"https:\/\/www.europesays.com\/no\/wp-content\/uploads\/2026\/01\/c88ba06d-7ed1-448f-8234-408262e3a9fc.jpeg\"  style=\"object-position:0% 0%\" width=\"7551\"\/>Blomster er lagt ned p\u00e5 regiss\u00f8r Rob Reiners stjerne p\u00e5 Hollywood Walk of Fame 15. desember 2025 i Los Angeles. Politiet i Los Angeles (LAPD) bekreftet at Rob Reiner og hans kone, Michele Singer Reiner, ble funnet d\u00f8de i sitt hjem i Brentwood.  Foto: MARIO TAMA \/ AFP \/ NTB<\/p>\n<p class=\"_paragraph_o9xde_4 _paragraph_xtcu6_10 layout-component text-serif-m layout-normal text-serif-m layout-padded\">En kilde forteller <a href=\"https:\/\/www.nytimes.com\/\" class=\"_link_o9xde_39\" rel=\"nofollow noopener\" target=\"_blank\">The New York Times<\/a> at Nick har blitt diagnostisert med schizofreni og schizoaffektiv lidelse p\u00e5 forskjellige tidspunkt.<\/p>\n<p class=\"_paragraph_o9xde_4 _paragraph_xtcu6_10 layout-component text-serif-m layout-normal text-serif-m layout-padded\"><strong class=\"_strong_o9xde_25\">Kilden til avisen hevder at Nick tok medisiner for tilstanden, men byttet medisin p\u00e5 grunn av bivirkninger omtrent en m\u00e5ned f\u00f8r foreldrene ble drept.<\/strong><\/p>\n<p class=\"_paragraph_o9xde_4 _paragraph_xtcu6_10 layout-component text-serif-m layout-normal text-serif-m layout-padded\"><a href=\"https:\/\/www.tmz.com\/2026\/01\/15\/nick-reiner-mental-health-conservatorship\/\" class=\"_link_o9xde_39\" rel=\"nofollow noopener\" target=\"_blank\">TMZ<\/a> skriver at medisinene Nick tok i m\u00e5nedene f\u00f8r foreldrenes d\u00f8d var effektive, men f\u00f8rte til vekt\u00f8kning. Leger endret medisinene hans, noe som if\u00f8lge kilder gjorde oppf\u00f8rselen hans mer uforutsigbar.<\/p>\n<p class=\"_paragraph_o9xde_4 _paragraph_xtcu6_10 layout-component text-serif-m layout-normal layout-padded\"><strong class=\"_strong_o9xde_25\">Les ogs\u00e5:<\/strong> <a href=\"https:\/\/www.vg.no\/i\/oERqGR\" data-track-element-type=\"Link\" data-track-id=\"link:oERqGR\" class=\"_link_o9xde_39\" rel=\"nofollow noopener\" target=\"_blank\">Familiekrangel p\u00e5 juleselskap kvelden f\u00f8r drapet<\/a><\/p>\n<p> Advokat trakk seg<\/p>\n<p class=\"_paragraph_o9xde_4 _paragraph_xtcu6_10 layout-component text-serif-m layout-normal text-serif-m layout-padded\">Nick Reiner ble arrestert kvelden 14. desember og siktet for to tilfeller av f\u00f8rstegrads drap.<\/p>\n<p class=\"_paragraph_o9xde_4 _paragraph_xtcu6_10 layout-component text-serif-m layout-normal text-serif-m layout-padded\"><strong class=\"_strong_o9xde_25\">Han har ikke erkjent straffskyld.<\/strong><\/p>\n<p><img alt=\"M\u00f8tet fant sted ved Clara Shortridge Foltz Criminal Justice Center den 7. januar 2026 i Los Angeles, California. Jackson trakk seg som Reiners forsvarer, og Reiner vil n\u00e5 bli representert av den offentlige forsvarerens kontor i fylket.  Foto: APU GOMES \/ AFP \/ NTB\" class=\"_image_qp4xg_65 layout-component layout-normal\" data-fullscreen- data-track-element-type=\"Article image fullscreen\" data-track-name=\"ImageFullscreen\" decoding=\"async\" loading=\"lazy\" height=\"3413\" itemprop=\"image\"  src=\"https:\/\/www.europesays.com\/no\/wp-content\/uploads\/2026\/01\/db4721bd-187c-4f03-9f02-aaadd7f76715.jpeg\"  style=\"object-position:0% 0%\" width=\"5120\"\/>M\u00f8tet fant sted ved Clara Shortridge Foltz Criminal Justice Center den 7. januar 2026 i Los Angeles, California. Jackson trakk seg som Reiners forsvarer, og Reiner vil n\u00e5 bli representert av den offentlige forsvarerens kontor i fylket.  Foto: APU GOMES \/ AFP \/ NTB<\/p>\n<p class=\"_paragraph_o9xde_4 _paragraph_xtcu6_10 layout-component text-serif-m layout-normal text-serif-m layout-padded\">Forrige uke trakk hans advokat Alan Jackson seg fra saken. Jackson sa utenfor rettsbygningen at Nick ikke er skyldig i drapet p\u00e5 foreldrene sine.<\/p>\n<p class=\"_paragraph_o9xde_4 _paragraph_xtcu6_10 layout-component text-serif-m layout-normal text-serif-m layout-padded\">\u2013 I henhold til lovene i denne staten, i henhold til loven i California, er Nick Reiner ikke skyldig i drap, sa Jackson if\u00f8lge <a href=\"https:\/\/www.independent.co.uk\/news\/world\/americas\/crime\/rob-reiner-nick-mental-health-conservatorship-b2901663.html\" class=\"_link_o9xde_39\" rel=\"nofollow noopener\" target=\"_blank\">The Independent<\/a>.<\/p>\n<p><img alt=\"Alan Jackson uttalte seg etter \u00e5 ha trukket seg som Nick Reiners forsvarer ved det strafferettslige tinghuset i Los Angeles, California, USA, 7. januar 2026.   Foto: CHRIS TORRES \/ EPA \/ NTB\" class=\"_image_qp4xg_65 layout-component layout-normal\" data-fullscreen- data-track-element-type=\"Article image fullscreen\" data-track-name=\"ImageFullscreen\" decoding=\"async\" loading=\"lazy\" height=\"3887\" itemprop=\"image\"  src=\"https:\/\/www.europesays.com\/no\/wp-content\/uploads\/2026\/01\/ecfa6be5-57c6-4a25-a6d5-f4d78c8c9355.png\"  style=\"object-position:0% 0%\" width=\"5830\"\/>Alan Jackson uttalte seg etter \u00e5 ha trukket seg som Nick Reiners forsvarer ved det strafferettslige tinghuset i Los Angeles, California, USA, 7. januar 2026.   Foto: CHRIS TORRES \/ EPA \/ NTB<\/p>\n<p class=\"_paragraph_o9xde_4 _paragraph_xtcu6_10 layout-component text-serif-m layout-normal text-serif-m layout-padded\">Jackson forklarte at omstendigheter utenfor deres kontroll gjorde det umulig \u00e5 fortsette \u00e5 representere Nick, men sa han var juridisk og etisk forbudt fra \u00e5 forklare alle \u00e5rsakene.<\/p>\n<p class=\"_paragraph_o9xde_4 _paragraph_xtcu6_10 layout-component text-serif-m layout-normal text-serif-m layout-padded\">Nick skal n\u00e5 representeres av en offentlig forsvarer. Hans neste rettsm\u00f8te er satt til 23. februar, if\u00f8lge <a href=\"https:\/\/www.independent.co.uk\/news\/world\/americas\/crime\/rob-reiner-nick-mental-health-conservatorship-b2901663.html\" class=\"_link_o9xde_39\" rel=\"nofollow noopener\" target=\"_blank\">The Independent<\/a>.<\/p>\n<p><img alt=\"Illustrasjonen viser Nick Reiner i retten,  i Los Angeles, California, USA, 7. januar 2026.  Foto: Mona Edwards \/ Reuters \/ NTB\" class=\"_image_qp4xg_65 layout-component layout-normal\" data-fullscreen- data-track-element-type=\"Article image fullscreen\" data-track-name=\"ImageFullscreen\" decoding=\"async\" loading=\"lazy\" height=\"4176\" itemprop=\"image\"  src=\"https:\/\/www.europesays.com\/no\/wp-content\/uploads\/2026\/01\/e4961a09-1ae3-4370-ba60-5b6f850e7d3f.jpeg\"  style=\"object-position:0% 0%\" width=\"5202\"\/>Illustrasjonen viser Nick Reiner i retten,  i Los Angeles, California, USA, 7. januar 2026.  Foto: Mona Edwards \/ Reuters \/ NTB \u00c5pen om rusproblemer<\/p>\n<p class=\"_paragraph_o9xde_4 _paragraph_xtcu6_10 layout-component text-serif-m layout-normal text-serif-m layout-padded\">Nick Reiner har tidligere v\u00e6rt \u00e5pen om sine rusproblemer.<\/p>\n<p class=\"_paragraph_o9xde_4 _paragraph_xtcu6_10 layout-component text-serif-m layout-normal text-serif-m layout-padded\">For ti \u00e5r siden, da han promoterte den selvbiografiske filmen \u00abBeing Charlie\u00bb, fortalte han om narkotikamisbruk som startet i ten\u00e5rene. Filmen skrev han sammen med faren Rob, som ogs\u00e5 regisserte den.<\/p>\n<p class=\"_paragraph_o9xde_4 _paragraph_xtcu6_10 layout-component text-serif-m layout-normal text-serif-m layout-padded\">I et intervju med The Hollywood Reporter sa Rob Reiner blant annet at det var \u00abhjerteskj\u00e6rende\u00bb \u00e5 se s\u00f8nnen g\u00e5 gjennom avhengighet, men at han var stolt av Nicks \u00e6rlighet og mot i \u00e5 bruke egne erfaringer for \u00e5 hjelpe andre.<\/p>\n<p class=\"_paragraph_o9xde_4 _paragraph_xtcu6_10 layout-component text-serif-m layout-normal text-serif-m layout-padded\">Nick hadde v\u00e6rt inn og ut av behandling over 18 ganger innen han fylte 22 \u00e5r, if\u00f8lge <a href=\"https:\/\/people.com\/nick-reiner-under-mental-health-conservatorship-2020-report-11886412\" class=\"_link_o9xde_39\" rel=\"nofollow noopener\" target=\"_blank\">People<\/a>.<\/p>\n<p><img alt=\"Rob Reiner ankom sammen med sin kone Michele og s\u00f8nn Nick til den 41. \u00e5rlige Chaplin Award-gallaen i New York City, USA, 28. april 2014.  Foto: Lucas Jackson \/ Reuters \/ NTB\" class=\"_image_qp4xg_65 layout-component layout-normal\" data-fullscreen- data-track-element-type=\"Article image fullscreen\" data-track-name=\"ImageFullscreen\" decoding=\"async\" loading=\"lazy\" height=\"1467\" itemprop=\"image\"  src=\"https:\/\/www.europesays.com\/no\/wp-content\/uploads\/2026\/01\/ef8da65a-b8cb-4820-ae0e-27655b02a46a.png\"  style=\"object-position:0% 0%\" width=\"2200\"\/>Rob Reiner ankom sammen med sin kone Michele og s\u00f8nn Nick til den 41. \u00e5rlige Chaplin Award-gallaen i New York City, USA, 28. april 2014.  Foto: Lucas Jackson \/ Reuters \/ NTB<\/p>\n<p class=\"_paragraph_o9xde_4 _paragraph_xtcu6_10 layout-component text-serif-m layout-normal text-serif-m layout-padded\">\u2013 Jeg var hjeml\u00f8s i Maine. Jeg var hjeml\u00f8s i New Jersey. Jeg var hjeml\u00f8s i Texas, sa Nick p\u00e5 den tiden if\u00f8lge <a href=\"https:\/\/www.independent.co.uk\/news\/world\/americas\/crime\/rob-reiner-nick-mental-health-conservatorship-b2901663.html\" class=\"_link_o9xde_39\" rel=\"nofollow noopener\" target=\"_blank\">The Independent<\/a>.<\/p>\n<p class=\"_paragraph_o9xde_4 _paragraph_xtcu6_10 layout-component text-serif-m layout-normal text-serif-m layout-padded\"> \u2013 Jeg tilbrakte netter p\u00e5 gaten. Jeg tilbrakte uker p\u00e5 gaten. Det var ikke g\u00f8y.<\/p>\n<p class=\"_paragraph_o9xde_4 _paragraph_xtcu6_10 layout-component text-serif-m layout-normal text-serif-m layout-padded\">Etter at han ble edru, sa han til People i 2016:<\/p>\n<p class=\"_paragraph_o9xde_4 _paragraph_xtcu6_10 layout-component text-serif-m layout-normal text-serif-m layout-padded\">\u2013 Jeg har v\u00e6rt hjemme i veldig lang tid, og jeg har p\u00e5 en m\u00e5te blitt vant til \u00e5 v\u00e6re i L.A. og v\u00e6re rundt familien min.<\/p>\n","protected":false},"excerpt":{"rendered":"Fem \u00e5r f\u00f8r han ble siktet for \u00e5 ha drept foreldrene Rob og Michele Reiner, var Nick Reiner&hellip;\n","protected":false},"author":2,"featured_media":138941,"comment_status":"","ping_status":"","sticky":false,"template":"","format":"standard","meta":{"footnotes":""},"categories":[12],"tags":[20,21,2776,377,24,25,15,22,23,721,13,30,28,29,14,16,26,27,42,46,43,44,45],"class_list":{"0":"post-138940","1":"post","2":"type-post","3":"status-publish","4":"format-standard","5":"has-post-thumbnail","7":"category-verden","8":"tag-breaking-news","9":"tag-breakingnews","10":"tag-california","11":"tag-drap","12":"tag-featured-news","13":"tag-featurednews","14":"tag-headlines","15":"tag-latest-news","16":"tag-latestnews","17":"tag-los-angeles","18":"tag-news","19":"tag-no","20":"tag-norge","21":"tag-norway","22":"tag-nyheter","23":"tag-overskrifter","24":"tag-top-stories","25":"tag-topstories","26":"tag-verden","27":"tag-vgai","28":"tag-world","29":"tag-world-news","30":"tag-worldnews"},"share_on_mastodon":{"url":"https:\/\/pubeurope.com\/@no\/115903821734347053","error":""},"_links":{"self":[{"href":"https:\/\/www.europesays.com\/no\/wp-json\/wp\/v2\/posts\/138940","targetHints":{"allow":["GET"]}}],"collection":[{"href":"https:\/\/www.europesays.com\/no\/wp-json\/wp\/v2\/posts"}],"about":[{"href":"https:\/\/www.europesays.com\/no\/wp-json\/wp\/v2\/types\/post"}],"author":[{"embeddable":true,"href":"https:\/\/www.europesays.com\/no\/wp-json\/wp\/v2\/users\/2"}],"replies":[{"embeddable":true,"href":"https:\/\/www.europesays.com\/no\/wp-json\/wp\/v2\/comments?post=138940"}],"version-history":[{"count":0,"href":"https:\/\/www.europesays.com\/no\/wp-json\/wp\/v2\/posts\/138940\/revisions"}],"wp:featuredmedia":[{"embeddable":true,"href":"https:\/\/www.europesays.com\/no\/wp-json\/wp\/v2\/media\/138941"}],"wp:attachment":[{"href":"https:\/\/www.europesays.com\/no\/wp-json\/wp\/v2\/media?parent=138940"}],"wp:term":[{"taxonomy":"category","embeddable":true,"href":"https:\/\/www.europesays.com\/no\/wp-json\/wp\/v2\/categories?post=138940"},{"taxonomy":"post_tag","embeddable":true,"href":"https:\/\/www.europesays.com\/no\/wp-json\/wp\/v2\/tags?post=138940"}],"curies":[{"name":"wp","href":"https:\/\/api.w.org\/{rel}","templated":true}]}}