{"id":138942,"date":"2026-01-16T08:25:11","date_gmt":"2026-01-16T08:25:11","guid":{"rendered":"https:\/\/www.europesays.com\/no\/138942\/"},"modified":"2026-01-16T08:25:11","modified_gmt":"2026-01-16T08:25:11","slug":"trump-fikk-nobels-fredsprismedalje-fra-maria-corina-machado","status":"publish","type":"post","link":"https:\/\/www.europesays.com\/no\/138942\/","title":{"rendered":"Trump fikk Nobels fredsprismedalje fra Maria Corina Machado"},"content":{"rendered":"\n<ul class=\"_list_o9xde_3 _list_64s2r_85 _unordered_o9xde_106 text-sans-m\">\n<li class=\"_item_o9xde_30\">Maria Corina Machado ga Nobels fredsprismedalje til USAs president Donald Trump.<\/li>\n<li class=\"_item_o9xde_30\">Norske eksperter kritiserer gaven sterkt og mener det viser manglende respekt for Nobelkomiteen.<\/li>\n<li class=\"_item_o9xde_30\">Nobelkomiteen har understreket at prisen er personlig og ikke kan overf\u00f8res.<\/li>\n<\/ul>\n<p>Vis mer <\/p>\n<p class=\"_paragraph_o9xde_4 _paragraph_xtcu6_10 layout-component text-serif-m layout-normal text-serif-m layout-padded\">F\u00f8r jul tok Maria Corina Machado (58) imot Nobels fredspris i Oslo, etter en <a href=\"https:\/\/www.vg.no\/i\/2p1lWv\" data-track-element-type=\"Link\" data-track-id=\"link:2p1lWv\" class=\"_link_o9xde_39\" rel=\"nofollow noopener\" target=\"_blank\">risikabel og strabasi\u00f8s flukt<\/a> fra hjemlandet Venezuela der hun levde i skjul. <\/p>\n<p class=\"_paragraph_o9xde_4 _paragraph_xtcu6_10 layout-component text-serif-m layout-normal text-serif-m layout-padded\">Torsdag m\u00f8tte hun USAs president <a href=\"https:\/\/www.vg.no\/tag\/donald-trump-2?utm_source=vg-article&amp;utm_medium=auto-tagger&amp;utm_campaign=3p9QvL\" class=\"_link_o9xde_39\" rel=\"nofollow noopener\" target=\"_blank\">Donald Trump<\/a> (79) i Det hvite hus, der de hadde en lunsj sammen. Etter m\u00f8tet m\u00f8tte Machado presse og tilskuere, og bekreftet: <\/p>\n<p class=\"_paragraph_o9xde_4 _paragraph_xtcu6_10 layout-component text-serif-m layout-normal text-serif-m layout-padded\"><strong class=\"_strong_o9xde_25\">\u2013 Jeg ga Nobels fredsprismedalje til presidenten i USA. <\/strong><\/p>\n<p><img alt=\"Machado i folkehavet av presse og tilhengere i Washington D.C.  Foto: Thomas Nilsson \/ VG\" class=\"_image_qp4xg_65 layout-component layout-normal\" data-fullscreen- data-track-element-type=\"Article image fullscreen\" data-track-name=\"ImageFullscreen\" decoding=\"async\" loading=\"lazy\" height=\"2533\" itemprop=\"image\"  src=\"https:\/\/www.europesays.com\/no\/wp-content\/uploads\/2026\/01\/f8af317f-fca8-4dd4-a86d-8e0c71b16147.png\"  style=\"object-position:0% 0%\" width=\"3800\"\/>Machado i folkehavet av presse og tilhengere i Washington D.C.  Foto: Thomas Nilsson \/ VG<\/p>\n<p class=\"_paragraph_o9xde_4 _paragraph_xtcu6_10 layout-component text-serif-m layout-normal text-serif-m layout-padded\">Norske eksperter reagerer kraftig p\u00e5 Machados Trump-gave. <\/p>\n<p class=\"_paragraph_o9xde_4 _paragraph_xtcu6_10 layout-component text-serif-m layout-normal text-serif-m layout-padded\"><strong class=\"_strong_o9xde_25\">\u2013 Machado er naturligvis helt desperat \u00e5 f\u00e5 noe fra Trump, som handler om at hun vil spille en rolle i en tenkt demokratisering i Venezuela, sier nobelhistoriker Asle Sveen til VG. <\/strong><\/p>\n<ul class=\"_list_o9xde_3 _list_xtcu6_9 _unordered_o9xde_106 layout-component text-serif-m layout-normal text-serif-m layout-padded\">\n<li class=\"_item_o9xde_30\">Her forteller Machado at hun ga Trump medaljen. Se video her:<\/li>\n<\/ul>\n<p class=\"_paragraph_o9xde_4 _paragraph_xtcu6_10 layout-component text-serif-m layout-normal text-serif-m layout-padded\">Den venezuelanske opposisjonslederen gir Trump prisen til tross for at Nobelkomiteen har v\u00e6rt tydelige p\u00e5 at prisen er personlig for all evighet og\u00a0<a href=\"https:\/\/www.vg.no\/nyheter\/i\/K8ypWe\/trump-vil-ta-imot-nobels-fredspris-fra-venezuelansk-opposisjonsleder\" data-track-element-type=\"Link\" data-track-id=\"link:K8ypWe\" class=\"_link_o9xde_39\" rel=\"nofollow noopener\" target=\"_blank\">ikke mulig \u00e5 overf\u00f8re til andre<\/a>.<\/p>\n<p class=\"_paragraph_o9xde_4 _paragraph_xtcu6_10 layout-component text-serif-m layout-normal text-serif-m layout-padded\"><strong class=\"_strong_o9xde_25\">\u2013 Det er utrolig patetisk \u00e5 se den mannens barnslige glede over \u00e5 f\u00e5 noe han ikke har f\u00e5tt. Dette er ikke bra  for Nobelprisen, mener Sveen. <\/strong><\/p>\n<p class=\"_paragraph_o9xde_4 _paragraph_xtcu6_10 layout-component text-serif-m layout-normal text-serif-m layout-padded\">VG har fors\u00f8kt \u00e5 komme i kontakt med b\u00e5de Nobelkomiteen og Nobelinstituttet. Forel\u00f8pig uten hell.<\/p>\n<p><img alt=\"I oktober 2025 kunngjorde Nobelkomiteens leder J\u00f8rgen Watne Frydnes at fredsprisen gikk til Maria Corina Machado.   Foto: Rodrigo Freitas \/ NTB\" class=\"_image_qp4xg_65 layout-component layout-normal\" data-fullscreen- data-track-element-type=\"Article image fullscreen\" data-track-name=\"ImageFullscreen\" decoding=\"async\" loading=\"lazy\" height=\"5760\" itemprop=\"image\"  src=\"https:\/\/www.europesays.com\/no\/wp-content\/uploads\/2026\/01\/711b814a-0e5b-4d4a-af3d-4897ad71004c.jpeg\"  style=\"object-position:0% 0%\" width=\"7824\"\/>I oktober 2025 kunngjorde Nobelkomiteens leder J\u00f8rgen Watne Frydnes at fredsprisen gikk til Maria Corina Machado.   Foto: Rodrigo Freitas \/ NTB<\/p>\n<p class=\"_paragraph_o9xde_4 _paragraph_xtcu6_10 layout-component text-serif-m layout-normal text-serif-m layout-padded\">Machado dediserte fredsprisen til Trump da hun mottok den i fjor. Hun sa ogs\u00e5 nylig at hun ville gi fredsprismedaljen videre til Trump. <\/p>\n<p>\u2013 Manglende respekt for Nobelkomiteen<\/p>\n<p class=\"_paragraph_o9xde_4 _paragraph_xtcu6_10 layout-component text-serif-m layout-normal text-serif-m layout-padded\"><strong class=\"_strong_o9xde_25\">\u2013 Jeg f\u00f8ler jeg v\u00e5kner til en ny episode av \u00abSouth Park\u00bb\u00abSouth Park\u00bbEn amerikansk animert komiserie for voksne. Kjent for dr\u00f8y humor og sv\u00e6rt politisk ukorrekt humor, og har herjet med Donald Trump en rekke ganger.  hver dag, sier statsviter og Latin-Amerika-ekspert Benedicte Bull til VG, fredag morgen. <\/strong><\/p>\n<p class=\"_paragraph_o9xde_4 _paragraph_xtcu6_10 layout-component text-serif-m layout-normal text-serif-m layout-padded\">Hun sier at hun synes overrekkelsen f\u00f8rst og fremst er trist overfor alle venezuelanerne som feiret fredsprisen som en anerkjennelse av deres kamp for et fritt demokrati. <\/p>\n<ul class=\"_list_o9xde_3 _list_xtcu6_9 _unordered_o9xde_106 layout-component text-serif-m layout-normal text-serif-m layout-padded\">\n<li class=\"_item_o9xde_30\"><strong class=\"_strong_o9xde_25\">Les ogs\u00e5: <a href=\"https:\/\/www.vg.no\/nyheter\/i\/8pmalA\/her-fraktes-maduro-til-retten\" data-track-element-type=\"Link\" data-track-id=\"link:8pmalA\" class=\"_link_o9xde_39\" rel=\"nofollow noopener\" target=\"_blank\">Machado takket Trump etter bortf\u00f8ringen av Nicol\u00e1s Maduro<\/a>.<\/strong><\/li>\n<\/ul>\n<p><img decoding=\"async\" alt=\"Bilde av Benedicte Bull\" class=\"_image_ygndg_42\" height=\"53\" itemprop=\"image\" loading=\"lazy\"  src=\"https:\/\/www.europesays.com\/no\/wp-content\/uploads\/2026\/01\/a246427a-e0da-4ceb-9cac-8735d1988abc.jpeg\"  width=\"40\"\/><strong class=\"_name_ygndg_51 title-serif-xs\">Benedicte Bull<\/strong><\/p>\n<p class=\"_paragraph_o9xde_4 text-sans-m _description_ygndg_56\">Latin-Amerika-ekspert og statsviter<\/p>\n<p class=\"_paragraph_o9xde_4 _paragraph_xtcu6_10 layout-component text-serif-m layout-normal text-serif-m layout-padded\">\u2013 De ser p\u00e5 Trump som en trussel mot demokratiet, men hadde h\u00e5pet at han ville presse p\u00e5 for en regimeendring, sier Bull.<\/p>\n<p class=\"_paragraph_o9xde_4 _paragraph_xtcu6_10 layout-component text-serif-m layout-normal text-serif-m layout-padded\">Hun mener <a href=\"https:\/\/www.vg.no\/nyheter\/i\/8pmARQ\/eksplosjoner-i-venezuela\" data-track-element-type=\"Link\" data-track-id=\"link:8pmARQ\" class=\"_link_o9xde_39\" rel=\"nofollow noopener\" target=\"_blank\">USAs angrep<\/a> f\u00f8rte til det motsatte. N\u00e5 samarbeider Trump med det sittende regimet. <\/p>\n<p class=\"_paragraph_o9xde_4 _paragraph_xtcu6_10 layout-component text-serif-m layout-normal text-serif-m layout-padded\">\u2013 S\u00e5 at hun gir prisen til Trump viser en manglende respekt for Nobelkomiteen og er et svik mot venezuelanerne.<\/p>\n<p class=\"_paragraph_o9xde_4 _paragraph_xtcu6_10 layout-component text-serif-m layout-normal text-serif-m layout-padded\">Noen vil tenke at man m\u00e5 gj\u00f8re hva som helst for at USA skal gi henne en lederrolle, sier Bull, men gjentar at hun mener at \u00e5 gi medaljen til Trump viser en manglende respekt for prisen. <\/p>\n<p class=\"_paragraph_o9xde_4 _paragraph_xtcu6_10 layout-component text-serif-m layout-normal text-serif-m layout-padded\"><strong class=\"_strong_o9xde_25\">\u2013 Det er som \u00e5 gi en tullemedalje til en 5-\u00e5ring. Ogs\u00e5 Trump kommer d\u00e5rlig ut av dette, det er helt patetisk. <\/strong><\/p>\n<p><img alt=\"Foto: Alex Brandon \/ AP \/ NTB\" class=\"_image_qp4xg_65 layout-component layout-normal\" data-fullscreen- data-track-element-type=\"Article image fullscreen\" data-track-name=\"ImageFullscreen\" decoding=\"async\" loading=\"lazy\" height=\"1057\" itemprop=\"image\"  src=\"https:\/\/www.europesays.com\/no\/wp-content\/uploads\/2026\/01\/3e6909d4-9dc5-44e0-a8c2-3d2c6ee476d3.jpeg\"  style=\"object-position:0% 0%\" width=\"1409\"\/>Foto: Alex Brandon \/ AP \/ NTB<\/p>\n<p class=\"_paragraph_o9xde_4 _paragraph_xtcu6_10 layout-component text-serif-m layout-normal text-serif-m layout-padded\"> Samtidig retter Bull kritikk mot Nobelkomiteens valg av fredsprismottager: <\/p>\n<p class=\"_paragraph_o9xde_4 _paragraph_xtcu6_10 layout-component text-serif-m layout-normal text-serif-m layout-padded\">\u2013 Nobelkomiteen bestemte seg for prisen etter at Trump hadde begynt \u00e5 bombe b\u00e5ter i Karibia. Machado hadde da sagt at hun var enig i dette. \u00c5 legge en pris oppi det spillet som har utspilt seg, som overhodet ikke tar innover seg internasjonal rett, er en risiko. <\/p>\n<p class=\"_paragraph_o9xde_4 _paragraph_xtcu6_10 layout-component text-serif-m layout-normal text-serif-m layout-padded\"><strong class=\"_strong_o9xde_25\">Les ogs\u00e5: <a href=\"https:\/\/www.vg.no\/nyheter\/i\/y53QvR\/vg-i-colombia-her-mobiliserer-haeren-mot-trump\" data-track-element-type=\"Link\" data-track-id=\"link:y53QvR\" class=\"_link_o9xde_39\" rel=\"nofollow noopener\" target=\"_blank\">VG fikk bli med soldatene i Colombia p\u00e5 patrulje<\/a>.<\/strong><\/p>\n<p>Flere Nobel-kriser<\/p>\n<p class=\"_paragraph_o9xde_4 _paragraph_xtcu6_10 layout-component text-serif-m layout-normal text-serif-m layout-padded\">Selv om Sveen stiller seg kritisk til at Machado gir medaljen til Trump, forteller han at det slettes ikke er nytt av det oppst\u00e5r br\u00e5k og bruduljer rundt fredsprisen og andre nobelpriser. <\/p>\n<p class=\"_paragraph_o9xde_4 _paragraph_xtcu6_10 layout-component text-serif-m layout-normal text-serif-m layout-padded\">\u2013 Jeg tenker s\u00e6rlig p\u00e5 br\u00e5ket rundt 1973, hvor Henry Kissinger ville levere tilbake medaljen. Men det g\u00e5r ikke. Det er umulig n\u00e5r prisen er gitt \u2013 da er den gitt til den personen eller den organisasjonen, sier han. <\/p>\n<p><img alt=\"Muratovs fredsprismedalje ble solgt p\u00e5 auksjon for en svimlende sum i 2021.   Foto: JASON SZENES \/ EPA \/ NTB\" class=\"_image_qp4xg_65 layout-component layout-normal\" data-fullscreen- data-track-element-type=\"Article image fullscreen\" data-track-name=\"ImageFullscreen\" decoding=\"async\" loading=\"lazy\" height=\"2359\" itemprop=\"image\"  src=\"https:\/\/www.europesays.com\/no\/wp-content\/uploads\/2026\/01\/33b2f7df-084e-4a8e-899a-7963d9dde5b6.jpeg\"  style=\"object-position:0% 0%\" width=\"3000\"\/>Muratovs fredsprismedalje ble solgt p\u00e5 auksjon for en svimlende sum i 2021.   Foto: JASON SZENES \/ EPA \/ NTB<\/p>\n<p class=\"_paragraph_o9xde_4 _paragraph_xtcu6_10 layout-component text-serif-m layout-normal text-serif-m layout-padded\">Av andre spesielle hendelser nevner han 2021-prisen, der den russiske journalisten Dmitrij Muratov solgte medaljen p\u00e5 auksjon for over 1 milliard kroner, og ga pengene til ukrainske flyktninger. <\/p>\n<p class=\"_paragraph_o9xde_4 _paragraph_xtcu6_10 layout-component text-serif-m layout-normal text-serif-m layout-padded\">Det mest oppsiktsvekkende skjedde likevel her i Norge, mener han: <\/p>\n<p class=\"_paragraph_o9xde_4 _paragraph_xtcu6_10 layout-component text-serif-m layout-normal text-serif-m layout-padded\">\u2013 Det var da Knut Hamsun sendte sin litteraturprismedalje til Hitlers propagandaminister Joseph Goebbels. Det er nok den mest ber\u00f8mte overrekkelsen av en nobelpris, sier han. <\/p>\n<p>Dette st\u00e5r p\u00e5 diplomet Machado ga Trump:<\/p>\n<p class=\"_paragraph_o9xde_4 _paragraph_xtcu6_10 _paragraph_16v91_10 layout-component text-serif-m layout-normal text-sans-m layout-padded\"><strong class=\"_strong_o9xde_25\">P\u00e5 diplomet, som er innrammet av en forgylt ramme, st\u00e5r det:<\/strong><\/p>\n<p class=\"_paragraph_o9xde_4 _paragraph_xtcu6_10 _paragraph_16v91_10 layout-component text-serif-m layout-normal text-sans-m layout-padded\">\u00abTil president Donald J. Trump. <\/p>\n<p class=\"_paragraph_o9xde_4 _paragraph_xtcu6_10 _paragraph_16v91_10 layout-component text-serif-m layout-normal text-sans-m layout-padded\">I takknemlighet for deres ekstraordin\u00e6re lederskap i \u00e5 fremme fred gjennom styrke, videreutvikle diplomati og forsvare frihet og velstand. <\/p>\n<p class=\"_paragraph_o9xde_4 _paragraph_xtcu6_10 _paragraph_16v91_10 layout-component text-serif-m layout-normal text-sans-m layout-padded\">Nobels fredsprismedalje 2025 tildelt Mar\u00eda Corina Machado. <\/p>\n<p class=\"_paragraph_o9xde_4 _paragraph_xtcu6_10 _paragraph_16v91_10 layout-component text-serif-m layout-normal text-sans-m layout-padded\">Overrakt som et personlig symbol p\u00e5 takknemlighet p\u00e5 vegne av folket i Venezuela til anerkjennelse av president Trumps prinsipielle og besluttsomme handlinger for \u00e5 sikre et fritt Venezuela. USAs mot, og dets president Donald J. Trump, vil aldri bli glemt av det venezuelanske folk.\u00bb<\/p>\n<p class=\"_paragraph_o9xde_4 _paragraph_xtcu6_10 _paragraph_16v91_10 layout-component text-serif-m layout-normal text-sans-m layout-padded\">I midten kan man se fredsprismedaljen som er st\u00f8pt i 18 karat gull og veier 196 gram.<\/p>\n<p>Vis mer<\/p>\n<p class=\"_paragraph_o9xde_4 _paragraph_xtcu6_10 layout-component text-serif-m layout-normal text-serif-m layout-padded\">\u2013 Det er klart det blir br\u00e5k av det her, sier Sveen om Machados beslutning. <\/p>\n<p class=\"_paragraph_o9xde_4 _paragraph_xtcu6_10 layout-component text-serif-m layout-normal text-serif-m layout-padded\">Samtidig er han enig med Bull om at fredsprisen er en politisk pris. <\/p>\n<p class=\"_paragraph_o9xde_4 _paragraph_xtcu6_10 layout-component text-serif-m layout-normal text-serif-m layout-padded\"><strong class=\"_strong_o9xde_25\">\u2013 Gir du noen en fredspris, s\u00e5 har den en politisk virkning. Den har alltid hatt det, sier han. <\/strong><\/p>\n<p><img decoding=\"async\" alt=\"Bilde av Asle Sveen\" class=\"_image_ygndg_42\" height=\"27\" itemprop=\"image\" loading=\"lazy\"  src=\"https:\/\/www.europesays.com\/no\/wp-content\/uploads\/2026\/01\/7d33da60-8df8-4ec7-8965-af9ccb8cef44.jpeg\"  width=\"40\"\/><strong class=\"_name_ygndg_51 title-serif-xs\">Asle Sveen<\/strong><\/p>\n<p class=\"_paragraph_o9xde_4 text-sans-m _description_ygndg_56\">Nobel-historiker.<\/p>\n<p class=\"_paragraph_o9xde_4 _paragraph_xtcu6_10 layout-component text-serif-m layout-normal text-serif-m layout-padded\">Skulle han likevel gi Trump honn\u00f8r for noe, er det dette: <\/p>\n<p class=\"_paragraph_o9xde_4 _paragraph_xtcu6_10 layout-component text-serif-m layout-normal text-serif-m layout-padded\">\u2013 Han har i hvert fall \u00f8kt interessen for Nobels fredspris helt fantastisk! <\/p>\n<p class=\"_paragraph_o9xde_4 _paragraph_xtcu6_10 layout-component text-serif-m layout-normal text-serif-m layout-padded\">Tiden frem mot annonseringen av ny fredsprisvinner i oktober tror han vil bli preget av mye press og mas. <\/p>\n<p class=\"_paragraph_o9xde_4 _paragraph_xtcu6_10 layout-component text-serif-m layout-normal text-serif-m layout-padded\">\u2013 Han vil ikke gi seg, og vil kanskje f\u00e5 den p\u00e5 ekte. <a href=\"https:\/\/www.vg.no\/nyheter\/i\/vrA8jw\/trump-vil-erobre-groenland-natos-eksistens-settes-paa-spill\" data-track-element-type=\"Link\" data-track-id=\"link:vrA8jw\" class=\"_link_o9xde_39\" rel=\"nofollow noopener\" target=\"_blank\">Hvis han ikke f\u00e5r Gr\u00f8nland da<\/a>, som jeg h\u00e5per at han ikke f\u00e5r, sier Bull, og avslutter: <\/p>\n<p class=\"_paragraph_o9xde_4 _paragraph_xtcu6_10 layout-component text-serif-m layout-normal text-serif-m layout-padded\"><strong class=\"_strong_o9xde_25\">\u2013 Vi lever i en absurd verden!<\/strong><\/p>\n<ul class=\"_list_o9xde_3 _list_xtcu6_9 _unordered_o9xde_106 layout-component text-serif-m layout-normal text-serif-m layout-padded\">\n<li class=\"_item_o9xde_30\">Her m\u00f8ter Machado pressen etter m\u00f8tet. Se video. <\/li>\n<\/ul>\n<p>       <img decoding=\"async\" alt=\"Tips oss illustrasjon\" src=\"https:\/\/www.europesays.com\/no\/wp-content\/uploads\/2025\/10\/pssst-small.webp.webp\"\/>    <\/p>\n<p class=\"title-serif-s\">Har du tips?<\/p>\n<p class=\"text-sans-m\">Send oss informasjon, bilder eller video.<\/p>\n<p>  <a href=\"https:\/\/www.vg.no\/tips-oss\" rel=\"nofollow noopener\" target=\"_blank\"> Tips oss <\/a>      <\/p>\n","protected":false},"excerpt":{"rendered":"Maria Corina Machado ga Nobels fredsprismedalje til USAs president Donald Trump. Norske eksperter kritiserer gaven sterkt og mener&hellip;\n","protected":false},"author":2,"featured_media":138943,"comment_status":"","ping_status":"","sticky":false,"template":"","format":"standard","meta":{"footnotes":""},"categories":[10],"tags":[20,21,73,55,24,25,15,22,23,8707,13,30,1125,28,29,14,16,26,27,95],"class_list":{"0":"post-138942","1":"post","2":"type-post","3":"status-publish","4":"format-standard","5":"has-post-thumbnail","7":"category-norge","8":"tag-breaking-news","9":"tag-breakingnews","10":"tag-det-hvite-hus","11":"tag-donald-trump","12":"tag-featured-news","13":"tag-featurednews","14":"tag-headlines","15":"tag-latest-news","16":"tag-latestnews","17":"tag-maria-corina-machado","18":"tag-news","19":"tag-no","20":"tag-nobels-fredspris","21":"tag-norge","22":"tag-norway","23":"tag-nyheter","24":"tag-overskrifter","25":"tag-top-stories","26":"tag-topstories","27":"tag-venezuela"},"share_on_mastodon":{"url":"https:\/\/pubeurope.com\/@no\/115903825381934579","error":""},"_links":{"self":[{"href":"https:\/\/www.europesays.com\/no\/wp-json\/wp\/v2\/posts\/138942","targetHints":{"allow":["GET"]}}],"collection":[{"href":"https:\/\/www.europesays.com\/no\/wp-json\/wp\/v2\/posts"}],"about":[{"href":"https:\/\/www.europesays.com\/no\/wp-json\/wp\/v2\/types\/post"}],"author":[{"embeddable":true,"href":"https:\/\/www.europesays.com\/no\/wp-json\/wp\/v2\/users\/2"}],"replies":[{"embeddable":true,"href":"https:\/\/www.europesays.com\/no\/wp-json\/wp\/v2\/comments?post=138942"}],"version-history":[{"count":0,"href":"https:\/\/www.europesays.com\/no\/wp-json\/wp\/v2\/posts\/138942\/revisions"}],"wp:featuredmedia":[{"embeddable":true,"href":"https:\/\/www.europesays.com\/no\/wp-json\/wp\/v2\/media\/138943"}],"wp:attachment":[{"href":"https:\/\/www.europesays.com\/no\/wp-json\/wp\/v2\/media?parent=138942"}],"wp:term":[{"taxonomy":"category","embeddable":true,"href":"https:\/\/www.europesays.com\/no\/wp-json\/wp\/v2\/categories?post=138942"},{"taxonomy":"post_tag","embeddable":true,"href":"https:\/\/www.europesays.com\/no\/wp-json\/wp\/v2\/tags?post=138942"}],"curies":[{"name":"wp","href":"https:\/\/api.w.org\/{rel}","templated":true}]}}