{"id":138954,"date":"2026-01-16T08:46:09","date_gmt":"2026-01-16T08:46:09","guid":{"rendered":"https:\/\/www.europesays.com\/no\/138954\/"},"modified":"2026-01-16T08:46:09","modified_gmt":"2026-01-16T08:46:09","slug":"maria-corina-machado-nobels-fredspris-3","status":"publish","type":"post","link":"https:\/\/www.europesays.com\/no\/138954\/","title":{"rendered":"Maria Corina Machado, Nobels fredspris"},"content":{"rendered":"\n<p>\u2013 Dette er ufattelig pinlig og skadelig for en av verdens mest anerkjente og viktige priser, skrev generalsekret\u00e6r Raymond Johansen i Norsk Folkehjelp p\u00e5 Facebook, skriver NTB.<\/p>\n<p>\u2013 Tildelingen av prisen er n\u00e5 s\u00e5 politisert og potensielt farlig at den lett kan legitimere en anti fredspris utvikling. Ikke til \u00e5 tro at hun faktisk har gitt prisen til Trump. Hva i all verden skal Nobelkomiteen si? To be continued! skriver Johansen i et innlegg som f\u00f8rst ble slettet, men som n\u00e5 igjen er tilgjengelig p\u00e5 <a href=\"https:\/\/www.facebook.com\/raymond.johansen.ap\/posts\/pfbid0rpXWX26yBSVtbXS8rckarqKBR5f12BQUpFjKLz2CDXTVDR63bcXcsxQ7zNcHvqMul\" rel=\"Follow nofollow noopener\" target=\"_blank\">Facebook<\/a>.<\/p>\n<p>   <img decoding=\"async\" width=\"6000\" height=\"4000\" fetchpriority=\"low\"  loading=\"lazy\"  src=\"https:\/\/www.europesays.com\/no\/wp-content\/uploads\/2026\/01\/cueres_scp-mangler_navn_81Ieg54cyAA.jpg\" alt=\"Oslo 20241120. &#10;Raymond Johansen presenterer hovedfunnene i rapporten fra Arbeidsgruppen VAR, og som blir overlevert til fotballpresident Lise Klaveness.&#10;Foto: Thomas Fure \/ NTB\" class=\"brick-c-cFOWSL\" style=\"--brick-image-ratio: 6000 \/ 4000;\"\/><\/p>\n<p>      IKKE IMPONERT: Raymond Johansen er ikke imponert over Donald Trumps mottakelse av Nobels fredspris.<br \/>\n      Foto: Thomas Fure (NTB)\n    <\/p>\n<p>\u00abHelt uh\u00f8rt\u00bb og viser en \u00abtotal mangel p\u00e5 respekt for prisen\u00bb, sier professor Janne Haaland Matlary til <a href=\"https:\/\/www.nrk.no\/urix\/ga-fra-seg-fredsprismedaljen_-_-uhort-1.17729920\" rel=\"noopener nofollow\" target=\"_blank\">NRK<\/a>.<\/p>\n<p><b>Skamfullt eller fortjent? Nobelpris-medaljen til Donald Trump er dagens snakkis. <a rel=\"Follow nofollow noopener\" href=\"https:\/\/www.nettavisen.no\/api\/amediacomments\/frontend\/nacomment\/comments-frontend\/comments\/?v=1.0#\/comment\/?url=%2F%2Fwww.nettavisen.no%2F5-95-2827944&amp;scope=www.nettavisen.no&amp;publication=www.nettavisen.no\" target=\"_blank\">Si din mening i dette \u00e5pne kommentarfeltet.<\/a><\/b><\/p>\n<p>    Vil du se neste video?<\/p>\n<p>    <a href=\"https:\/\/www.nettavisen.no\/nyheter\/john-healey-sjokkerer-vil-kidnappe-putin\/v\/5-95-2819899\" class=\"recommend-poster\" data-adp-clicklabel=\"video-recommend\" data-adp-clickvalue=\"poster\" rel=\"nofollow noopener\" target=\"_blank\"><br \/>\n      <img decoding=\"async\" width=\"200\" height=\"200\" loading=\"lazy\" src=\"https:\/\/www.europesays.com\/no\/wp-content\/uploads\/2026\/01\/John+Healey+front.jpg\" alt=\"\" class=\"brick-c-cFOWSL\" style=\"--brick-image-ratio: 200 \/ 200;\"\/><\/p>\n<p>Sjokkerer: Vil kidnappe Putin0:43<\/p>\n<p>    <\/a><\/p>\n<p>        Maria Corina Machados kom med den oppsiktsvekkende annonseringen utenfor Kongressen torsdag.<br \/>\n        Flere reaksjoner<\/p>\n<p>\u2013 Og det er en meningsl\u00f8s handling, fordi man kan ikke gi bort en pris. Det er selve prisen, \u00e6ren ved \u00e5 f\u00e5 den. S\u00e5 dette er veldig patetisk, m\u00e5 jeg si, sier hun.<\/p>\n<p><b>Les ogs\u00e5: <a class=\"simple-relation related-teaser article--c-eRUmMG article--c-eRUmMG-fZoQSp-design-nettavisen article--c-eRUmMG-gwthdJ-cv\" href=\"https:\/\/www.nettavisen.no\/vedum-om-trump-en-klassisk-jalebukk\/s\/5-95-2828252\" rel=\"nofollow noopener\" target=\"_blank\">Vedum om Trump: \u2013 En klassisk j\u00e5lebukk<\/a><\/b><\/p>\n<p>Overrekkelsen er et fors\u00f8k p\u00e5 \u00e5 skaffe seg st\u00f8tte fra Trump, mener professor Leiv Marsteintredet ved Universitetet i Bergen.<\/p>\n<p>\u2013 Det er \u00e5penbart for \u00e5 komme p\u00e5 Trumps godside og pr\u00f8ve \u00e5 overtale ham til \u00e5 i st\u00f8rre grad st\u00f8tte opposisjonens krav om demokratiske reformer og frigivelse av politiske fanger, sier Marsteintredet til NRK.<\/p>\n<p>Flere fredspriser<\/p>\n<p>Vinner av Nobels fredspris, Maria Corina Machado, ga bort medaljen under sitt bes\u00f8k i Det hvite hus torsdag.<\/p>\n<p><b>Les egen sak: <a class=\"simple-relation related-teaser article--c-eRUmMG article--c-eRUmMG-fZoQSp-design-nettavisen article--c-eRUmMG-gwthdJ-cv\" href=\"https:\/\/www.nettavisen.no\/donald-trump-takker-machado-for-fredspris-gest\/s\/5-95-2827944\" rel=\"nofollow noopener\" target=\"_blank\">Donald Trump takker Machado for fredspris-gest<\/a><\/b><\/p>\n<p>Den politiske gevinsten for Machado er enn\u00e5 uvisst. Donald Trump sa etter m\u00f8tet torsdag at Machado er \u00aben veldig hyggelig kvinne\u00bb men at hun \u00abikke har st\u00f8tten eller respekten i landet\u00bb til \u00e5 ta makten.<\/p>\n<p>Etter at president Nicol\u00e1s Maduro ble kidnappet av USA tidligere denne m\u00e5neden, har USA latt visepresident visepresident Delcy Rodr\u00edguez fortsette ved makten. Trump har dermed ikke fjernet det undertrykkende regimet i Venezuela.<\/p>\n<p>Trump har tidligere <a rel=\"Follow nofollow noopener\" href=\"https:\/\/www.nettavisen.no\/sport\/donald-trump-fikk-fifas-fredspris\/s\/5-95-2765567\" target=\"_blank\">mottatt Fifas fredspris<\/a> og<a rel=\"Follow nofollow noopener\" href=\"https:\/\/www.nixonfoundation.org\/e\/architect-of-peace-award\/\" target=\"_blank\"> Nixon-prisen<\/a>, eller \u00abThe Richard Nixon Foundation\u2019s Architect of Peace award\u00bb. I tillegg til Trump, har blant andre Henry Kissinger og Donald Rumsfeld f\u00e5tt Nixon-prisen.<\/p>\n<p>\u2013 Ikke overrasket<\/p>\n<p>USA-ekspert Eirik L\u00f8kke sa torsdag kveld at gesten fra Machado ikke var overraskende.<\/p>\n<p>\u2013 Ikke uventet. Det l\u00e5 litt i kortene. Trump hadde sagt at han gjerne tok imot denne fredsprisen for Machado. Hun f\u00f8lte vel hun m\u00e5tte f\u00f8lge opp da, sier L\u00f8kke til <a href=\"https:\/\/www.vg.no\/nyheter\/i\/d4lPnJ\/reagerer-paa-trump-fikk-fredpris-medaljen\" rel=\"nofollow noopener\" target=\"_blank\">VG.<\/a><\/p>\n<p>\u2013 Det er n\u00e6rmest surrealistisk, sa statsviter Benedicte Bull, en av Norges fremste eksperter p\u00e5 Latin-Amerika, til <a href=\"https:\/\/www.tv2.no\/nyheter\/ekspert-mallos-det-er-helt-surrealistisk\/18468224\/\" rel=\"nofollow noopener\" target=\"_blank\">TV 2.<\/a><\/p>\n<p><b>Les egen sak: <a class=\"simple-relation related-teaser article--c-eRUmMG article--c-eRUmMG-fZoQSp-design-nettavisen article--c-eRUmMG-gwthdJ-cv\" href=\"https:\/\/www.nettavisen.no\/eksperter-reagerer-pa-at-trump-fikk-fredspris-medaljen-surrealistisk\/s\/5-95-2827888\" rel=\"nofollow noopener\" target=\"_blank\">Eksperter reagerer p\u00e5 at Trump fikk fredspris-medaljen: \u2013 Surrealistisk<\/a><\/b><\/p>\n<p>\u2013 Det p\u00e5virker prestisjen til denne prisen n\u00e5r hun liksom bytter bort medaljen for politisk innflytelse. Jeg klarer ikke \u00e5 se det p\u00e5 en annen m\u00e5te, sa hun.<\/p>\n<p>Nobelinstituttet uttaler at n\u00e5r en nobelpris er kunngjort, kan den ikke tilbakekalles, deles eller overf\u00f8res til andre. Avgj\u00f8relsen er endelig og st\u00e5r ved lag for all tid.<\/p>\n","protected":false},"excerpt":{"rendered":"\u2013 Dette er ufattelig pinlig og skadelig for en av verdens mest anerkjente og viktige priser, skrev generalsekret\u00e6r&hellip;\n","protected":false},"author":2,"featured_media":138955,"comment_status":"","ping_status":"","sticky":false,"template":"","format":"standard","meta":{"footnotes":""},"categories":[10],"tags":[20,21,24,25,15,22,23,13,30,28,29,14,16,26,27],"class_list":{"0":"post-138954","1":"post","2":"type-post","3":"status-publish","4":"format-standard","5":"has-post-thumbnail","7":"category-norge","8":"tag-breaking-news","9":"tag-breakingnews","10":"tag-featured-news","11":"tag-featurednews","12":"tag-headlines","13":"tag-latest-news","14":"tag-latestnews","15":"tag-news","16":"tag-no","17":"tag-norge","18":"tag-norway","19":"tag-nyheter","20":"tag-overskrifter","21":"tag-top-stories","22":"tag-topstories"},"share_on_mastodon":{"url":"https:\/\/pubeurope.com\/@no\/115903907939849364","error":""},"_links":{"self":[{"href":"https:\/\/www.europesays.com\/no\/wp-json\/wp\/v2\/posts\/138954","targetHints":{"allow":["GET"]}}],"collection":[{"href":"https:\/\/www.europesays.com\/no\/wp-json\/wp\/v2\/posts"}],"about":[{"href":"https:\/\/www.europesays.com\/no\/wp-json\/wp\/v2\/types\/post"}],"author":[{"embeddable":true,"href":"https:\/\/www.europesays.com\/no\/wp-json\/wp\/v2\/users\/2"}],"replies":[{"embeddable":true,"href":"https:\/\/www.europesays.com\/no\/wp-json\/wp\/v2\/comments?post=138954"}],"version-history":[{"count":0,"href":"https:\/\/www.europesays.com\/no\/wp-json\/wp\/v2\/posts\/138954\/revisions"}],"wp:featuredmedia":[{"embeddable":true,"href":"https:\/\/www.europesays.com\/no\/wp-json\/wp\/v2\/media\/138955"}],"wp:attachment":[{"href":"https:\/\/www.europesays.com\/no\/wp-json\/wp\/v2\/media?parent=138954"}],"wp:term":[{"taxonomy":"category","embeddable":true,"href":"https:\/\/www.europesays.com\/no\/wp-json\/wp\/v2\/categories?post=138954"},{"taxonomy":"post_tag","embeddable":true,"href":"https:\/\/www.europesays.com\/no\/wp-json\/wp\/v2\/tags?post=138954"}],"curies":[{"name":"wp","href":"https:\/\/api.w.org\/{rel}","templated":true}]}}